{"id":171276,"date":"2018-02-14T12:30:18","date_gmt":"2018-02-14T12:30:18","guid":{"rendered":"http:\/\/diariodominicano.ddns.net\/?p=171276"},"modified":"2018-02-14T12:30:18","modified_gmt":"2018-02-14T12:30:18","slug":"alcalde-nelson-guillen-creara-centro-mediacion-de-conflictos","status":"publish","type":"post","link":"https:\/\/diariodominicano.com\/?p=171276","title":{"rendered":"Alcalde Nelson Guill\u00e9n crear\u00e1 centro mediaci\u00f3n de conflictos"},"content":{"rendered":"<p><body><\/p>\n<p><img decoding=\"async\" src=\"img3\/alcald.jpg\" \/>  <\/p>\n<p>El alcalde San Crist\u00f3bal,  Nelson Guill\u00e9n, anunci\u00f3 la creaci\u00f3n de un centro de mediaci\u00f3n comunitaria para resolver conflictos diversos protagonizados  entre ciudadanos como fase previa a la judializaci\u00f3n, a fin de contribuir a reducir los niveles de violencia y promover una cultura de paz.<\/p>\n<\/p>\n<p>En ese contexto, el jefe del gobierno local sostuvo en encuentro de socializaci\u00f3n con las representantes del Ministerio P\u00fablico de la ciudad, quienes expusieron ideas y propuestas a tomar en cuenta para el buen funcionamiento de la  unidad.<\/p>\n<\/p>\n<p>Participaron en la reuni\u00f3n la procuradora general de la Corte de Apelaci\u00f3n de San Crist\u00f3bal, Celeste Reyes; la coordinadora de la Unidad de Violencia de G\u00e9nero, Rosa Lidia del Pozo;  la fiscal titular de San Crist\u00f3bal, Diomerys Soto; la fiscal de Ni\u00f1os, Ni\u00f1as y Adolescentes, Ramona Santana, y la procuradora de la Corte de Apelaci\u00f3n de Ni\u00f1os, Ni\u00f1as y Adolescentes, Sofia Cuevas.  Tambi\u00e9n, estuvo en el encuentro la vicealcaldesa, Santa S\u00e1nchez Amador.<\/p>\n<\/p>\n<p>Para el alcalde, este centro ser\u00e1 de gran impacto para la municipalidad, por lo que destac\u00f3 su compromiso e inter\u00e9s de que funcione  a toda capacidad y con el personal de apoyo y administrativo adecuado y capacitado para estos casos.<\/p>\n<\/p>\n<p>El centro contar\u00e1 con psic\u00f3logos, abogados, trabajadores sociales y mediadores.<\/p>\n<\/p>\n<p>De acuerdo a lo expresado, diferencias entre ciudadanos,  por cuestiones a veces hasta sin mucha importancia, terminan en  agresiones  f\u00edsica, verbal y psicol\u00f3gica por no recibir una intervenci\u00f3n  oportuna.<\/p>\n<\/p>\n<h6> 2018-02-14 12:30:18 <\/h6>\n<p><!--\n<link rel=\"stylesheet\" href=\"css\/bootstrap.min.css\">\n\n\n<ul class=\"pagination\">\n\t    \n\t\n\n<li >\n\t<a href='?page_no=6598'>Previous<\/a>\n\t<\/li>\n\n\n       \n    \n\n<li><a href='?page_no=1'>1<\/a><\/li>\n\n\n\n<li><a href='?page_no=2'>2<\/a><\/li>\n\n\n\n<li><a>...<\/a><\/li>\n\n\n\n<li><a href='?page_no=6597'>6597<\/a><\/li>\n\n\n\n<li><a href='?page_no=6598'>6598<\/a><\/li>\n\n\n\n<li class='active'><a>6599<\/a><\/li>\n\n\n\n<li><a href='?page_no=6600'>6600<\/a><\/li>\n\n\n\n<li><a href='?page_no=6601'>6601<\/a><\/li>\n\n\n\n<li><a>...<\/a><\/li>\n\n\n\n<li><a href='?page_no=36999'>36999<\/a><\/li>\n\n\n\n<li><a href='?page_no=37000'>37000<\/a><\/li>\n\n    \n\t\n\n<li >\n\t<a href='?page_no=6600'>Next<\/a>\n\t<\/li>\n\n\n    \n\n<li><a href='?page_no=37000'>Last &rsaquo;&rsaquo;<\/a><\/li>\n\n<\/ul>\n\n\n--><br \/>\n<\/body><\/p>\n","protected":false},"excerpt":{"rendered":"<p>El alcalde San Crist\u00f3bal, Nelson Guill\u00e9n, anunci\u00f3 la creaci\u00f3n de un centro de mediaci\u00f3n comunitaria para resolver conflictos diversos protagonizados entre ciudadanos como fase previa a la judializaci\u00f3n, a fin de contribuir a reducir los niveles de violencia y promover una cultura de paz. En ese contexto, el jefe del gobierno local sostuvo en encuentro [&hellip;]<\/p>\n","protected":false},"author":3,"featured_media":0,"comment_status":"open","ping_status":"open","sticky":false,"template":"","format":"standard","meta":{"footnotes":""},"categories":[22],"tags":[],"class_list":["post-171276","post","type-post","status-publish","format-standard","hentry","category-politica"],"_links":{"self":[{"href":"https:\/\/diariodominicano.com\/index.php?rest_route=\/wp\/v2\/posts\/171276","targetHints":{"allow":["GET"]}}],"collection":[{"href":"https:\/\/diariodominicano.com\/index.php?rest_route=\/wp\/v2\/posts"}],"about":[{"href":"https:\/\/diariodominicano.com\/index.php?rest_route=\/wp\/v2\/types\/post"}],"author":[{"embeddable":true,"href":"https:\/\/diariodominicano.com\/index.php?rest_route=\/wp\/v2\/users\/3"}],"replies":[{"embeddable":true,"href":"https:\/\/diariodominicano.com\/index.php?rest_route=%2Fwp%2Fv2%2Fcomments&post=171276"}],"version-history":[{"count":0,"href":"https:\/\/diariodominicano.com\/index.php?rest_route=\/wp\/v2\/posts\/171276\/revisions"}],"wp:attachment":[{"href":"https:\/\/diariodominicano.com\/index.php?rest_route=%2Fwp%2Fv2%2Fmedia&parent=171276"}],"wp:term":[{"taxonomy":"category","embeddable":true,"href":"https:\/\/diariodominicano.com\/index.php?rest_route=%2Fwp%2Fv2%2Fcategories&post=171276"},{"taxonomy":"post_tag","embeddable":true,"href":"https:\/\/diariodominicano.com\/index.php?rest_route=%2Fwp%2Fv2%2Ftags&post=171276"}],"curies":[{"name":"wp","href":"https:\/\/api.w.org\/{rel}","templated":true}]}}