{"id":171275,"date":"2018-02-15T11:14:48","date_gmt":"2018-02-15T11:14:48","guid":{"rendered":"http:\/\/diariodominicano.ddns.net\/?p=171275"},"modified":"2018-02-15T11:14:48","modified_gmt":"2018-02-15T11:14:48","slug":"santos-pide-a-su-sucesor-preservar-la-paz-en-colombia","status":"publish","type":"post","link":"https:\/\/diariodominicano.com\/?p=171275","title":{"rendered":"Santos pide a su sucesor preservar la paz en Colombia"},"content":{"rendered":"<p><body><\/p>\n<p><img decoding=\"async\" src=\"img3\/Santos15.jpg\" \/>  <\/p>\n<p><span class=\"text1noticias\">Bogot\u00e1, 15 feb (PL) Falt\u00e1ndole seis meses para concluir su mandato, el presidente de Colombia, Juan Manuel Santos, abog\u00f3 por preservar la paz en extensa carta enviada hoy a quien resulte su sucesor.<\/span><\/p>\n<p><span class=\"text1noticias\"> <\/span><\/p>\n<p><span class=\"text1noticias\">&#8216;Debemos unir esfuerzos y voluntades para lograr la reconciliaci\u00f3n y desterrar de una vez y para siempre la violencia como forma de hacer pol\u00edtica&#8217;, remarc\u00f3 el jefe de Estado, quien entregar\u00e1 el sill\u00f3n presidencial en agosto pr\u00f3ximo.<\/span><\/p>\n<p><span class=\"text1noticias\"> <\/span><\/p>\n<p><span class=\"text1noticias\">En tal sentido el presidente lament\u00f3 no haber podido acabar con la polarizaci\u00f3n que prevalece en el pa\u00eds.<\/span><\/p>\n<p><span class=\"text1noticias\"> <\/span><\/p>\n<p><span class=\"text1noticias\">&#8216;Hay que erradicar la polarizaci\u00f3n que tanto da\u00f1o hace. Yo no pude, ojal\u00e1 usted s\u00ed pueda y en eso cuente con todo mi apoyo. La polarizaci\u00f3n hace el arte de gobernar mucho m\u00e1s dif\u00edcil&#8217;, acot\u00f3.<\/span><\/p>\n<p><span class=\"text1noticias\"> <\/span><\/p>\n<p><span class=\"text1noticias\">Aclar\u00f3 Santos que no tiene in\u00ef\u00ac\u00e9uencia en la campa\u00f1a electoral ni va a influir tampoco, pero que desea presentar balance de su gobierno y sugerir prioridades para el pr\u00f3ximo.<\/span><\/p>\n<p><span class=\"text1noticias\"> <\/span><\/p>\n<p><span class=\"text1noticias\">&#8216;Me dirijo a usted para explicar lo que creo deban ser los principales temas de debate nacional durante esta campa\u00f1a electoral&#8217;, se\u00f1al\u00f3 el mandatario en la carta publicada en las redes sociales, considerada una primera despedida ante los colombianos.<\/span><\/p>\n<p><span class=\"text1noticias\"> <\/span><\/p>\n<p><span class=\"text1noticias\">Dijo sentirse muy honrado de haber podido desde la presidencia servir al pa\u00eds y consider\u00f3 que durante los a\u00f1os que gobern\u00f3 avanz\u00f3 y avanz\u00f3 mucho.<\/span><\/p>\n<p><span class=\"text1noticias\"> <\/span><\/p>\n<p><span class=\"text1noticias\">&#8216;Somos un pa\u00eds mejor que cuando comenzamos. Tenemos m\u00e1s paz y tranquilidad, hay menos desigualdad, tenemos un pa\u00eds m\u00e1s moderno y mejor posicionado internacionalmente&#8217;, afirm\u00f3.<\/span><\/p>\n<p><span class=\"text1noticias\"> <\/span><\/p>\n<p><span class=\"text1noticias\">Sin embargo, admiti\u00f3 que hay temas que preocupan a los ciudadanos, que se deben continuar priorizando como la lucha contra los \u00edndices todav\u00eda altos de pobreza, el enfrentamiento a la inseguridad y el combate al narcotr\u00e1fico y la corrupci\u00f3n, entre otros.<\/span><\/p>\n<p><span class=\"text1noticias\"> <\/span><\/p>\n<p><span class=\"text1noticias\">&#8216;Siempre hay m\u00e1s necesidades que capacidades de los gobiernos para satisfacerlas. Lo importante es priorizar y seguir avanzando&#8217;,<\/span> asever\u00f3.<\/p>\n<h6> 2018-02-15 11:14:48 <\/h6>\n<p><!--\n<link rel=\"stylesheet\" href=\"css\/bootstrap.min.css\">\n\n\n<ul class=\"pagination\">\n\t    \n\t\n\n<li >\n\t<a href='?page_no=6597'>Previous<\/a>\n\t<\/li>\n\n\n       \n    \n\n<li><a href='?page_no=1'>1<\/a><\/li>\n\n\n\n<li><a href='?page_no=2'>2<\/a><\/li>\n\n\n\n<li><a>...<\/a><\/li>\n\n\n\n<li><a href='?page_no=6596'>6596<\/a><\/li>\n\n\n\n<li><a href='?page_no=6597'>6597<\/a><\/li>\n\n\n\n<li class='active'><a>6598<\/a><\/li>\n\n\n\n<li><a href='?page_no=6599'>6599<\/a><\/li>\n\n\n\n<li><a href='?page_no=6600'>6600<\/a><\/li>\n\n\n\n<li><a>...<\/a><\/li>\n\n\n\n<li><a href='?page_no=36999'>36999<\/a><\/li>\n\n\n\n<li><a href='?page_no=37000'>37000<\/a><\/li>\n\n    \n\t\n\n<li >\n\t<a href='?page_no=6599'>Next<\/a>\n\t<\/li>\n\n\n    \n\n<li><a href='?page_no=37000'>Last &rsaquo;&rsaquo;<\/a><\/li>\n\n<\/ul>\n\n\n--><br \/>\n<\/body><\/p>\n","protected":false},"excerpt":{"rendered":"<p>Bogot\u00e1, 15 feb (PL) Falt\u00e1ndole seis meses para concluir su mandato, el presidente de Colombia, Juan Manuel Santos, abog\u00f3 por preservar la paz en extensa carta enviada hoy a quien resulte su sucesor. &#8216;Debemos unir esfuerzos y voluntades para lograr la reconciliaci\u00f3n y desterrar de una vez y para siempre la violencia como forma de [&hellip;]<\/p>\n","protected":false},"author":3,"featured_media":0,"comment_status":"open","ping_status":"open","sticky":false,"template":"","format":"standard","meta":{"footnotes":""},"categories":[22],"tags":[],"class_list":["post-171275","post","type-post","status-publish","format-standard","hentry","category-politica"],"_links":{"self":[{"href":"https:\/\/diariodominicano.com\/index.php?rest_route=\/wp\/v2\/posts\/171275","targetHints":{"allow":["GET"]}}],"collection":[{"href":"https:\/\/diariodominicano.com\/index.php?rest_route=\/wp\/v2\/posts"}],"about":[{"href":"https:\/\/diariodominicano.com\/index.php?rest_route=\/wp\/v2\/types\/post"}],"author":[{"embeddable":true,"href":"https:\/\/diariodominicano.com\/index.php?rest_route=\/wp\/v2\/users\/3"}],"replies":[{"embeddable":true,"href":"https:\/\/diariodominicano.com\/index.php?rest_route=%2Fwp%2Fv2%2Fcomments&post=171275"}],"version-history":[{"count":0,"href":"https:\/\/diariodominicano.com\/index.php?rest_route=\/wp\/v2\/posts\/171275\/revisions"}],"wp:attachment":[{"href":"https:\/\/diariodominicano.com\/index.php?rest_route=%2Fwp%2Fv2%2Fmedia&parent=171275"}],"wp:term":[{"taxonomy":"category","embeddable":true,"href":"https:\/\/diariodominicano.com\/index.php?rest_route=%2Fwp%2Fv2%2Fcategories&post=171275"},{"taxonomy":"post_tag","embeddable":true,"href":"https:\/\/diariodominicano.com\/index.php?rest_route=%2Fwp%2Fv2%2Ftags&post=171275"}],"curies":[{"name":"wp","href":"https:\/\/api.w.org\/{rel}","templated":true}]}}