{"id":171274,"date":"2018-02-15T11:43:29","date_gmt":"2018-02-15T11:43:29","guid":{"rendered":"http:\/\/diariodominicano.ddns.net\/?p=171274"},"modified":"2018-02-15T11:43:29","modified_gmt":"2018-02-15T11:43:29","slug":"mpd-hara-marcha-contra-la-impunidad-al-cumplir-62-anos-de-fundado","status":"publish","type":"post","link":"https:\/\/diariodominicano.com\/?p=171274","title":{"rendered":"MPD har\u00e1 marcha contra la impunidad al cumplir 62 a\u00f1os de fundado"},"content":{"rendered":"<p><body><\/p>\n<p><img decoding=\"async\" src=\"img3\/mpd112.jpg\" \/>  <\/p>\n<p>Santo Domingo, R.D.- El Movimiento Popular Dominicano (M.P.D.) marchar\u00e1 hasta el Altar de la Patria por el cese de la impunidad el domingo 18 de febrero, cuando se cumplen 62 a\u00f1os de su fundaci\u00f3n, actividad conmemorativa que realizar\u00e1 conjuntamente con el FALPO, entidad que celebra los 33 a\u00f1os de su nacimiento.<\/p>\n<\/p>\n<p>El anuncio lo hizo Fernando Hern\u00e1ndez, vocero nacional del MPD, quien indic\u00f3 que la marcha que que tendr\u00e1 lugar en el Distrito Nacional, dar\u00e1 inicio a las 10:00 de la ma\u00f1ana de este domingo, partiendo de la Plazoleta La Trinitaria, recorrer\u00e1 varias calle de los sectores Villa Francisca y San Carlos, y concluir\u00e1 en el Parque Independencia, donde depositar\u00e1n una ofrenda floral y ser\u00e1 le\u00edda una proclama al pa\u00eds.<\/p>\n<\/p>\n<p>\u00abAl arribar al 62 aniversario, el MPD celebra con j\u00fabilo, firmeza y abnegaci\u00f3n su cumplea\u00f1os, esta vez con una marcha  contra la corrupci\u00f3n, por el fin de la impunidad y contra la concesi\u00f3n de explotaci\u00f3n de la mina de oro en El Romero, provincia de San Juan a la mega-minera Unigold, que causar\u00eda da\u00f1os irreparables al medioambiente, a la producci\u00f3n y la vida en la regi\u00f3n\u00bb, manifest\u00f3 Fernando Hern\u00e1ndez.<\/p>\n<\/p>\n<p>Indic\u00f3 que la marcha ser\u00e1 una actividad abierta a la participaci\u00f3n de sectores en lucha con sus reivindicaciones o personas que quieran manifestarse contra la corrupci\u00f3n y la impunidad, y que misma cuenta con el apoyo de la Izquierda Revolucionaria (IR), la Comisi\u00f3n Nacional de los Derechos Humanos, el Frente Amplio de Lucha Popular (FALPO), entre otras entidades.<\/p>\n<\/p>\n<p>El MPD fue fundado en La Habana, capital de Cuba, el 20 de febrero del a\u00f1o 1956. Sus fundadores fueron el periodista Pablo Antonio Mart\u00ednez Rodr\u00edguez, M\u00e1ximo Antonio L\u00f3pez Molina, Ram\u00f3n Emilio Mej\u00eda del Castillo (Pichirilo), Jos\u00e9 Tiberio Castellanos, Jos\u00e9 Moscoso, Esperanza Font de Alf\u00e1u, V\u00edctor Orzatelis, Julio C\u00e9sar Mart\u00ednez, Andr\u00e9s Marcelino Ramos Peguero y otros.<\/p>\n<\/p>\n<p>Bajo la consigna de que \u00abSiempre hay que atreverse\u00bb, ese n\u00facleo de exiliados por la tiran\u00eda defini\u00f3 la nueva organizaci\u00f3n como democr\u00e1tica, anti-trujillista y antiimperialista, y con la tesis de \u00abLucha interna o Trujillo siempre\u00bb, se propuso regresar al pa\u00eds \u00abcombatir a la fiera en su propia madriguera, concretizando su plan el 4 de junio de 1960.<\/p>\n<\/p>\n<p>Para el portavoz del MPD, la lucha revolucionaria del pueblo ha alcanzado conquistas como producto de su lucha misma y no como concesi\u00f3n de gobierno alguno ni de esfuerzos de los partidos del sistema, pero considera que \u00abquedan muchos retos que afrontar\u00bb.<\/p>\n<\/p>\n<p>Hern\u00e1ndez dijo que para el MPD, el reto actual es desplazar \u00abla oprobiosa dictadura morada\u00bb y desplazar a \u00abla gavilla de corruptos\u00bb y protectores de la impunidad.<\/p>\n<\/p>\n<p>\u00abPero en la lucha por desplazar a los corruptos de hoy, tambi\u00e9n estamos compelidos a impedir que vuelvan los corruptos y protectores de impunidad de ayer y los de antier, as\u00ed como impedir que lleguen otros \u00b4Made in USA\u00b4, \u00b4Made in USAID\u00b4\u00bb, dijo Fernando Hern\u00e1ndez.<\/p>\n<\/p>\n<p>Resalt\u00f3 a pesar de que en los 62 a\u00f1os de lucha y resistencia revolucionaria del MPD han ca\u00eddo cientos de militantes, no se han doblegado ni arrepentido de la lucha, tras considerar que \u00abla perseverancia sin claudicar\u00bb o negociar curules, el mejor homenaje que le pueden rendir a  los m\u00e1rtires emepede\u00edstas, desde el fundador, el periodista Pablo Antonio Mart\u00ednez, el 13 de marzo de 1958, hasta el m\u00e1s reciente, Vladimir Lantigua Baldera, asesinado en San Francisco de Macor\u00eds el primero de agosto del a\u00f1o 2017.<\/p>\n<h6> 2018-02-15 11:43:29 <\/h6>\n<p><!--\n<link rel=\"stylesheet\" href=\"css\/bootstrap.min.css\">\n\n\n<ul class=\"pagination\">\n\t    \n\t\n\n<li >\n\t<a href='?page_no=6596'>Previous<\/a>\n\t<\/li>\n\n\n       \n    \n\n<li><a href='?page_no=1'>1<\/a><\/li>\n\n\n\n<li><a href='?page_no=2'>2<\/a><\/li>\n\n\n\n<li><a>...<\/a><\/li>\n\n\n\n<li><a href='?page_no=6595'>6595<\/a><\/li>\n\n\n\n<li><a href='?page_no=6596'>6596<\/a><\/li>\n\n\n\n<li class='active'><a>6597<\/a><\/li>\n\n\n\n<li><a href='?page_no=6598'>6598<\/a><\/li>\n\n\n\n<li><a href='?page_no=6599'>6599<\/a><\/li>\n\n\n\n<li><a>...<\/a><\/li>\n\n\n\n<li><a href='?page_no=36999'>36999<\/a><\/li>\n\n\n\n<li><a href='?page_no=37000'>37000<\/a><\/li>\n\n    \n\t\n\n<li >\n\t<a href='?page_no=6598'>Next<\/a>\n\t<\/li>\n\n\n    \n\n<li><a href='?page_no=37000'>Last &rsaquo;&rsaquo;<\/a><\/li>\n\n<\/ul>\n\n\n--><br \/>\n<\/body><\/p>\n","protected":false},"excerpt":{"rendered":"<p>Santo Domingo, R.D.- El Movimiento Popular Dominicano (M.P.D.) marchar\u00e1 hasta el Altar de la Patria por el cese de la impunidad el domingo 18 de febrero, cuando se cumplen 62 a\u00f1os de su fundaci\u00f3n, actividad conmemorativa que realizar\u00e1 conjuntamente con el FALPO, entidad que celebra los 33 a\u00f1os de su nacimiento. El anuncio lo hizo [&hellip;]<\/p>\n","protected":false},"author":3,"featured_media":0,"comment_status":"open","ping_status":"open","sticky":false,"template":"","format":"standard","meta":{"footnotes":""},"categories":[22],"tags":[],"class_list":["post-171274","post","type-post","status-publish","format-standard","hentry","category-politica"],"_links":{"self":[{"href":"https:\/\/diariodominicano.com\/index.php?rest_route=\/wp\/v2\/posts\/171274","targetHints":{"allow":["GET"]}}],"collection":[{"href":"https:\/\/diariodominicano.com\/index.php?rest_route=\/wp\/v2\/posts"}],"about":[{"href":"https:\/\/diariodominicano.com\/index.php?rest_route=\/wp\/v2\/types\/post"}],"author":[{"embeddable":true,"href":"https:\/\/diariodominicano.com\/index.php?rest_route=\/wp\/v2\/users\/3"}],"replies":[{"embeddable":true,"href":"https:\/\/diariodominicano.com\/index.php?rest_route=%2Fwp%2Fv2%2Fcomments&post=171274"}],"version-history":[{"count":0,"href":"https:\/\/diariodominicano.com\/index.php?rest_route=\/wp\/v2\/posts\/171274\/revisions"}],"wp:attachment":[{"href":"https:\/\/diariodominicano.com\/index.php?rest_route=%2Fwp%2Fv2%2Fmedia&parent=171274"}],"wp:term":[{"taxonomy":"category","embeddable":true,"href":"https:\/\/diariodominicano.com\/index.php?rest_route=%2Fwp%2Fv2%2Fcategories&post=171274"},{"taxonomy":"post_tag","embeddable":true,"href":"https:\/\/diariodominicano.com\/index.php?rest_route=%2Fwp%2Fv2%2Ftags&post=171274"}],"curies":[{"name":"wp","href":"https:\/\/api.w.org\/{rel}","templated":true}]}}