{"id":171273,"date":"2018-02-15T11:48:48","date_gmt":"2018-02-15T11:48:48","guid":{"rendered":"http:\/\/diariodominicano.ddns.net\/?p=171273"},"modified":"2018-02-15T11:48:48","modified_gmt":"2018-02-15T11:48:48","slug":"ventura-camejo-dice-la-administracion-publica-debe-ser-fiel-expresion-de-los-intereses-ciudadanos","status":"publish","type":"post","link":"https:\/\/diariodominicano.com\/?p=171273","title":{"rendered":"Ventura Camejo dice la administraci\u00f3n p\u00fablica debe ser fiel expresi\u00f3n de los intereses ciudadanos"},"content":{"rendered":"<p><body><\/p>\n<p><img decoding=\"async\" src=\"img3\/ventu1.jpg\" \/>  <\/p>\n<p>El ministro del MAP, Ram\u00f3n Ventura Camejo, habla en presencia de expertos nacionales e internacionales, en el desarrollo del Seminario sobre Macro-estructura del Estado.<\/p>\n<\/p>\n<p>Ventura Camejo dice la administraci\u00f3n p\u00fablica debe ser fiel expresi\u00f3n de los intereses ciudadanos<\/p>\n<\/p>\n<p>SANTO DOMINGO.- El ministro Ram\u00f3n Ventura Camejo consider\u00f3 que la administraci\u00f3n p\u00fablica debe ser expresi\u00f3n fiel de los intereses y aspiraciones de los ciudadanos, debido a que s\u00f3lo as\u00ed puede constituirse en un instrumento de satisfacci\u00f3n de sus necesidades.<\/p>\n<\/p>\n<p>El funcionario indic\u00f3 que  debe ser la impulsora del desarrollo colectivo, por lo que debe  adoptar un dise\u00f1o organizativo el\u00e1stico, que interprete de forma precisa la estrategia de desarrollo y las pol\u00edticas p\u00fablicas a ejecutarse.<\/p>\n<\/p>\n<p>\u00abAs\u00ed, como los cambios constantes que se producen en el entorno estatal, en  base en principios, criterios, normas jur\u00eddicas y procedimientos coherentes, que den orden al funcionamiento de los \u00f3rganos con un fundamento en la planificaci\u00f3n de las acciones gubernamentales\u00bb, precis\u00f3 Ventura Camejo.<\/p>\n<\/p>\n<p>El ministro de Administraci\u00f3n P\u00fablica pronunci\u00f3 una conferencia magistral en el desarrollo del Seminario Internacional sobre Macro-estructura del Estado en la Rep\u00fablica Dominicana, con la asistencia de expertos nacionales y extranjeros, realizada en el Hotel Sheraton, de la capital.  <\/p>\n<\/p>\n<p>El principal ejecutivo  del Ministerio de Administraci\u00f3n P\u00fablica (MAP), organizador del evento,  calific\u00f3 al doctor Raymundo Amaro Guzm\u00e1n, a quien est\u00e1 dedicado el Seminario,  como  un  maestro del Derecho Administrativo dominicano y figura cimera de ese  pensamiento en Am\u00e9rica Latina y el Caribe, seg\u00fan lo informado por el periodista Lu\u00eds C\u00e9spedes Pe\u00f1a.<\/p>\n<\/p>\n<p>Ventura Camejo destac\u00f3 que  en el centro de esa institucionalidad est\u00e1 el capital humano, como impulsor de la competitividad a trav\u00e9s de las inversiones en educaci\u00f3n, salud y la capacidad de producir ingresos de las personas.<\/p>\n<\/p>\n<p>\u00abPor tanto, un dise\u00f1o organizacional p\u00fablico deber\u00e1 estar dirigido a dotar al capital humano de claras l\u00edneas de trabajo y responsabilidades, encaminadas a entregar un servicio de calidad y eficiente al ciudadano\u00bb, explic\u00f3.<\/p>\n<\/p>\n<p>El funcionario hizo referencia al inter\u00e9s manifestado por el Presidente de la Rep\u00fablica, licenciado Danilo Medina S\u00e1nchez, en una reuni\u00f3n del Consejo de Ministros, cuando expres\u00f3 su firme voluntad de mejorar la racionalidad de la administraci\u00f3n p\u00fablica, siendo \u00e9sta una de las principales motivaciones de esta iniciativa. <\/p>\n<\/p>\n<p>El ministro cit\u00f3 las tendencias de alta relevancia para la administraci\u00f3n p\u00fablica en los pa\u00edses de Am\u00e9rica Latina y el Caribe, identificadas en el Simposio sobre Reforma y Modernizaci\u00f3n del Estado, celebrado en mayo del a\u00f1o 2017, a iniciativa del MAP.<\/p>\n<\/p>\n<p>Entre esas tendencias, ventura Camejo  mencion\u00f3 el monitoreo, evaluaci\u00f3n en la implementaci\u00f3n de programas p\u00fablicos y el establecimiento de los correspondientes sistemas estad\u00edsticos de apoyo.<\/p>\n<\/p>\n<p>Tambi\u00e9n cit\u00f3  la institucionalizaci\u00f3n de un sistema del desempe\u00f1o de la gesti\u00f3n p\u00fablica; la incorporaci\u00f3n de las tecnolog\u00edas de la informaci\u00f3n y la comunicaci\u00f3n en las  \u00e1reas de gesti\u00f3n del presupuesto, tributaria y de personal, entre otras.<\/p>\n<\/p>\n<p>Habl\u00f3 de la expansi\u00f3n de las iniciativas de gobierno electr\u00f3nico y los avances en la implementaci\u00f3n de agendas digitales en Am\u00e9rica Latina, en el \u00e1mbito de la gobernanza p\u00fablica.<\/p>\n<\/p>\n<p>\u00abOtra tendencia es la del desarrollo de la gobernabilidad democr\u00e1tica, con ciudadanos globales informados e interconectados y un incremento en la demanda de educaci\u00f3n avanzada, al mismo tiempo, que se acelera el uso de las capacidades de tecnolog\u00edas de informaci\u00f3n y comunicaci\u00f3n\u00bb, agreg\u00f3.<\/p>\n<\/p>\n<p>El ministro Ventura Camejo tambi\u00e9n se refiri\u00f3 a los aportes de la cooperaci\u00f3n internacional en la reforma de la administraci\u00f3n p\u00fablica en la Rep\u00fablica Dominicana, sobre todo, de  la Uni\u00f3n Europea, a trav\u00e9s de los proyectos Programa de Apoyo a la Reforma y Modernizaci\u00f3n del Estado (PARME), Programa de Apoyo a la Reforma de la Administraci\u00f3n P\u00fablica (PARAP), Programa de Apoyo a la Sociedad Civil y Autoridades Locales (PASCAL) y Programa de Apoyo a la Reforma de la Administraci\u00f3n P\u00fablica y a la Calidad de los Servicios P\u00fablicos (PARAP-II). <\/p>\n<\/p>\n<p>\u00abEstos programas financiados por la Uni\u00f3n Europea, han tenido como objetivo asegurar una administraci\u00f3n p\u00fablica eficiente, mediante el fortalecimiento institucional, la profesionalizaci\u00f3n de los servidores del Estado y la mejora de los servicios p\u00fablicos, con un enfoque de igualdad de g\u00e9nero y asegurando la participaci\u00f3n de la sociedad civil en estos procesos\u00bb, precis\u00f3 el funcionario.  <\/p>\n<\/p>\n<p>Y agreg\u00f3: \u00abPor su parte el PASCAL, tiene por finalidad reforzar la capacidad de gesti\u00f3n de los gobiernos locales, enfatizando para este fin la profesionalizaci\u00f3n de la funci\u00f3n p\u00fablica municipal, lo cual a su vez se deber\u00e1 traducir en m\u00e1s y mejores servicios municipales para las comunidades\u00bb.<\/p>\n<\/p>\n<p>El  ministro resalt\u00f3 los aportes del Banco Interamericano de Desarrollo (BID), a trav\u00e9s de Cooperaciones T\u00e9cnicas no Reembolsables, el Programa de Apoyo a la Reforma del Poder Ejecutivo (PROREFORMA), el Apoyo a la Investigaci\u00f3n para la Profesionalizaci\u00f3n   de la Carrera P\u00fablica en el Gobierno Central, la  investigaci\u00f3n para la Modernizaci\u00f3n de la Pol\u00edtica Salarial y el respaldo  para el proceso de racionalizaci\u00f3n del Gasto de la Funci\u00f3n P\u00fablica.<\/p>\n<\/p>\n<p>El principal ejecutivo del MAP se\u00f1al\u00f3 que en nuestro pa\u00eds, el proceso de redise\u00f1o de la macro estructura del Estado y de la organizaci\u00f3n administrativa, se inscribe en un amplio esfuerzo de reforma o modernizaci\u00f3n,  que se inici\u00f3 hace m\u00e1s de 10 a\u00f1os.<\/p>\n<\/p>\n<p>\u00abEn el transcurso de estos a\u00f1os, se ha producido una gran  transformaci\u00f3n en el marco jur\u00eddico, as\u00ed como en instrumentos y sistemas de gesti\u00f3n de la Administraci\u00f3n P\u00fablica, tanto en materia de funci\u00f3n p\u00fablica, transparencia, procedimientos administrativos, gesti\u00f3n financiera y presupuestaria, planificaci\u00f3n, contrataciones p\u00fablicas, gesti\u00f3n de calidad, tecnolog\u00eda de la informaci\u00f3n, seguimiento y evaluaci\u00f3n de la gesti\u00f3n, entre otros\u00bb, subray\u00f3.<\/p>\n<\/p>\n<p>Y a\u00f1adi\u00f3: \u00abEstamos en los albores de la transformaci\u00f3n digital del Estado Dominicano, en la que las innovaciones tecnol\u00f3gicas son el motor del cambio para integrar la perspectiva del ciudadano a la administraci\u00f3n p\u00fablica y permitir una mejor participaci\u00f3n ciudadana y una mayor rendici\u00f3n de cuentas\u00bb.<\/p>\n<\/p>\n<p>Tambi\u00e9n dijo que  la simplificaci\u00f3n y la digitalizaci\u00f3n de los tr\u00e1mites p\u00fablicos son clave para mejorar, no s\u00f3lo la calidad de los servicios, sino m\u00e1s fundamentalmente la confianza en el  gobierno, a fin de alcanzar el Estado Abierto, que es la gran resultante de los procesos de mejoras regulatorios,  simplificaci\u00f3n de tr\u00e1mites y apertura de datos gubernamentales.<\/p>\n<\/p>\n<p>\u00abEsto se traduce en una mejor gobernanza p\u00fablica al mejorar los servicios p\u00fablicos y la transparencia en la gesti\u00f3n de \u00e9stos\u00bb, indic\u00f3.<\/p>\n<\/p>\n<p>En cuanto a los retos y desaf\u00edos del proceso de reforma de la administraci\u00f3n p\u00fablica dominicana, el licenciado Ventura Camejo  mencion\u00f3 la elaboraci\u00f3n de una propuesta de arquitectura institucional del Estado Dominicano  m\u00e1s eficiente y eficaz, que facilite la entrega de servicios al ciudadano y brinde apoyo a la coordinaci\u00f3n entre organizaciones p\u00fablicas.<\/p>\n<\/p>\n<p>Tambi\u00e9n habl\u00f3 de  la formulaci\u00f3n de un programa de racionalizaci\u00f3n de las estructuras organizativas, con criterios y reglas claves para dicha reforma, consensuado con los principales actores pol\u00edticos, econ\u00f3micos, sociales, el desarrollo de un plan de acci\u00f3n a mediano y largo plazo,  con resultados e indicadores que propicien la racionalizaci\u00f3n de las estructuras del estado.<\/p>\n<\/p>\n<p>Propuso  desarrollar un nuevo modelo de organizaci\u00f3n que asegure m\u00e1s y mejor institucionalidad y concertar un pacto nacional para estimular el compromiso con la implementaci\u00f3n de la nueva macro-estructura p\u00fablica.<\/p>\n<\/p>\n<p>\u00abEl gran desaf\u00edo es aspirar a una administraci\u00f3n p\u00fablica de mayor calidad, que entregue m\u00e1s valor p\u00fablico a la ciudadan\u00eda a trav\u00e9s de los servicios que se ofrece; que se estructure de una forma m\u00e1s racional, eficiente y coordinada; que dise\u00f1emos y acordemos una hoja de ruta con responsabilidades y plazos\u00bb, agreg\u00f3 Ventura Camejo.<\/p>\n<\/p>\n<p>Y dijo: \u00abque construyamos conjuntamente un nuevo modelo de organizaci\u00f3n que asegure m\u00e1s y mejor institucionalidad, y que impulsemos una amplia participaci\u00f3n de la ciudadan\u00eda en la gesti\u00f3n de lo p\u00fablico\u00bb.<\/p>\n<h6> 2018-02-15 11:48:48 <\/h6>\n<p><!--\n<link rel=\"stylesheet\" href=\"css\/bootstrap.min.css\">\n\n\n<ul class=\"pagination\">\n\t    \n\t\n\n<li >\n\t<a href='?page_no=6595'>Previous<\/a>\n\t<\/li>\n\n\n       \n    \n\n<li><a href='?page_no=1'>1<\/a><\/li>\n\n\n\n<li><a href='?page_no=2'>2<\/a><\/li>\n\n\n\n<li><a>...<\/a><\/li>\n\n\n\n<li><a href='?page_no=6594'>6594<\/a><\/li>\n\n\n\n<li><a href='?page_no=6595'>6595<\/a><\/li>\n\n\n\n<li class='active'><a>6596<\/a><\/li>\n\n\n\n<li><a href='?page_no=6597'>6597<\/a><\/li>\n\n\n\n<li><a href='?page_no=6598'>6598<\/a><\/li>\n\n\n\n<li><a>...<\/a><\/li>\n\n\n\n<li><a href='?page_no=36999'>36999<\/a><\/li>\n\n\n\n<li><a href='?page_no=37000'>37000<\/a><\/li>\n\n    \n\t\n\n<li >\n\t<a href='?page_no=6597'>Next<\/a>\n\t<\/li>\n\n\n    \n\n<li><a href='?page_no=37000'>Last &rsaquo;&rsaquo;<\/a><\/li>\n\n<\/ul>\n\n\n--><br \/>\n<\/body><\/p>\n","protected":false},"excerpt":{"rendered":"<p>El ministro del MAP, Ram\u00f3n Ventura Camejo, habla en presencia de expertos nacionales e internacionales, en el desarrollo del Seminario sobre Macro-estructura del Estado. Ventura Camejo dice la administraci\u00f3n p\u00fablica debe ser fiel expresi\u00f3n de los intereses ciudadanos SANTO DOMINGO.- El ministro Ram\u00f3n Ventura Camejo consider\u00f3 que la administraci\u00f3n p\u00fablica debe ser expresi\u00f3n fiel de [&hellip;]<\/p>\n","protected":false},"author":3,"featured_media":0,"comment_status":"open","ping_status":"open","sticky":false,"template":"","format":"standard","meta":{"footnotes":""},"categories":[22],"tags":[],"class_list":["post-171273","post","type-post","status-publish","format-standard","hentry","category-politica"],"_links":{"self":[{"href":"https:\/\/diariodominicano.com\/index.php?rest_route=\/wp\/v2\/posts\/171273","targetHints":{"allow":["GET"]}}],"collection":[{"href":"https:\/\/diariodominicano.com\/index.php?rest_route=\/wp\/v2\/posts"}],"about":[{"href":"https:\/\/diariodominicano.com\/index.php?rest_route=\/wp\/v2\/types\/post"}],"author":[{"embeddable":true,"href":"https:\/\/diariodominicano.com\/index.php?rest_route=\/wp\/v2\/users\/3"}],"replies":[{"embeddable":true,"href":"https:\/\/diariodominicano.com\/index.php?rest_route=%2Fwp%2Fv2%2Fcomments&post=171273"}],"version-history":[{"count":0,"href":"https:\/\/diariodominicano.com\/index.php?rest_route=\/wp\/v2\/posts\/171273\/revisions"}],"wp:attachment":[{"href":"https:\/\/diariodominicano.com\/index.php?rest_route=%2Fwp%2Fv2%2Fmedia&parent=171273"}],"wp:term":[{"taxonomy":"category","embeddable":true,"href":"https:\/\/diariodominicano.com\/index.php?rest_route=%2Fwp%2Fv2%2Fcategories&post=171273"},{"taxonomy":"post_tag","embeddable":true,"href":"https:\/\/diariodominicano.com\/index.php?rest_route=%2Fwp%2Fv2%2Ftags&post=171273"}],"curies":[{"name":"wp","href":"https:\/\/api.w.org\/{rel}","templated":true}]}}