{"id":171270,"date":"2018-02-15T13:27:48","date_gmt":"2018-02-15T13:27:48","guid":{"rendered":"http:\/\/diariodominicano.ddns.net\/?p=171270"},"modified":"2018-02-15T13:27:48","modified_gmt":"2018-02-15T13:27:48","slug":"instituciones-inician-jornada-de-inclusion-social-que-beneficiara-miles-del-personas-en-el-sector-los-mina-sur","status":"publish","type":"post","link":"https:\/\/diariodominicano.com\/?p=171270","title":{"rendered":"Instituciones inician jornada de inclusi\u00f3n social que beneficiara  miles del personas en  el sector Los Mina Sur&#13;"},"content":{"rendered":"<p><body><\/p>\n<p><img decoding=\"async\" src=\"img3\/inclu12.jpg\" \/>  <\/p>\n<p>SANTO DOMINGO ESTE. Miles de personas residentes del sector  Los Mina Sur del Municipio Santo Domingo Este ser\u00e1n atendidas en la Jornada de Inclusi\u00f3n Social iniciada este jueves  por varias instituciones  con la coordinaci\u00f3n del Plan Nacional de Reducci\u00f3n de la Pobreza Extrema y Promoci\u00f3n de la Inclusi\u00f3n Social, \u00abQuisqueya Digna\u00bb.<\/p>\n<\/p>\n<p>Al dar las palabras de bienvenida de la actividad, el alcalde de Santo Domingo Este, Alfredo Mart\u00ecnez  explic\u00f3 que la jornada se desarrollara en el Club de Los Mina, el Centro Comunitario  Madre Candida en el barrio La Isla y la iglesia San Marcos, ubicada en la calle que lleva el mismo nombre.<\/p>\n<\/p>\n<p>Mart\u00ecnez dijo que los trabajos sociales incluyen afiliaci\u00f3n al seguro medico del Servicio Nacional de Salud, operativo de salud visual, inclusi\u00f3n a la bolsa de empleo del Ministerio de Trabajo y continuidad educativa.<\/p>\n<\/p>\n<p>El funcionario municipal sostuvo que tambi\u00e9n se dar\u00e1 facilidades para realizar cursos t\u00e9cnicos con las Escuelas Vocacionales de las Fuerzas Armadas y el Instituto de Formaci\u00f3n T\u00e9cnico Profesional, (INFOTEP).<\/p>\n<\/p>\n<p>El alcalde de Santo Domingo Este indico que se har\u00e1n declaraciones oportunas y tard\u00edas en coordinaci\u00f3n con la Junta Central Electoral y charlas sobre emprendedururismo.<\/p>\n<\/p>\n<p>La Jornada de Inclusi\u00f3n Social  contempla adem\u00e1s saneamiento ambiental, alumbrado p\u00fablico y asfaltado de calles, seg\u00fan explic\u00f3 el ministro de Interior y Polic\u00eda, Carlos Amarante Baret.<\/p>\n<\/p>\n<p>El funcionario manifest\u00f3 que hicieron un levantamiento y trabajaran en para satisfacer esas necesidades y en el reforzamiento del patrullaje policial  para prevenir hechos delictivos.<\/p>\n<\/p>\n<p>En tanto que la senadora de la provincia de Santo Domingo, Cristina Lizardo destaco el impacto positivo de la Jornada de Inclusi\u00f3n Social y el esfuerzo de la Alcaldia de Santo Domingo Este para d\u00eda a d\u00eda  a llevar soluciones a los problemas de la municipalidad.<\/p>\n<\/p>\n<p>Las Jornadas de Inclusi\u00f3n Social, que ser\u00e1 realizada del jueves 15 al s\u00e1bado 17 de febrero, forma parte un nuevo modelo de gesti\u00f3n para la inclusi\u00f3n social y restituci\u00f3n de derechos fundamentales de la poblaci\u00f3n de territorios vulnerables en la Rep\u00fablica Dominicana.\t<\/p>\n<\/p>\n<p>Las jornadas se desarrolla con articulaci\u00f3n de La Direcci\u00f3n General de Programas Especiales de la Presidencia (DIGEPEP), el Ministerio de Interior y Polic\u00eda, Ministerio de Trabajo, Ministerio de Industria y Comercio, el Seguro Nacional de Salud (SENASA), la Junta Central Electoral, Escuelas Vocacionales de las FF. AA., Alcald\u00eda de Santo Domingo Este y organizaciones comunitarias.<\/p>\n<\/p>\n<p>La primera jornada de inclusi\u00f3n social en Santo Domingo Este se realiz\u00f3 en el sector de los Tres Brazos donde cientos de personas fueron beneficiadas.<\/p>\n<h6> 2018-02-15 13:27:48 <\/h6>\n<p><!--\n<link rel=\"stylesheet\" href=\"css\/bootstrap.min.css\">\n\n\n<ul class=\"pagination\">\n\t    \n\t\n\n<li >\n\t<a href='?page_no=6592'>Previous<\/a>\n\t<\/li>\n\n\n       \n    \n\n<li><a href='?page_no=1'>1<\/a><\/li>\n\n\n\n<li><a href='?page_no=2'>2<\/a><\/li>\n\n\n\n<li><a>...<\/a><\/li>\n\n\n\n<li><a href='?page_no=6591'>6591<\/a><\/li>\n\n\n\n<li><a href='?page_no=6592'>6592<\/a><\/li>\n\n\n\n<li class='active'><a>6593<\/a><\/li>\n\n\n\n<li><a href='?page_no=6594'>6594<\/a><\/li>\n\n\n\n<li><a href='?page_no=6595'>6595<\/a><\/li>\n\n\n\n<li><a>...<\/a><\/li>\n\n\n\n<li><a href='?page_no=36999'>36999<\/a><\/li>\n\n\n\n<li><a href='?page_no=37000'>37000<\/a><\/li>\n\n    \n\t\n\n<li >\n\t<a href='?page_no=6594'>Next<\/a>\n\t<\/li>\n\n\n    \n\n<li><a href='?page_no=37000'>Last &rsaquo;&rsaquo;<\/a><\/li>\n\n<\/ul>\n\n\n--><br \/>\n<\/body><\/p>\n","protected":false},"excerpt":{"rendered":"<p>SANTO DOMINGO ESTE. Miles de personas residentes del sector Los Mina Sur del Municipio Santo Domingo Este ser\u00e1n atendidas en la Jornada de Inclusi\u00f3n Social iniciada este jueves por varias instituciones con la coordinaci\u00f3n del Plan Nacional de Reducci\u00f3n de la Pobreza Extrema y Promoci\u00f3n de la Inclusi\u00f3n Social, \u00abQuisqueya Digna\u00bb. Al dar las palabras [&hellip;]<\/p>\n","protected":false},"author":3,"featured_media":0,"comment_status":"open","ping_status":"open","sticky":false,"template":"","format":"standard","meta":{"footnotes":""},"categories":[22],"tags":[],"class_list":["post-171270","post","type-post","status-publish","format-standard","hentry","category-politica"],"_links":{"self":[{"href":"https:\/\/diariodominicano.com\/index.php?rest_route=\/wp\/v2\/posts\/171270","targetHints":{"allow":["GET"]}}],"collection":[{"href":"https:\/\/diariodominicano.com\/index.php?rest_route=\/wp\/v2\/posts"}],"about":[{"href":"https:\/\/diariodominicano.com\/index.php?rest_route=\/wp\/v2\/types\/post"}],"author":[{"embeddable":true,"href":"https:\/\/diariodominicano.com\/index.php?rest_route=\/wp\/v2\/users\/3"}],"replies":[{"embeddable":true,"href":"https:\/\/diariodominicano.com\/index.php?rest_route=%2Fwp%2Fv2%2Fcomments&post=171270"}],"version-history":[{"count":0,"href":"https:\/\/diariodominicano.com\/index.php?rest_route=\/wp\/v2\/posts\/171270\/revisions"}],"wp:attachment":[{"href":"https:\/\/diariodominicano.com\/index.php?rest_route=%2Fwp%2Fv2%2Fmedia&parent=171270"}],"wp:term":[{"taxonomy":"category","embeddable":true,"href":"https:\/\/diariodominicano.com\/index.php?rest_route=%2Fwp%2Fv2%2Fcategories&post=171270"},{"taxonomy":"post_tag","embeddable":true,"href":"https:\/\/diariodominicano.com\/index.php?rest_route=%2Fwp%2Fv2%2Ftags&post=171270"}],"curies":[{"name":"wp","href":"https:\/\/api.w.org\/{rel}","templated":true}]}}