{"id":171268,"date":"2018-02-16T11:02:04","date_gmt":"2018-02-16T11:02:04","guid":{"rendered":"http:\/\/diariodominicano.ddns.net\/?p=171268"},"modified":"2018-02-16T11:02:04","modified_gmt":"2018-02-16T11:02:04","slug":"siempre-es-necesario-afirmar-que-otro-mundo-es-posible","status":"publish","type":"post","link":"https:\/\/diariodominicano.com\/?p=171268","title":{"rendered":"\u00abSiempre es necesario afirmar que otro mundo es posible\u00bb"},"content":{"rendered":"<p><body><\/p>\n<p><img decoding=\"async\" src=\"img3\/forum12.jpg\" \/>  <\/p>\n<p>Sergio Ferrari*<\/p>\n<\/p>\n<p>Numerosas organizaciones internacionales han apoyado e impulsado, desde su mismo origen, el proceso altermundialista encarnado en el Foro Social Mundial (FSM). Sin ahorrar cr\u00edticas, muchas de ellas, sin embargo, no renuncian a ver en este espacio signos de esperanza en la b\u00fasqueda de una alternativa al sistema. \u00abSi bien es cierto que hay riesgos de agon\u00eda, existe tambi\u00e9n un potencial de resurrecci\u00f3n y de avance\u00bb, afirma Bernd Nilles, director desde abril 2017 de Acci\u00f3n Cuaresmal de los cat\u00f3licos de Suiza (AdC), una de las m\u00e1s importantes ONG helv\u00e9ticas de cooperaci\u00f3n. Anteriormente, durante nueve a\u00f1os, se hab\u00eda desempe\u00f1ado como secretario general de la CIDSE, red internacional de agencias cat\u00f3licas de desarrollo, de la que tambi\u00e9n hace parte Acci\u00f3n Cuaresmal. Ambas, activamente implicadas en el proceso que naci\u00f3 en 2001 en Porto Alegre. Incluso la CIDSE cuenta con un representante en el Consejo Internacional, instancia de facilitaci\u00f3n del Foro Social Mundial. Entrevista.<\/p>\n<\/p>\n<p>P: Acci\u00f3n Cuaresmal participa desde el origen en el FSM. \u00bfCu\u00e1les han sido los principales aportes que han recibido de este proceso en movimiento?<\/p>\n<\/p>\n<p>Bernd Nilles: Fue siempre una suerte poder reunirse con personas que luchan a favor de otro mundo, solidario, que se perfile como alternativa al actual mundo puramente capitalista. Concretamente, la participaci\u00f3n regular en los FSM, nos permiti\u00f3 fortalecer nuestra red tem\u00e1tica a nivel global. Tambi\u00e9n aport\u00f3 a la b\u00fasqueda de sinergias con nuestras organizaciones contrapartes. Nos permiti\u00f3, as\u00ed mismo, descubrir ideas innovativas para la resoluci\u00f3n de problemas concretos; conocer opiniones pol\u00edticas diversas; darle seguimiento a los an\u00e1lisis pol\u00edticos de otros actores sociales; planificar acciones en com\u00fan a nivel global. El FSM nos dio tambi\u00e9n la posibilidad de hablar con los medios de comunicaci\u00f3n -especialmente cuando se realizaba en forma paralela al Foro Econ\u00f3mico de Davos- sobre temas sensibles, como las injusticias a nivel mundial. Y facilit\u00f3 las relaciones entre la prensa y nuestras organizaciones amigas del Sur.<\/p>\n<\/p>\n<p>P: Algunos cr\u00edticos afirman que el FSM est\u00e1 moribundo&#8230; Otros, entre los que se incluyen los organizadores de la pr\u00f3xima edici\u00f3n en Salvador de Bah\u00eda, contin\u00faan a subrayar la importancia de este espacio para el conjunto de la sociedad civil internacional. \u00bfCu\u00e1l es su visi\u00f3n sobre el estado de salud del FSM?<\/p>\n<\/p>\n<p>R: La agon\u00eda ? y hay que reconocer que el FSM tiene algunos elementos agonizantes- puede ser considerada como una fase de vida<\/p>\n<p>Con la potencialidad de resucitar o bien puede convertirse en una fase casi de muerte. Es verdad que el FSM se confronta con una situaci\u00f3n compleja: logra en el 2018 captar la atenci\u00f3n del mundo medi\u00e1tico y de una nueva generaci\u00f3n o deber\u00e1 admitir que la relaci\u00f3n entre inversi\u00f3n (recursos humanos y financieros) y el impacto del encuentro -en t\u00e9rminos de acciones concretas que surjan del mismo-, no justifica m\u00e1s mantenerlo. Seg\u00fan mi visi\u00f3n, ser\u00eda deseable que el FSM pueda continuar a ser un lugar de encuentro de actores de la sociedad civil facilitando la b\u00fasqueda de sinergias para las luchas pol\u00edticas a favor de la justicia global. Una pista futura podr\u00eda ser las de los foros tem\u00e1ticos. Estos permiten, sin duda, an\u00e1lisis m\u00e1s espec\u00edficos y claros, planificar acciones a las que se pueda asegurar un seguimiento y lograr un efecto m\u00e1s visible. La desventaja ser\u00eda la de sacrificar, en cierta forma, el aspecto interdisciplinario, el pensamiento hol\u00edstico y tal vez tambi\u00e9n la cr\u00edtica global al sistema. Estoy convencido que deben continuar a existir espacios donde podamos afirmar que \u00abotro mundo es posible\u00bb y reivindicar la fuerza central del FSM. Es evidente que podemos discutir sobre los m\u00e9todos de este proceso.  Tal vez ser\u00eda importante encontrar medios para que los debates y los resultados del FSM sean m\u00e1s visibles. Eso facilitar\u00eda el seguimiento y la configuraci\u00f3n regional y descentralizada del Foro, aprovechando de su esencia aun sin la necesidad de participar a un evento espec\u00edfico cada dos a\u00f1os.<\/p>\n<\/p>\n<p>P: Acci\u00f3n Cuaresmal participa al FSM 2018 con un grupo de cinco personas.<\/p>\n<p>\u00bfCu\u00e1les son vuestras expectativas en cuanto a lo que puede aportarles la cita de Salvador de Bah\u00eda entre el 13 y el 17 de marzo?<\/p>\n<\/p>\n<p>R: Nuestra estrategia como ONG nos exige \u00aborientar nuestras actividades de forma sistem\u00e1tica hacia la transformaci\u00f3n\u00bb. Buscamos entonces, en Salvador de Bah\u00eda, aliados dispuestos a caminar juntos para transformar nuestras realidades en la perspectiva de una sociedad m\u00e1s justa. Y que est\u00e9n -como lo estamos nosotros- convencidos que un cambio a nivel individual y de sociedad es necesario para garantizar \u00abel buen vivir\u00bb a todas y todos, incluyendo a las generaciones futuras.<\/p>\n<\/p>\n<p>En nuestro caso, una apuesta particular ser\u00e1 planificar con nuestras contrapartes nuestro futuro programa \u00abAlternativas econ\u00f3micas\u00bb, que constituye un tema crucial.  Siempre el Foro ha sido un lugar de nacimiento y de innovaci\u00f3n de la acci\u00f3n y del trabajo en red. Estanos organizando con expertos y contrapartes de todo el mundo un debate en varios espacios del FSM de Salvador sobre el tema \u00abNuevos paradigmas para otro mundo posible\u00bb, con el fin de promover la reflexi\u00f3n y el compromiso para un cambio del sistema.<\/p>\n<\/p>\n<p>P : Una delegaci\u00f3n de m\u00e1s de 25 personas y personalidades suizas, organizada por E-CHANGER,  viaja a Salvador para estar en el FSM 2018. \u00bfQu\u00e9 piensa de esta iniciativa de movilizar representantes de la sociedad civil suiza para que participen en conjunto?<\/p>\n<\/p>\n<p>R: Ya en otras ocasiones estuvimos muy interesados en participar de una delegaci\u00f3n de este tipo que re\u00fane a representantes del mundo pol\u00edtico, de los medios de comunicaci\u00f3n, de la sociedad civil en general.<\/p>\n<\/p>\n<p>Siempre fue, y espero que en esta oportunidad se repita, una oportunidad \u00fanica de crear relaciones, no solo a nivel global en el seno del FSM sino tambi\u00e9n con otros actores suizos. Estar juntos durante varios d\u00edas, aprovechar de un an\u00e1lisis com\u00fan sobre los desaf\u00edos mundiales y buscar actividades complementarias de cara al futuro, es una oportunidad \u00fanica que nos ofrece este viaje en com\u00fan. Cuando regresemos a Suiza podremos transmitir al conjunto nuestra experiencia y hacer propuestas para reflexionar m\u00e1s all\u00e1 de la Agenda 2030, que por el momento aparece como el tema clave de debate.<\/p>\n<\/p>\n<p>R: Quisiera compartir todav\u00eda una reflexi\u00f3n final&#8230;<\/p>\n<\/p>\n<p>R: Han existido siempre al interior del FSM dos tendencias: la que preconiza o aspira a que el FSM hable con una sola voz y tome posiciones pol\u00edticas, en tanto FSM, a nivel p\u00fablico. Y la otra, que insiste en reconocer y respetar la diversidad en el seno de la sociedad civil y que , por lo tanto, invita a la sinergia y a avanzar juntos los que as\u00ed lo deseen.  Acci\u00f3n Cuaresmal y la plataforma europea CIDSE, desde siempre, adhirieron a esta segunda visi\u00f3n, ya que nos parece m\u00e1s realista. Esperamos entonces que la edici\u00f3n de Salvador de Bah\u00eda lograr\u00e1 reunir a personas comprometidas que quieran asociarse para distintos tipos de luchas en vista de otro mundo posible que ser\u00e1 m\u00e1s justo.<\/p>\n<\/p>\n<p>*Colaboraci\u00f3n de prensa de E-CHANGER, con el apoyo de la FEDEVACO<\/p>\n<h6> 2018-02-16 11:02:04 <\/h6>\n<p><!--\n<link rel=\"stylesheet\" href=\"css\/bootstrap.min.css\">\n\n\n<ul class=\"pagination\">\n\t    \n\t\n\n<li >\n\t<a href='?page_no=6590'>Previous<\/a>\n\t<\/li>\n\n\n       \n    \n\n<li><a href='?page_no=1'>1<\/a><\/li>\n\n\n\n<li><a href='?page_no=2'>2<\/a><\/li>\n\n\n\n<li><a>...<\/a><\/li>\n\n\n\n<li><a href='?page_no=6589'>6589<\/a><\/li>\n\n\n\n<li><a href='?page_no=6590'>6590<\/a><\/li>\n\n\n\n<li class='active'><a>6591<\/a><\/li>\n\n\n\n<li><a href='?page_no=6592'>6592<\/a><\/li>\n\n\n\n<li><a href='?page_no=6593'>6593<\/a><\/li>\n\n\n\n<li><a>...<\/a><\/li>\n\n\n\n<li><a href='?page_no=36999'>36999<\/a><\/li>\n\n\n\n<li><a href='?page_no=37000'>37000<\/a><\/li>\n\n    \n\t\n\n<li >\n\t<a href='?page_no=6592'>Next<\/a>\n\t<\/li>\n\n\n    \n\n<li><a href='?page_no=37000'>Last &rsaquo;&rsaquo;<\/a><\/li>\n\n<\/ul>\n\n\n--><br \/>\n<\/body><\/p>\n","protected":false},"excerpt":{"rendered":"<p>Sergio Ferrari* Numerosas organizaciones internacionales han apoyado e impulsado, desde su mismo origen, el proceso altermundialista encarnado en el Foro Social Mundial (FSM). Sin ahorrar cr\u00edticas, muchas de ellas, sin embargo, no renuncian a ver en este espacio signos de esperanza en la b\u00fasqueda de una alternativa al sistema. \u00abSi bien es cierto que hay [&hellip;]<\/p>\n","protected":false},"author":3,"featured_media":0,"comment_status":"open","ping_status":"open","sticky":false,"template":"","format":"standard","meta":{"footnotes":""},"categories":[22],"tags":[],"class_list":["post-171268","post","type-post","status-publish","format-standard","hentry","category-politica"],"_links":{"self":[{"href":"https:\/\/diariodominicano.com\/index.php?rest_route=\/wp\/v2\/posts\/171268","targetHints":{"allow":["GET"]}}],"collection":[{"href":"https:\/\/diariodominicano.com\/index.php?rest_route=\/wp\/v2\/posts"}],"about":[{"href":"https:\/\/diariodominicano.com\/index.php?rest_route=\/wp\/v2\/types\/post"}],"author":[{"embeddable":true,"href":"https:\/\/diariodominicano.com\/index.php?rest_route=\/wp\/v2\/users\/3"}],"replies":[{"embeddable":true,"href":"https:\/\/diariodominicano.com\/index.php?rest_route=%2Fwp%2Fv2%2Fcomments&post=171268"}],"version-history":[{"count":0,"href":"https:\/\/diariodominicano.com\/index.php?rest_route=\/wp\/v2\/posts\/171268\/revisions"}],"wp:attachment":[{"href":"https:\/\/diariodominicano.com\/index.php?rest_route=%2Fwp%2Fv2%2Fmedia&parent=171268"}],"wp:term":[{"taxonomy":"category","embeddable":true,"href":"https:\/\/diariodominicano.com\/index.php?rest_route=%2Fwp%2Fv2%2Fcategories&post=171268"},{"taxonomy":"post_tag","embeddable":true,"href":"https:\/\/diariodominicano.com\/index.php?rest_route=%2Fwp%2Fv2%2Ftags&post=171268"}],"curies":[{"name":"wp","href":"https:\/\/api.w.org\/{rel}","templated":true}]}}