{"id":171265,"date":"2018-02-16T12:59:43","date_gmt":"2018-02-16T12:59:43","guid":{"rendered":"http:\/\/diariodominicano.ddns.net\/?p=171265"},"modified":"2018-02-16T12:59:43","modified_gmt":"2018-02-16T12:59:43","slug":"cesar-cedeno-afirma-prm-saldra-fortalecido-de-convencion","status":"publish","type":"post","link":"https:\/\/diariodominicano.com\/?p=171265","title":{"rendered":"Cesar Cede\u00f1o afirma PRM saldr\u00e1 fortalecido de convenci\u00f3n"},"content":{"rendered":"<p><body><\/p>\n<p><img decoding=\"async\" src=\"img3\/prm1112.jpg\" \/>  <\/p>\n<p>Santo Domingo.- El coordinador del proyecto presidencial Hip\u00f3lito Mej\u00eda presidente \u00abH20\u00bb y aspirante a una de las vice-presidencias nacionales del opositor Partido Revolucionario Moderno (PRM), Cesar Cede\u00f1o afirm\u00f3 que esa organizaci\u00f3n pol\u00edtica saldr\u00e1 fortalecida de ese proceso.<\/p>\n<\/p>\n<p>Al encabezar un multitudinario acto en el Distrito Nacional, Cede\u00f1o asegur\u00f3 que la organizaci\u00f3n est\u00e1 en su mejor momento y conf\u00eda en que el PRM se consolidar\u00e1 como el partido m\u00e1s democr\u00e1tico en Rep\u00fablica Dominicana.<\/p>\n<\/p>\n<p>Cede\u00f1o sostuvo que el PRM es el \u00fanico partido que puede en este momento hacer una convenci\u00f3n di\u00e1fana y organizada, por la capacidad y civismo que han mostrado sus militantes y los miembros de la Comisi\u00f3n Organizadora del proceso.<\/p>\n<\/p>\n<p>El candidato vicepresidencial calific\u00f3 la convenci\u00f3n como una \u00abfiesta de la democracia\u00bb en la que el PRM demostrar\u00e1 su madurez.<\/p>\n<\/p>\n<p>\u00abEl PRM ha ido creciendo vertiginosamente producto de la madurez y disciplina que ha logrado exhibir durante el proceso en que estamos sumergido, en la que la democracia ha imperado entre los candidatos a los diversos cargos lo que me atrevo a asegurar que la convenci\u00f3n interna pautada para el 18 del mes de marzo ser\u00e1 una fiesta de la democracia, cosa que no puede lograr el partido de gobierno\u00bb sostuvo Cede\u00f1o.<\/p>\n<\/p>\n<p>Cesar Cede\u00f1o quien estar\u00e1 en la posici\u00f3n #21 en la casilla de los vicepresidentes pidi\u00f3 el apoyo de los perreme\u00edstas, por entender que el PRM necesita renovar toda su direcci\u00f3n de cara a lo que ser\u00e1 el pr\u00f3ximo certamen electoral, al tiempo que vaticin\u00f3 que Felipe \u00abFellito\u00bb Suberv\u00ed a partir del 18 de marzo ser\u00e1 el pr\u00f3ximo presidente de ese partido en el Distrito Nacional.<\/p>\n<\/p>\n<p>Asimismo, solicit\u00f3 respaldar las aspiraciones Felipe \u00abFellito\u00bb Suberv\u00ed por entender es la mejor propuesta que ha presentado el PRM en esta importante demarcaci\u00f3n del pa\u00eds como lo es el Distrito Nacional.<\/p>\n<\/p>\n<p>Dijo que Suberv\u00ed es un joven con m\u00e9ritos sobrados y cuya lealtad al partido qued\u00f3 demostrada en el pasado proceso, por lo que su compromiso con la organizaci\u00f3n va m\u00e1s all\u00e1 que cualquier aspiraci\u00f3n personal.<\/p>\n<\/p>\n<p>En el acto encabezado por Cesar Cede\u00f1o, estuvieron adem\u00e1s, M\u00e1ximo P\u00e9rez, el senador Santiago Zorrilla, Felipe \u00abFellito\u00bb Suberv\u00ed, Carolina Serrata, Georgina Portes, Dagoberto Rodr\u00edguez Adames, Yoni P\u00e9rez, David Brito, Juan Encarnaci\u00f3n, el diputado M\u00e1ximo Lebr\u00f3n, Belgia Soler.<\/p>\n<\/p>\n<p>As\u00ed mismo Jos\u00e9 \u00abChelo\u00bb Candelario, Elmy Pi\u00f1a, Jos\u00e9 Montas, Regina Buret, Alexander Liz, Ivelise Rivera, Jacobo Robles, entre otros.<\/p>\n<h6> 2018-02-16 12:59:43 <\/h6>\n<p><!--\n<link rel=\"stylesheet\" href=\"css\/bootstrap.min.css\">\n\n\n<ul class=\"pagination\">\n\t    \n\t\n\n<li >\n\t<a href='?page_no=6588'>Previous<\/a>\n\t<\/li>\n\n\n       \n    \n\n<li><a href='?page_no=1'>1<\/a><\/li>\n\n\n\n<li><a href='?page_no=2'>2<\/a><\/li>\n\n\n\n<li><a>...<\/a><\/li>\n\n\n\n<li><a href='?page_no=6587'>6587<\/a><\/li>\n\n\n\n<li><a href='?page_no=6588'>6588<\/a><\/li>\n\n\n\n<li class='active'><a>6589<\/a><\/li>\n\n\n\n<li><a href='?page_no=6590'>6590<\/a><\/li>\n\n\n\n<li><a href='?page_no=6591'>6591<\/a><\/li>\n\n\n\n<li><a>...<\/a><\/li>\n\n\n\n<li><a href='?page_no=36999'>36999<\/a><\/li>\n\n\n\n<li><a href='?page_no=37000'>37000<\/a><\/li>\n\n    \n\t\n\n<li >\n\t<a href='?page_no=6590'>Next<\/a>\n\t<\/li>\n\n\n    \n\n<li><a href='?page_no=37000'>Last &rsaquo;&rsaquo;<\/a><\/li>\n\n<\/ul>\n\n\n--><br \/>\n<\/body><\/p>\n","protected":false},"excerpt":{"rendered":"<p>Santo Domingo.- El coordinador del proyecto presidencial Hip\u00f3lito Mej\u00eda presidente \u00abH20\u00bb y aspirante a una de las vice-presidencias nacionales del opositor Partido Revolucionario Moderno (PRM), Cesar Cede\u00f1o afirm\u00f3 que esa organizaci\u00f3n pol\u00edtica saldr\u00e1 fortalecida de ese proceso. Al encabezar un multitudinario acto en el Distrito Nacional, Cede\u00f1o asegur\u00f3 que la organizaci\u00f3n est\u00e1 en su mejor [&hellip;]<\/p>\n","protected":false},"author":3,"featured_media":0,"comment_status":"open","ping_status":"open","sticky":false,"template":"","format":"standard","meta":{"footnotes":""},"categories":[22],"tags":[],"class_list":["post-171265","post","type-post","status-publish","format-standard","hentry","category-politica"],"_links":{"self":[{"href":"https:\/\/diariodominicano.com\/index.php?rest_route=\/wp\/v2\/posts\/171265","targetHints":{"allow":["GET"]}}],"collection":[{"href":"https:\/\/diariodominicano.com\/index.php?rest_route=\/wp\/v2\/posts"}],"about":[{"href":"https:\/\/diariodominicano.com\/index.php?rest_route=\/wp\/v2\/types\/post"}],"author":[{"embeddable":true,"href":"https:\/\/diariodominicano.com\/index.php?rest_route=\/wp\/v2\/users\/3"}],"replies":[{"embeddable":true,"href":"https:\/\/diariodominicano.com\/index.php?rest_route=%2Fwp%2Fv2%2Fcomments&post=171265"}],"version-history":[{"count":0,"href":"https:\/\/diariodominicano.com\/index.php?rest_route=\/wp\/v2\/posts\/171265\/revisions"}],"wp:attachment":[{"href":"https:\/\/diariodominicano.com\/index.php?rest_route=%2Fwp%2Fv2%2Fmedia&parent=171265"}],"wp:term":[{"taxonomy":"category","embeddable":true,"href":"https:\/\/diariodominicano.com\/index.php?rest_route=%2Fwp%2Fv2%2Fcategories&post=171265"},{"taxonomy":"post_tag","embeddable":true,"href":"https:\/\/diariodominicano.com\/index.php?rest_route=%2Fwp%2Fv2%2Ftags&post=171265"}],"curies":[{"name":"wp","href":"https:\/\/api.w.org\/{rel}","templated":true}]}}