{"id":171263,"date":"2018-02-16T19:29:00","date_gmt":"2018-02-16T19:29:00","guid":{"rendered":"http:\/\/diariodominicano.ddns.net\/?p=171263"},"modified":"2018-02-16T19:29:00","modified_gmt":"2018-02-16T19:29:00","slug":"este-ano-cuatro-elecciones-cambian-el-rostro-de-america-latina","status":"publish","type":"post","link":"https:\/\/diariodominicano.com\/?p=171263","title":{"rendered":"Este a\u00f1o, cuatro elecciones cambian el rostro de Am\u00e9rica Latina"},"content":{"rendered":"<p><body><\/p>\n<p><img decoding=\"async\" src=\"img3\/elecciones_venezuela_3.jpg\" \/>  <\/p>\n<p>Elecciones Municipales Venezuela, 2017<\/p>\n<\/p>\n<p>Emir Sader<\/p>\n<p>ALAI 15 de febrero de 2018.<\/p>\n<\/p>\n<p>En medio de enormes turbulencias econ\u00f3micas y pol\u00edticas, Am\u00e9rica Latina elige, este a\u00f1o, los presidentes de cuatro de los cinco pa\u00edses m\u00e1s importantes del continente: Brasil, M\u00e9xico, Colombia y Venezuela. Cada uno con sus particularidades, los cuatro casos colocan en cuesti\u00f3n la continuidad o el cambio de los gobiernos actuales y la correlaci\u00f3n de fuerzas entre izquierda y derecha en el conjunto del continente.<\/p>\n<\/p>\n<\/p>\n<p>Por orden cronol\u00f3gico, es Venezuela el pa\u00eds que primero tendr\u00e1 elecciones presidenciales, recientemente definidas para el 22 de abril, cuando Nicol\u00e1s Maduro se jugar\u00e1 su reelecci\u00f3n, en medio de dificultades de la oposici\u00f3n para determinar su candidato y, hasta, de si participa o no de las elecciones. Es la gran fecha aguardada por la oposici\u00f3n, creyendo hace rato que podr\u00eda derrotar al gobierno, finalmente terminando con el ciclo de gobiernos chavistas.<\/p>\n<\/p>\n<\/p>\n<p>Cuenta la oposici\u00f3n con la dif\u00edcil situaci\u00f3n econ\u00f3mica del pa\u00eds y las duras consecuencias sociales para la poblaci\u00f3n, as\u00ed como con la baja del nivel de apoyo al gobierno, como resultado de esa situaci\u00f3n. Pero las derrotas electorales recientes han producido divisiones en los partidos de oposici\u00f3n, p\u00e9rdida del optimismo, as\u00ed como posiciones de boicot a las elecciones, porque si pierden, tendr\u00edan una derrota de largo alcance.<\/p>\n<\/p>\n<\/p>\n<p>El gobierno, a su vez, ha logrado recuperar la iniciativa pol\u00edtica con la convocatoria de la Asamblea Constituyente que, a su vez, dej\u00f3 marginalizada y sin efecto la mayor\u00eda que la derecha hab\u00eda logrado en el Congreso tradicional. Pero no se puede decir que el gobierno ya haya logrado dar un nuevo cauce a la situaci\u00f3n econ\u00f3mica, que arrastra muchos problemas desde hace a\u00f1os y tampoco mejorar la situaci\u00f3n de desabastecimiento, p\u00e9rdida del poder adquisitivo de la poblaci\u00f3n, retrocesos en los programas sociales.<\/p>\n<\/p>\n<\/p>\n<p>Es en medio de este panorama que se dar\u00e1n las primeras elecciones en uno de los cuatro pa\u00edses m\u00e1s importantes de la regi\u00f3n y que, posiblemente, den un nuevo mandato al gobierno bolivariano.<\/p>\n<\/p>\n<\/p>\n<p>Las elecciones en Colombia aparecen con el pron\u00f3stico m\u00e1s abierto, en el sentido de que hay varios candidatos muy cercanos en las encuestas. Sin embargo, las \u00faltimas revelan que dos candidatos progresistas son los favoritos: Gustavo Petro y Sergio Fajardo. Tanto el candidato de Juan Manuel Santos, como el de Uribe, reciben poco apoyo popular, pasando lo mismo con candidatos de la izquierda, como Piedad C\u00f3rdoba y Rodrigo Londo\u00f1o, de la Farc.<\/p>\n<\/p>\n<\/p>\n<p>En M\u00e9xico, se consolida el favoritismo de L\u00f3pez Obrador, frente al desgaste del gobierno del PRI y los efectos sobre su candidato, as\u00ed como la fuerza todav\u00eda no consolidada del candidato del PAN. Finalmente L\u00f3pez Obrador puede ganar las elecciones en M\u00e9xico.<\/p>\n<\/p>\n<\/p>\n<p>En Brasil, por el peso del pa\u00eds y por la crisis actual, la elecci\u00f3n es decisiva para el futuro del pa\u00eds y del continente. La derecha, sin candidato y sin programa que proponer, juega todas sus cartas en la exclusi\u00f3n de Lula de la campa\u00f1a electoral. Es todav\u00eda un tema abierto, hay muchos procesos en contra de \u00e9l, ninguno con alguna prueba, hay varios recursos por delante, pero no hay ninguna duda que el objetivo prioritario de la derecha es inviabilizar la candidatura de Lula, porque sabe que si es candidato, Lula ganar\u00e1, incluso en primera vuelta.<\/p>\n<\/p>\n<\/p>\n<p>Pero ello no resuelve el problema. Aun imposibilitado de ser candidato, Lula ser\u00e1 el gran elector, el candidato que \u00e9l indique y para el cual haga campa\u00f1a ? que seguramente ser\u00e1 un nombre del mismo PT ? seguir\u00e1 siendo favorito para ganar.<\/p>\n<\/p>\n<\/p>\n<p>As\u00ed, en estos cuatro pa\u00edses las disputas son decisivas para el futuro del continente las que se dar\u00e1n este a\u00f1o. Ninguna tiene un resultado seguro, pero hay tendencias probables. No es imposible que a fines de a\u00f1o tengamos a Maduro como presidente reelegido de Venezuela, a candidatos progresistas elegidos en Colombia y en M\u00e9xico, y el retorno de un presidente del PT en Brasil.<\/p>\n<\/p>\n<\/p>\n<p>Ello abrir\u00eda mejores perspectivas para las elecciones siguientes, especialmente en Argentina y en Bolivia. As\u00ed como el cerco a Venezuela y a Cuba perder\u00edan fuerza.<\/p>\n<\/p>\n<\/p>\n<p>No es imposible que se d\u00e9 as\u00ed. Lo cual significar\u00eda un freno a la contraofensiva de la derecha, el aislamiento de los gobiernos m\u00e1s conservadores, como los de Macri y Pi\u00f1era, y retomar los procesos de integraci\u00f3n latinoamericana, ahora con la integraci\u00f3n de M\u00e9xico y de Colombia.<\/p>\n<\/p>\n<\/p>\n<p>Son procesos abiertos. Nada garantiza que se den, as\u00ed como no es seguro que la derecha est\u00e9 agotando su ofensiva. Pero las condiciones de disputa est\u00e1n dadas, la izquierda tiene una nueva posibilidad de conducir procesos de superaci\u00f3n del neoliberalismo y de construcci\u00f3n de sociedades m\u00e1s justas y de Estados soberanos. Al final de este a\u00f1o el mapa latinoamericano ser\u00e1 distinto.<\/p>\n<\/p>\n<\/p>\n<p>&#8211; Emir Sader, soci\u00f3logo y cient\u00edfico pol\u00edtico brasile\u00f1o, es coordinador del Laboratorio de Pol\u00edticas P\u00fablicas de la Universidad Estadual de Rio de Janeiro (UERJ).<\/p>\n<\/p>\n<\/p>\n<p>https:\/\/www.alainet.org\/es\/articulo\/191058<\/p>\n<\/p>\n<p>Del mismo autor<\/p>\n<p>Quatro elei\u00e7\u00f5es mudam o rosto da Am\u00e9rica latina este ano    16\/02\/2018<\/p>\n<p>Este a\u00f1o, cuatro elecciones cambian el rostro de Am\u00e9rica Latina    15\/02\/2018<\/p>\n<p>PT cresce na adversidade    13\/02\/2018<\/p>\n<p>Popularidade do Lula \u00e9 fracasso do Judici\u00e1rio e da m\u00eddia    08\/02\/2018<\/p>\n<p>Lula was born condemned    07\/02\/2018<\/p>\n<p>Regimes de exce\u00e7\u00e3o n\u00e3o toleram l\u00edderes populares    06\/02\/2018<\/p>\n<p>Reg\u00edmenes de excepci\u00f3n no toleran l\u00edderes populares    05\/02\/2018<\/p>\n<p>Lula naci\u00f3 condenado    05\/02\/2018<\/p>\n<p>O fantasma da democracia apavora a direita    01\/02\/2018<\/p>\n<p>N\u00e3o ter defendido a Constitui\u00e7\u00e3o e a democracia \u00e9 que degradou o Judici\u00e1rio    31\/01\/2018<\/p>\n<h6> 2018-02-16 19:29:00 <\/h6>\n<p><!--\n<link rel=\"stylesheet\" href=\"css\/bootstrap.min.css\">\n\n\n<ul class=\"pagination\">\n\t    \n\t\n\n<li >\n\t<a href='?page_no=6586'>Previous<\/a>\n\t<\/li>\n\n\n       \n    \n\n<li><a href='?page_no=1'>1<\/a><\/li>\n\n\n\n<li><a href='?page_no=2'>2<\/a><\/li>\n\n\n\n<li><a>...<\/a><\/li>\n\n\n\n<li><a href='?page_no=6585'>6585<\/a><\/li>\n\n\n\n<li><a href='?page_no=6586'>6586<\/a><\/li>\n\n\n\n<li class='active'><a>6587<\/a><\/li>\n\n\n\n<li><a href='?page_no=6588'>6588<\/a><\/li>\n\n\n\n<li><a href='?page_no=6589'>6589<\/a><\/li>\n\n\n\n<li><a>...<\/a><\/li>\n\n\n\n<li><a href='?page_no=36999'>36999<\/a><\/li>\n\n\n\n<li><a href='?page_no=37000'>37000<\/a><\/li>\n\n    \n\t\n\n<li >\n\t<a href='?page_no=6588'>Next<\/a>\n\t<\/li>\n\n\n    \n\n<li><a href='?page_no=37000'>Last &rsaquo;&rsaquo;<\/a><\/li>\n\n<\/ul>\n\n\n--><br \/>\n<\/body><\/p>\n","protected":false},"excerpt":{"rendered":"<p>Elecciones Municipales Venezuela, 2017 Emir Sader ALAI 15 de febrero de 2018. En medio de enormes turbulencias econ\u00f3micas y pol\u00edticas, Am\u00e9rica Latina elige, este a\u00f1o, los presidentes de cuatro de los cinco pa\u00edses m\u00e1s importantes del continente: Brasil, M\u00e9xico, Colombia y Venezuela. Cada uno con sus particularidades, los cuatro casos colocan en cuesti\u00f3n la continuidad [&hellip;]<\/p>\n","protected":false},"author":3,"featured_media":0,"comment_status":"open","ping_status":"open","sticky":false,"template":"","format":"standard","meta":{"footnotes":""},"categories":[22],"tags":[],"class_list":["post-171263","post","type-post","status-publish","format-standard","hentry","category-politica"],"_links":{"self":[{"href":"https:\/\/diariodominicano.com\/index.php?rest_route=\/wp\/v2\/posts\/171263","targetHints":{"allow":["GET"]}}],"collection":[{"href":"https:\/\/diariodominicano.com\/index.php?rest_route=\/wp\/v2\/posts"}],"about":[{"href":"https:\/\/diariodominicano.com\/index.php?rest_route=\/wp\/v2\/types\/post"}],"author":[{"embeddable":true,"href":"https:\/\/diariodominicano.com\/index.php?rest_route=\/wp\/v2\/users\/3"}],"replies":[{"embeddable":true,"href":"https:\/\/diariodominicano.com\/index.php?rest_route=%2Fwp%2Fv2%2Fcomments&post=171263"}],"version-history":[{"count":0,"href":"https:\/\/diariodominicano.com\/index.php?rest_route=\/wp\/v2\/posts\/171263\/revisions"}],"wp:attachment":[{"href":"https:\/\/diariodominicano.com\/index.php?rest_route=%2Fwp%2Fv2%2Fmedia&parent=171263"}],"wp:term":[{"taxonomy":"category","embeddable":true,"href":"https:\/\/diariodominicano.com\/index.php?rest_route=%2Fwp%2Fv2%2Fcategories&post=171263"},{"taxonomy":"post_tag","embeddable":true,"href":"https:\/\/diariodominicano.com\/index.php?rest_route=%2Fwp%2Fv2%2Ftags&post=171263"}],"curies":[{"name":"wp","href":"https:\/\/api.w.org\/{rel}","templated":true}]}}