{"id":171261,"date":"2018-02-16T19:51:38","date_gmt":"2018-02-16T19:51:38","guid":{"rendered":"http:\/\/diariodominicano.ddns.net\/?p=171261"},"modified":"2018-02-16T19:51:38","modified_gmt":"2018-02-16T19:51:38","slug":"en-disputa-el-futuro-de-los-procesos-de-integracion-latinoamericana","status":"publish","type":"post","link":"https:\/\/diariodominicano.com\/?p=171261","title":{"rendered":"En disputa el futuro de los procesos de integraci\u00f3n latinoamericana"},"content":{"rendered":"<p><body><\/p>\n<p><img decoding=\"async\" src=\"img3\/integracion.jpg\" \/>  <\/p>\n<p>Eduardo Paz Rada<\/p>\n<p>ALAI, 16 de febrero de 2018.- <\/p>\n<p>Los procesos de integraci\u00f3n de Am\u00e9rica Latina y el Caribe, que en los \u00faltimos quince a\u00f1os dieron un salto cualitativo notable con la formaci\u00f3n de la Alternativa Bolivariana de las Am\u00e9ricas (ALBA), Uni\u00f3n de Naciones Suramericanas (UNASUR) y Comunidad de Estados Latinoamericanos y Caribe\u00f1os (CELAC), se encuentran en este 2018 en la encrucijada para definir su destino en medio de una disputa que enfrenta el dilema hist\u00f3rico en un cuadro geopol\u00edtico mundial de alta complejidad: unidos o dominados los pa\u00edses y pueblos de la regi\u00f3n.<\/p>\n<\/p>\n<\/p>\n<p>La crisis y decadencia capitalista en las tradicionales metr\u00f3polis centrales europeas junto a la emergencia de nuevas potencias econ\u00f3micas, militares y pol\u00edticas asi\u00e1ticas y euro asi\u00e1ticas y a los procesos de emancipaci\u00f3n y liberaci\u00f3n nacional-popular y antiimperialista latinoamericanas y \u00e1rabes marcaron las primeras tendencias del nuevo siglo, sin embargo las fluctuaciones pol\u00edticas en algunos pa\u00edses de alta importancia regional y la recuperaci\u00f3n de la estrategia imperialista sobre su pretendido \u00abpatio trasero\u00bb en los \u00faltimos a\u00f1os hacen tambalear los avances conseguidos.<\/p>\n<\/p>\n<\/p>\n<p>Nunca antes en la historia la coordinaci\u00f3n de pa\u00edses de la regi\u00f3n fue tan fuerte, particularmente por la presencia protag\u00f3nica de Brasil con Lula Da Silva, que se convirti\u00f3 en el eje de la unidad especialmente por su poderoso peso econ\u00f3mico e influencia mundial, y el liderazgo del comandante Hugo Ch\u00e1vez que actualiz\u00f3 y profundiz\u00f3 el ideario bolivariano de la Patria Grande, junto al compromiso de varios gobiernos caribe\u00f1os y latinoamericanos.<\/p>\n<\/p>\n<\/p>\n<p>Inclusive el gobierno mexicano, proclive a las pol\u00edticas de Estados Unidos, tuvo que sumarse al proyecto de la CELAC para defender la regi\u00f3n como zona de paz y de desarrollo y el propio gobierno norteamericano aceptar en la Cumbre de las Am\u00e9ricas la presencia y participaci\u00f3n del presidente cubano como importante paso para la reanudaci\u00f3n de relaciones diplom\u00e1ticas.<\/p>\n<\/p>\n<\/p>\n<p>En los tres \u00faltimos a\u00f1os la estrategia neoliberal y conservadora ha conseguido producir impactos certeros sobre los procesos nacionalistas y antiimperialistas con el golpe de estado al gobierno de Dilma Rousseff en Brasil y con el triunfo electoral de Mauricio Macri, ahora repudiado por el pueblo argentino. Ha sido el momento en el que el imperialismo aceler\u00f3 su asedio econ\u00f3mico, financiero, medi\u00e1tico, diplom\u00e1tico, militar y pol\u00edtico al gobierno venezolano de Nicol\u00e1s Maduro y a los proyectos de unidad y liberaci\u00f3n nacional.<\/p>\n<\/p>\n<\/p>\n<p>En la actual coyuntura las tensiones se han acelerado r\u00e1pidamente y se van definiendo los campos de lucha. La contradicci\u00f3n pol\u00edtica central y la concentraci\u00f3n de fuerzas se han ubicado alrededor de: primero, la amenaza de invasi\u00f3n militar a Venezuela por parte de Estados Unidos y Colombia con la visita del Secretario de Estado de Washington Rex Tillerson a varios presidentes conservadores de la regi\u00f3n, y segundo, la anulaci\u00f3n como candidato presidencial del poderoso liderazgo de Lula Da Silva, el gran referente popular que tiene todas las posibilidades de ganar las elecciones en Brasil en octubre y recuperar las iniciativas latinoamericanistas y antiimperialistas. Sin embargo la persecuci\u00f3n de los poderosos medios de comunicaci\u00f3n, de la justicia y de los partidos tradicionales avanza para impedir su candidatura.<\/p>\n<\/p>\n<\/p>\n<p>Si esto se produce, como ya parece inminente, la posibilidad de tener un solo candidato del campo nacional-popular, respaldado por Lula, podr\u00eda significar una alternativa a los candidatos conservadores, con posibilidades de cambiar el rumbo pol\u00edtico de Brasil y Am\u00e9rica Latina, aunque no es lo mismo que la figura del obrero metal\u00fargico.<\/p>\n<\/p>\n<\/p>\n<p>Por otra parte, las elecciones en M\u00e9xico tienen tambi\u00e9n un tinte especial porque se perfila el triunfo de Andr\u00e9s L\u00f3pez Obrador del Movimiento de Regeneraci\u00f3n Nacional (MORENA), candidato por fuera del orden establecido del Partido Revolucionario Institucional (PRI) y el Partido Acci\u00f3n Nacional (PAN), frente a las candidaturas del orden colonial. Si esto se confirma en junio se abren posibilidades de contar con un pa\u00eds muy importante proclive a los proyectos emancipadores y de integraci\u00f3n.<\/p>\n<\/p>\n<\/p>\n<p>Una hora de grandes y decisivas definiciones para Am\u00e9rica Latina en momentos en que se reunir\u00e1 la Cumbre de las Am\u00e9ricas en Lima bajo la batuta de Trump y su admirador el presidente peruano Kuscinsky que intenta evitar la presencia del presidente Nicol\u00e1s Maduro; y en que el Papa Francisco se ha pronunciado por la necesidad de la unidad de la Patria Grande. Am\u00e9rica Latina y el Caribe se encuentran en la disyuntiva de seguir siendo un conjunto de colonias o semicolonias del imperialismo o se convierten en actores clave de la pol\u00edtica mundial en este siglo XXI.<\/p>\n<\/p>\n<\/p>\n<p>Eduardo Paz Rada<\/p>\n<\/p>\n<p>Soci\u00f3logo boliviano y docente de la UMSA. Escribe en publicaciones de Bolivia y Am\u00e9rica Latina.<\/p>\n<\/p>\n<\/p>\n<\/p>\n<\/p>\n<p>https:\/\/www.alainet.org\/es\/articulo\/191074<\/p>\n<\/p>\n<p>Del mismo autor<\/p>\n<p>En disputa el futuro de los procesos de integraci\u00f3n latinoamericana    16\/02\/2018<\/p>\n<p>Bolivia: Tiempos de guerra total    02\/02\/2018<\/p>\n<p>Se definen las tendencias pol\u00edtico-electorales    30\/01\/2018<\/p>\n<p>Valiosa reflexi\u00f3n de Joao Pedro Stedile    19\/01\/2018<\/p>\n<p>2017: Avanza la democracia de liberaci\u00f3n nacional    19\/12\/2017<\/p>\n<p>Sergio Almaraz, el gas y la batalla por nuestra soberan\u00eda    30\/11\/2017<\/p>\n<p>YPFB: Cuidar la energ\u00eda vital de Bolivia    21\/11\/2017<\/p>\n<p>El impacto de la revoluci\u00f3n bolchevique en Am\u00e9rica Latina    13\/11\/2017<\/p>\n<p>Los desaf\u00edos de la clase obrera en Bolivia    03\/11\/2017<\/p>\n<p>La democracia en una semicolonia    23\/10\/2017<\/p>\n<h6> 2018-02-16 19:51:38 <\/h6>\n<p><!--\n<link rel=\"stylesheet\" href=\"css\/bootstrap.min.css\">\n\n\n<ul class=\"pagination\">\n\t    \n\t\n\n<li >\n\t<a href='?page_no=6584'>Previous<\/a>\n\t<\/li>\n\n\n       \n    \n\n<li><a href='?page_no=1'>1<\/a><\/li>\n\n\n\n<li><a href='?page_no=2'>2<\/a><\/li>\n\n\n\n<li><a>...<\/a><\/li>\n\n\n\n<li><a href='?page_no=6583'>6583<\/a><\/li>\n\n\n\n<li><a href='?page_no=6584'>6584<\/a><\/li>\n\n\n\n<li class='active'><a>6585<\/a><\/li>\n\n\n\n<li><a href='?page_no=6586'>6586<\/a><\/li>\n\n\n\n<li><a href='?page_no=6587'>6587<\/a><\/li>\n\n\n\n<li><a>...<\/a><\/li>\n\n\n\n<li><a href='?page_no=36999'>36999<\/a><\/li>\n\n\n\n<li><a href='?page_no=37000'>37000<\/a><\/li>\n\n    \n\t\n\n<li >\n\t<a href='?page_no=6586'>Next<\/a>\n\t<\/li>\n\n\n    \n\n<li><a href='?page_no=37000'>Last &rsaquo;&rsaquo;<\/a><\/li>\n\n<\/ul>\n\n\n--><br \/>\n<\/body><\/p>\n","protected":false},"excerpt":{"rendered":"<p>Eduardo Paz Rada ALAI, 16 de febrero de 2018.- Los procesos de integraci\u00f3n de Am\u00e9rica Latina y el Caribe, que en los \u00faltimos quince a\u00f1os dieron un salto cualitativo notable con la formaci\u00f3n de la Alternativa Bolivariana de las Am\u00e9ricas (ALBA), Uni\u00f3n de Naciones Suramericanas (UNASUR) y Comunidad de Estados Latinoamericanos y Caribe\u00f1os (CELAC), se [&hellip;]<\/p>\n","protected":false},"author":3,"featured_media":0,"comment_status":"open","ping_status":"open","sticky":false,"template":"","format":"standard","meta":{"footnotes":""},"categories":[22],"tags":[],"class_list":["post-171261","post","type-post","status-publish","format-standard","hentry","category-politica"],"_links":{"self":[{"href":"https:\/\/diariodominicano.com\/index.php?rest_route=\/wp\/v2\/posts\/171261","targetHints":{"allow":["GET"]}}],"collection":[{"href":"https:\/\/diariodominicano.com\/index.php?rest_route=\/wp\/v2\/posts"}],"about":[{"href":"https:\/\/diariodominicano.com\/index.php?rest_route=\/wp\/v2\/types\/post"}],"author":[{"embeddable":true,"href":"https:\/\/diariodominicano.com\/index.php?rest_route=\/wp\/v2\/users\/3"}],"replies":[{"embeddable":true,"href":"https:\/\/diariodominicano.com\/index.php?rest_route=%2Fwp%2Fv2%2Fcomments&post=171261"}],"version-history":[{"count":0,"href":"https:\/\/diariodominicano.com\/index.php?rest_route=\/wp\/v2\/posts\/171261\/revisions"}],"wp:attachment":[{"href":"https:\/\/diariodominicano.com\/index.php?rest_route=%2Fwp%2Fv2%2Fmedia&parent=171261"}],"wp:term":[{"taxonomy":"category","embeddable":true,"href":"https:\/\/diariodominicano.com\/index.php?rest_route=%2Fwp%2Fv2%2Fcategories&post=171261"},{"taxonomy":"post_tag","embeddable":true,"href":"https:\/\/diariodominicano.com\/index.php?rest_route=%2Fwp%2Fv2%2Ftags&post=171261"}],"curies":[{"name":"wp","href":"https:\/\/api.w.org\/{rel}","templated":true}]}}