{"id":171260,"date":"2018-02-17T08:08:27","date_gmt":"2018-02-17T08:08:27","guid":{"rendered":"http:\/\/diariodominicano.ddns.net\/?p=171260"},"modified":"2018-02-17T08:08:27","modified_gmt":"2018-02-17T08:08:27","slug":"central-sindical-brasilena-pide-intensificar-presion-sobre-diputados","status":"publish","type":"post","link":"https:\/\/diariodominicano.com\/?p=171260","title":{"rendered":"Central sindical brasile\u00f1a pide intensificar presi\u00f3n sobre diputados"},"content":{"rendered":"<p><body><\/p>\n<p><img decoding=\"async\" src=\"img3\/bra-cut-huelga.jpg\" \/>  <\/p>\n<p><strong> Brasilia, 17 feb (PL) <\/strong>La Central \u00danica de Trabajadores (CUT) de Brasil inst\u00f3 hoy a sus afiliados a aumentar la presi\u00f3n sobre los diputados nacionales para que engaveten definitivamente la reforma del sistema jubilatorio impulsada por el presidente Michel Temer.<\/p>\n<\/p>\n<p>En este momento existen tres formas de presionar: ampliar la movilizaci\u00f3n nacional del venidero d\u00eda 19; intensificar las acciones en las redes sociales y bases electorales de los parlamentarios y garantizar la candidatura del exmandatario Luiz In\u00e1cio Lula da Silva en las elecciones de este a\u00f1o, indic\u00f3.<\/p>\n<\/p>\n<p>La presi\u00f3n necesita ser ampliada en este momento, porque esa es la \u00fanica manera de garantizar que no afecten la jubilaci\u00f3n de los trabajadores y trabajadoras, insisti\u00f3 el m\u00e1ximo dirigente de la CUT, Vagner Freitas, en declaraciones amplificadas en el sitio web de esa organizaci\u00f3n.<\/p>\n<\/p>\n<p>Freitas recalc\u00f3 asimismo que la batalla por garantizar el leg\u00edtimo derecho de Lula a concurrir como candidato a los comicios de octubre venidero forma parte de la estrategia de los movimientos sindical y sociales, porque ello garantiza que los trabajadores podr\u00e1n recuperar los derechos usurpados por el gobierno Temer.<\/p>\n<\/p>\n<p>El presidente nacional de la CUT record\u00f3 que Lula fue hasta ahora el \u00fanico precandidato en anunciar que, si resulta electo, propondr\u00e1 un referendo revocatorio para anular muchas de las medidas aprobadas por los golpistas, como la reforma laboral, el congelamiento de los gastos p\u00fablicos por 20 a\u00f1os, y el paquete de privatizaciones.<\/p>\n<\/p>\n<p>La reforma del sistema de pensiones, impugnada por el 85 por ciento de la poblaci\u00f3n brasile\u00f1a seg\u00fan encuestas, deber\u00eda ser votada la pr\u00f3xima semana en la C\u00e1mara de Diputados, mas esa posibilidad qued\u00f3 casi sepultada ayer cuando Temer orden\u00f3 una intervenci\u00f3n federal en el Estado de R\u00edo de Janeiro.<\/p>\n<\/p>\n<p>Seg\u00fan explic\u00f3 el titular de esa Casa, Rodrigo Maia, la imposibilidad de debatir y aprobar la propuesta de enmienda constitucional (PEC) que redise\u00f1a el sistema jubilatorio obedece a que la Carta Magna no puede ser modificada cuando estuviera vigente una intervenci\u00f3n federal, el estado de defensa o el estado de sitio.<\/p>\n<\/p>\n<p>tgj\/mpm<\/p>\n<h6> 2018-02-17 08:08:27 <\/h6>\n<p><!--\n<link rel=\"stylesheet\" href=\"css\/bootstrap.min.css\">\n\n\n<ul class=\"pagination\">\n\t    \n\t\n\n<li >\n\t<a href='?page_no=6583'>Previous<\/a>\n\t<\/li>\n\n\n       \n    \n\n<li><a href='?page_no=1'>1<\/a><\/li>\n\n\n\n<li><a href='?page_no=2'>2<\/a><\/li>\n\n\n\n<li><a>...<\/a><\/li>\n\n\n\n<li><a href='?page_no=6582'>6582<\/a><\/li>\n\n\n\n<li><a href='?page_no=6583'>6583<\/a><\/li>\n\n\n\n<li class='active'><a>6584<\/a><\/li>\n\n\n\n<li><a href='?page_no=6585'>6585<\/a><\/li>\n\n\n\n<li><a href='?page_no=6586'>6586<\/a><\/li>\n\n\n\n<li><a>...<\/a><\/li>\n\n\n\n<li><a href='?page_no=36999'>36999<\/a><\/li>\n\n\n\n<li><a href='?page_no=37000'>37000<\/a><\/li>\n\n    \n\t\n\n<li >\n\t<a href='?page_no=6585'>Next<\/a>\n\t<\/li>\n\n\n    \n\n<li><a href='?page_no=37000'>Last &rsaquo;&rsaquo;<\/a><\/li>\n\n<\/ul>\n\n\n--><br \/>\n<\/body><\/p>\n","protected":false},"excerpt":{"rendered":"<p>Brasilia, 17 feb (PL) La Central \u00danica de Trabajadores (CUT) de Brasil inst\u00f3 hoy a sus afiliados a aumentar la presi\u00f3n sobre los diputados nacionales para que engaveten definitivamente la reforma del sistema jubilatorio impulsada por el presidente Michel Temer. En este momento existen tres formas de presionar: ampliar la movilizaci\u00f3n nacional del venidero d\u00eda [&hellip;]<\/p>\n","protected":false},"author":3,"featured_media":0,"comment_status":"open","ping_status":"open","sticky":false,"template":"","format":"standard","meta":{"footnotes":""},"categories":[22],"tags":[],"class_list":["post-171260","post","type-post","status-publish","format-standard","hentry","category-politica"],"_links":{"self":[{"href":"https:\/\/diariodominicano.com\/index.php?rest_route=\/wp\/v2\/posts\/171260","targetHints":{"allow":["GET"]}}],"collection":[{"href":"https:\/\/diariodominicano.com\/index.php?rest_route=\/wp\/v2\/posts"}],"about":[{"href":"https:\/\/diariodominicano.com\/index.php?rest_route=\/wp\/v2\/types\/post"}],"author":[{"embeddable":true,"href":"https:\/\/diariodominicano.com\/index.php?rest_route=\/wp\/v2\/users\/3"}],"replies":[{"embeddable":true,"href":"https:\/\/diariodominicano.com\/index.php?rest_route=%2Fwp%2Fv2%2Fcomments&post=171260"}],"version-history":[{"count":0,"href":"https:\/\/diariodominicano.com\/index.php?rest_route=\/wp\/v2\/posts\/171260\/revisions"}],"wp:attachment":[{"href":"https:\/\/diariodominicano.com\/index.php?rest_route=%2Fwp%2Fv2%2Fmedia&parent=171260"}],"wp:term":[{"taxonomy":"category","embeddable":true,"href":"https:\/\/diariodominicano.com\/index.php?rest_route=%2Fwp%2Fv2%2Fcategories&post=171260"},{"taxonomy":"post_tag","embeddable":true,"href":"https:\/\/diariodominicano.com\/index.php?rest_route=%2Fwp%2Fv2%2Ftags&post=171260"}],"curies":[{"name":"wp","href":"https:\/\/api.w.org\/{rel}","templated":true}]}}