{"id":171259,"date":"2018-02-17T08:59:34","date_gmt":"2018-02-17T08:59:34","guid":{"rendered":"http:\/\/diariodominicano.ddns.net\/?p=171259"},"modified":"2018-02-17T08:59:34","modified_gmt":"2018-02-17T08:59:34","slug":"oposicion-acusa-a-rajoy-de-ser-un-lastre-para-espana","status":"publish","type":"post","link":"https:\/\/diariodominicano.com\/?p=171259","title":{"rendered":"Oposici\u00f3n acusa a Rajoy de ser un lastre para Espa\u00f1a"},"content":{"rendered":"<p><body><\/p>\n<p><strong>Madrid, 17 feb (PL) <\/strong>El secretario general del Partido Socialista Obrero Espa\u00f1ol (PSOE), Pedro S\u00e1nchez, acus\u00f3 hoy al gobierno conservador de Mariano Rajoy de ser un estorbo para este pa\u00eds.<\/p>\n<\/p>\n<p>En su discurso ante el Comit\u00e9 Federal -m\u00e1ximo \u00f3rgano entre congresos de la formaci\u00f3n socialdem\u00f3crata-, S\u00e1nchez reproch\u00f3 a Rajoy que incumpla su principal funci\u00f3n como mandatario: la aprobaci\u00f3n de los Presupuestos Generales del Estado (PGE).<\/p>\n<\/p>\n<p>&#8216;Espa\u00f1a no avanza, Espa\u00f1a est\u00e1 paralizada y este Gobierno es un lastre para el avance de nuestro pa\u00eds&#8217;, denunci\u00f3.<\/p>\n<\/p>\n<p>El l\u00edder de la primera fuerza de la oposici\u00f3n en esta naci\u00f3n ib\u00e9rica aludi\u00f3 a la intenci\u00f3n del ejecutivo del derechista Partido Popular (PP) de prorrogar las cuentas p\u00fablicas ante la falta de apoyos parlamentarios.<\/p>\n<\/p>\n<p>&#8216;Amenazan con prorrogar los presupuestos y han dejado caer que estar\u00edan dispuestos a llegar a 2020&#8217;, expres\u00f3 el m\u00e1ximo dirigente de la centenaria agrupaci\u00f3n sobre la pretensi\u00f3n de la administraci\u00f3n del PP de agotar la legislatura con las cuentas de 2017.<\/p>\n<\/p>\n<p>S\u00e1nchez se hizo eco de las numerosas cr\u00edticas de los partidos pol\u00edticos, que culparon a los populares y al partido liberal Ciudadanos (Cs) de la par\u00e1lisis que sufre la actividad legislativa del Congreso de los Diputados.<\/p>\n<\/p>\n<p>A juicio de los principales grupos de la C\u00e1mara baja, con el respaldo de Cs, el PP vet\u00f3 la mayor\u00eda de las iniciativas parlamentarias, sobre todo las de car\u00e1cter social, en el a\u00f1o y tres meses del segundo mandato de Rajoy.<\/p>\n<\/p>\n<p>Durante su intervenci\u00f3n en la reuni\u00f3n del PSOE en la ciudad de Aranjuez (Madrid), S\u00e1nchez insisti\u00f3 en que la aprobaci\u00f3n de los PGE es la primera y principal obligaci\u00f3n de un Gobierno.<\/p>\n<\/p>\n<p>Una administraci\u00f3n sin presupuestos es tan \u00fatil como un coche sin gasolina, ironiz\u00f3 el secretario general de los socialistas.<\/p>\n<\/p>\n<p>Vivir de su aplazamiento es prorrogar los problemas de la gente, consolidar los recortes de la derecha al Estado de bienestar de estos a\u00f1os y no rendir cuentas ni ante el Parlamento ni la ciudadan\u00eda, enfatiz\u00f3.<\/p>\n<\/p>\n<p>Enmarc\u00f3 la par\u00e1lisis del gobierno de Rajoy en su implicaci\u00f3n en m\u00faltiples casos de corrupci\u00f3n que, seg\u00fan su criterio, le obligan a estar mirando todo el tiempo a los tribunales.<\/p>\n<\/p>\n<p>Tambi\u00e9n a lo que calific\u00f3 de guerra fr\u00eda con sus socios de Ciudadanos, un conflicto entre iguales a los que aleja el reparto de esca\u00f1os, pero no la ideolog\u00eda, sentenci\u00f3.<\/p>\n<\/p>\n<p>ga\/edu<\/p>\n<h6> 2018-02-17 08:59:34 <\/h6>\n<p><!--\n<link rel=\"stylesheet\" href=\"css\/bootstrap.min.css\">\n\n\n<ul class=\"pagination\">\n\t    \n\t\n\n<li >\n\t<a href='?page_no=6582'>Previous<\/a>\n\t<\/li>\n\n\n       \n    \n\n<li><a href='?page_no=1'>1<\/a><\/li>\n\n\n\n<li><a href='?page_no=2'>2<\/a><\/li>\n\n\n\n<li><a>...<\/a><\/li>\n\n\n\n<li><a href='?page_no=6581'>6581<\/a><\/li>\n\n\n\n<li><a href='?page_no=6582'>6582<\/a><\/li>\n\n\n\n<li class='active'><a>6583<\/a><\/li>\n\n\n\n<li><a href='?page_no=6584'>6584<\/a><\/li>\n\n\n\n<li><a href='?page_no=6585'>6585<\/a><\/li>\n\n\n\n<li><a>...<\/a><\/li>\n\n\n\n<li><a href='?page_no=36999'>36999<\/a><\/li>\n\n\n\n<li><a href='?page_no=37000'>37000<\/a><\/li>\n\n    \n\t\n\n<li >\n\t<a href='?page_no=6584'>Next<\/a>\n\t<\/li>\n\n\n    \n\n<li><a href='?page_no=37000'>Last &rsaquo;&rsaquo;<\/a><\/li>\n\n<\/ul>\n\n\n--><br \/>\n<\/body><\/p>\n","protected":false},"excerpt":{"rendered":"<p>Madrid, 17 feb (PL) El secretario general del Partido Socialista Obrero Espa\u00f1ol (PSOE), Pedro S\u00e1nchez, acus\u00f3 hoy al gobierno conservador de Mariano Rajoy de ser un estorbo para este pa\u00eds. En su discurso ante el Comit\u00e9 Federal -m\u00e1ximo \u00f3rgano entre congresos de la formaci\u00f3n socialdem\u00f3crata-, S\u00e1nchez reproch\u00f3 a Rajoy que incumpla su principal funci\u00f3n como [&hellip;]<\/p>\n","protected":false},"author":3,"featured_media":0,"comment_status":"open","ping_status":"open","sticky":false,"template":"","format":"standard","meta":{"footnotes":""},"categories":[22],"tags":[],"class_list":["post-171259","post","type-post","status-publish","format-standard","hentry","category-politica"],"_links":{"self":[{"href":"https:\/\/diariodominicano.com\/index.php?rest_route=\/wp\/v2\/posts\/171259","targetHints":{"allow":["GET"]}}],"collection":[{"href":"https:\/\/diariodominicano.com\/index.php?rest_route=\/wp\/v2\/posts"}],"about":[{"href":"https:\/\/diariodominicano.com\/index.php?rest_route=\/wp\/v2\/types\/post"}],"author":[{"embeddable":true,"href":"https:\/\/diariodominicano.com\/index.php?rest_route=\/wp\/v2\/users\/3"}],"replies":[{"embeddable":true,"href":"https:\/\/diariodominicano.com\/index.php?rest_route=%2Fwp%2Fv2%2Fcomments&post=171259"}],"version-history":[{"count":0,"href":"https:\/\/diariodominicano.com\/index.php?rest_route=\/wp\/v2\/posts\/171259\/revisions"}],"wp:attachment":[{"href":"https:\/\/diariodominicano.com\/index.php?rest_route=%2Fwp%2Fv2%2Fmedia&parent=171259"}],"wp:term":[{"taxonomy":"category","embeddable":true,"href":"https:\/\/diariodominicano.com\/index.php?rest_route=%2Fwp%2Fv2%2Fcategories&post=171259"},{"taxonomy":"post_tag","embeddable":true,"href":"https:\/\/diariodominicano.com\/index.php?rest_route=%2Fwp%2Fv2%2Ftags&post=171259"}],"curies":[{"name":"wp","href":"https:\/\/api.w.org\/{rel}","templated":true}]}}