{"id":171258,"date":"2018-02-17T09:22:19","date_gmt":"2018-02-17T09:22:19","guid":{"rendered":"http:\/\/diariodominicano.ddns.net\/?p=171258"},"modified":"2018-02-17T09:22:19","modified_gmt":"2018-02-17T09:22:19","slug":"el-destino-de-merkel-en-manos-de-los-militantes-socialdemocratas","status":"publish","type":"post","link":"https:\/\/diariodominicano.com\/?p=171258","title":{"rendered":"El destino de Merkel, en manos de los militantes socialdem\u00f3cratas"},"content":{"rendered":"<p><body><\/p>\n<p><img decoding=\"async\" src=\"img3\/93b4ec9119a195240b7b05fc0df0d35660ebeb62.jpg\" \/><br \/><img decoding=\"async\" src=\"img3\/a63d1da705c2cd3b31ee620dc2951a5ef83a21b0.jpg\" \/>  <\/p>\n<p>AFP\/Archivos \/ Odd Andersen<\/p>\n<p>La canciller alemana, Angela Merkel, el 21 de noviembre de 2017 en Berl\u00edn<\/p>\n<p>El partido socialdem\u00f3crata alem\u00e1n (SPD) lanza este s\u00e1bado una campa\u00f1a para convencer a sus miembros de aprobar un gobierno con la canciller conservadora Angela Merkel, cinco meses despu\u00e9s de las elecciones legislativas en la primera econom\u00eda europea.<\/p>\n<\/p>\n<p>La votaci\u00f3n de los cerca de 464.000 afiliados del SPD es vital para la mandataria de 63 a\u00f1os, que gan\u00f3 los comicios del 24 de septiembre, pero no obtuvo una mayor\u00eda clara en el Parlamento.<\/p>\n<\/p>\n<p>La consulta, que comenzar\u00e1 el martes, llega en un momento complicado para el partido m\u00e1s antiguo de Alemania, que no para de caer en los sondeos.<\/p>\n<\/p>\n<p>Una encuesta de la televisi\u00f3n p\u00fablica ARD le atribuye el 16% de las intenciones de voto, solamente un punto por delante del partido de extrema derecha Alternativa para Alemania (AfD). En septiembre, los socialdem\u00f3cratas hab\u00edan obtenido el 20,5% de los votos, su m\u00ednimo hist\u00f3rico.<\/p>\n<\/p>\n<p>Los resultados de la votaci\u00f3n del SPD se conocer\u00e1n el 4 de marzo. Si los militantes dan el visto bueno a un gobierno de coalici\u00f3n con los conservadores, Merkel, que lleva m\u00e1s de 12 a\u00f1os al frente del pa\u00eds, podr\u00e1 iniciar su cuarto mandato.<\/p>\n<\/p>\n<p>En caso contrario, el contrato de coalici\u00f3n que firmaron los conservadores y los socialdem\u00f3cratas tras negociaciones maratonianas ser\u00e1 papel mojado, y Alemania se dirigir\u00e1 probablemente hacia elecciones anticipadas que podr\u00edan beneficiar sobre todo a AfD.<\/p>\n<\/p>\n<p>La canciller tambi\u00e9n podr\u00eda optar por un gobierno en minor\u00eda, una posibilidad que siempre ha descartado hasta el momento.<\/p>\n<\/p>\n<p>&#8211; Guerra de l\u00edderes &#8211;<\/p>\n<\/p>\n<p>DPA\/AFP \/ Ina Fassbender<\/p>\n<p>Andrea Nahles, que tomar\u00e1, salvo sorpresa, las riendas del SPD a finales de abril, lanza este s\u00e1bado en Hamburgo la primera de varias conferencias regionales para defender los beneficios de una nueva gran coalici\u00f3n ante sus bases<\/p>\n<p>Andrea Nahles, que tomar\u00e1, salvo sorpresa, las riendas del SPD a finales de abril, lanza este s\u00e1bado en Hamburgo la primera de varias conferencias regionales para defender los beneficios de una nueva gran coalici\u00f3n ante sus bases.<\/p>\n<\/p>\n<p>Su tarea tambi\u00e9n consistir\u00e1 en restablecer la calma despu\u00e9s de los ajustes de cuenta entre dirigentes, que provocaron el martes la renuncia del presidente del partido, Martin Schulz.<\/p>\n<\/p>\n<p>\u00abLas viejas luchas de poder entre los hombres perjudicaron al partido\u00bb, afirm\u00f3 Manuela Schwesig, una vicepresidenta del partido, en una entrevista para el diario Schweriner Volkszeitung. \u00abNosotras, las mujeres, vamos a actuar de otra forma\u00bb.<\/p>\n<\/p>\n<p>Recibido como un salvador hace apenas un a\u00f1o, Schulz, que durante meses estuvo cerca de Merkel en los sondeos, condujo a su partido hacia una derrota hist\u00f3rica en las legislativas, marcadas por el ascenso de AfD.<\/p>\n<\/p>\n<p>Despu\u00e9s de proclamar que prefer\u00edan regenerar el partido en la oposici\u00f3n, los dirigentes socialdem\u00f3cratas cambiaron de parecer tras el fracaso en noviembre de las negociaciones entre conservadores, liberales y ecologistas para formar gobierno.<\/p>\n<\/p>\n<p>Un giro que no sent\u00f3 bien a los militantes. Muchos consideran que, al hilo de sus alianzas con los conservadores, el partido se fue alejando de sus ra\u00edces de izquierdas y de la confianza de su electorado.<\/p>\n<\/p>\n<p>La gota que colm\u00f3 el vaso fue la voluntad de Schulz de ocupar el ministerio de Relaciones Exteriores en el futuro gobierno, aunque hab\u00eda jurado no entrar en un ejecutivo con Merkel.<\/p>\n<\/p>\n<p>&#8211; Huella socialdem\u00f3crata &#8211;<\/p>\n<\/p>\n<p>Nahles quiere centrarse en el contenido del contrato de coalici\u00f3n que, seg\u00fan ella, tiene una fuerte \u00abhuella socialdem\u00f3crata\u00bb.<\/p>\n<\/p>\n<p>El SPD obtuvo en efecto varias concesiones en materia de salud o de empleo y seis ministerios, incluidos el de Relaciones Exteriores y, sobre todo, el de Finanzas, que fue durante a\u00f1os \u00abpropiedad\u00bb de los conservadores.<\/p>\n<\/p>\n<p>Estos deber\u00e1n contentarse con las carteras de Econom\u00eda y de Defensa entre los principales ministerios, lo cual provoc\u00f3 unas cr\u00edticas internas sin precedentes contra Merkel.<\/p>\n<\/p>\n<p>A pesar de las dificultades, un sondeo del instituto Kantar Emnid publicado el viernes revela un dato alentador para los dirigentes socialdem\u00f3cratas: dos tercios de sus simpatizantes se muestran a favor de una coalici\u00f3n con los conservadores.<\/p>\n<\/p>\n<p>Los l\u00edderes del SPD insisten adem\u00e1s en el probable desastre que podr\u00eda provocar la convocatoria de nuevas elecciones para el partido.<\/p>\n<\/p>\n<p>Una advertencia que enfada a Kevin K\u00fchnert, el medi\u00e1tico jefe de las juventudes socialdem\u00f3cratas, que lanz\u00f3 una ruidosa campa\u00f1a contra la coalici\u00f3n. \u00abSi tememos nuevas elecciones, entonces podemos cerrar el negocio\u00bb, declar\u00f3.<\/p>\n<h6> 2018-02-17 09:22:19 <\/h6>\n<p><!--\n<link rel=\"stylesheet\" href=\"css\/bootstrap.min.css\">\n\n\n<ul class=\"pagination\">\n\t    \n\t\n\n<li >\n\t<a href='?page_no=6581'>Previous<\/a>\n\t<\/li>\n\n\n       \n    \n\n<li><a href='?page_no=1'>1<\/a><\/li>\n\n\n\n<li><a href='?page_no=2'>2<\/a><\/li>\n\n\n\n<li><a>...<\/a><\/li>\n\n\n\n<li><a href='?page_no=6580'>6580<\/a><\/li>\n\n\n\n<li><a href='?page_no=6581'>6581<\/a><\/li>\n\n\n\n<li class='active'><a>6582<\/a><\/li>\n\n\n\n<li><a href='?page_no=6583'>6583<\/a><\/li>\n\n\n\n<li><a href='?page_no=6584'>6584<\/a><\/li>\n\n\n\n<li><a>...<\/a><\/li>\n\n\n\n<li><a href='?page_no=36999'>36999<\/a><\/li>\n\n\n\n<li><a href='?page_no=37000'>37000<\/a><\/li>\n\n    \n\t\n\n<li >\n\t<a href='?page_no=6583'>Next<\/a>\n\t<\/li>\n\n\n    \n\n<li><a href='?page_no=37000'>Last &rsaquo;&rsaquo;<\/a><\/li>\n\n<\/ul>\n\n\n--><br \/>\n<\/body><\/p>\n","protected":false},"excerpt":{"rendered":"<p>AFP\/Archivos \/ Odd Andersen La canciller alemana, Angela Merkel, el 21 de noviembre de 2017 en Berl\u00edn El partido socialdem\u00f3crata alem\u00e1n (SPD) lanza este s\u00e1bado una campa\u00f1a para convencer a sus miembros de aprobar un gobierno con la canciller conservadora Angela Merkel, cinco meses despu\u00e9s de las elecciones legislativas en la primera econom\u00eda europea. La [&hellip;]<\/p>\n","protected":false},"author":3,"featured_media":0,"comment_status":"open","ping_status":"open","sticky":false,"template":"","format":"standard","meta":{"footnotes":""},"categories":[22],"tags":[],"class_list":["post-171258","post","type-post","status-publish","format-standard","hentry","category-politica"],"_links":{"self":[{"href":"https:\/\/diariodominicano.com\/index.php?rest_route=\/wp\/v2\/posts\/171258","targetHints":{"allow":["GET"]}}],"collection":[{"href":"https:\/\/diariodominicano.com\/index.php?rest_route=\/wp\/v2\/posts"}],"about":[{"href":"https:\/\/diariodominicano.com\/index.php?rest_route=\/wp\/v2\/types\/post"}],"author":[{"embeddable":true,"href":"https:\/\/diariodominicano.com\/index.php?rest_route=\/wp\/v2\/users\/3"}],"replies":[{"embeddable":true,"href":"https:\/\/diariodominicano.com\/index.php?rest_route=%2Fwp%2Fv2%2Fcomments&post=171258"}],"version-history":[{"count":0,"href":"https:\/\/diariodominicano.com\/index.php?rest_route=\/wp\/v2\/posts\/171258\/revisions"}],"wp:attachment":[{"href":"https:\/\/diariodominicano.com\/index.php?rest_route=%2Fwp%2Fv2%2Fmedia&parent=171258"}],"wp:term":[{"taxonomy":"category","embeddable":true,"href":"https:\/\/diariodominicano.com\/index.php?rest_route=%2Fwp%2Fv2%2Fcategories&post=171258"},{"taxonomy":"post_tag","embeddable":true,"href":"https:\/\/diariodominicano.com\/index.php?rest_route=%2Fwp%2Fv2%2Ftags&post=171258"}],"curies":[{"name":"wp","href":"https:\/\/api.w.org\/{rel}","templated":true}]}}