{"id":171257,"date":"2018-02-17T22:48:48","date_gmt":"2018-02-17T22:48:48","guid":{"rendered":"http:\/\/diariodominicano.ddns.net\/?p=171257"},"modified":"2018-02-17T22:48:48","modified_gmt":"2018-02-17T22:48:48","slug":"pld-convoca-a-asamblea-de-profesores-estudiantes-y-empleados-de-la-uasd","status":"publish","type":"post","link":"https:\/\/diariodominicano.com\/?p=171257","title":{"rendered":"PLD convoca a asamblea de Profesores, Estudiantes y Empleados de la UASD"},"content":{"rendered":"<p><body><\/p>\n<p><img decoding=\"async\" src=\"img3\/Casa nac.amplio.JPG\" \/>  <\/p>\n<p><strong>SANTO DOMINGO, RD, 17 de febrero de 2018.- <\/strong>El Partido de la Liberaci\u00f3n Dominicana (PLD) convoc\u00f3 a  Profesores, Estudiantes y Empleados de la Universidad Aut\u00f3noma de Santo Domingo, que son miembros de esa organizaci\u00f3n pol\u00edtica,  a una Asamblea General este domingo para escuchar sus opiniones sobre las pr\u00f3ximas  elecciones de autoridades de la academia estatal.<\/p>\n<\/p>\n<p><strong>La  convocatoria es para este  domingo 18 de febrero, a partir de las  10:00 de la ma\u00f1ana   en el Sal\u00f3n Bienvenido Sandoval de la Casa Nacional del PLD.<\/strong><\/p>\n<\/p>\n<p>Presidir\u00e1   la asamblea una  Comisi\u00f3n designada por el Comit\u00e9 Pol\u00edtico del Partido de la Liberaci\u00f3n Dominicana (PLD) coordinada por Alejandrina Germ\u00e1n e integrada  por Ram\u00f3n Valerio, Secretario de Educaci\u00f3n Superior del PLD, y  Ligia Amada Melo, del Comite Central<\/p>\n<\/p>\n<p>En la agenda se dar\u00e1  seguimiento al proceso eleccionario en la Universidad Aut\u00f3noma de Santo Domingo (UASD) que se celebrar\u00e1 en junio del corriente a\u00f1o 2018, inform\u00f3 la Secretar\u00eda de Comunicaciones del PLD.<\/p>\n<\/p>\n<p>De igual modo invit\u00f3 a la  Asamblea a los  candidatos a Vicerrectores, Decanos, Directores de Escuelas y de Centros Regionales.<\/p>\n<\/p>\n<p>Alejandrina Germ\u00e1n, Miembro del Comit\u00e9 Pol\u00edtico del PLD y Coordinadora de la Comisi\u00f3n, mediante   un despacho de la Secretar\u00eda de Comunicaciones del PLD  hizo un llamado a todos los universitarios miembros del PLD a que asistan a esta Asamblea como una forma de demostrar nuestra disposici\u00f3n de trabajar por un nuevo rumbo de la UASD.<\/p>\n<\/p>\n<h6> 2018-02-17 22:48:48 <\/h6>\n<p><!--\n<link rel=\"stylesheet\" href=\"css\/bootstrap.min.css\">\n\n\n<ul class=\"pagination\">\n\t    \n\t\n\n<li >\n\t<a href='?page_no=6580'>Previous<\/a>\n\t<\/li>\n\n\n       \n    \n\n<li><a href='?page_no=1'>1<\/a><\/li>\n\n\n\n<li><a href='?page_no=2'>2<\/a><\/li>\n\n\n\n<li><a>...<\/a><\/li>\n\n\n\n<li><a href='?page_no=6579'>6579<\/a><\/li>\n\n\n\n<li><a href='?page_no=6580'>6580<\/a><\/li>\n\n\n\n<li class='active'><a>6581<\/a><\/li>\n\n\n\n<li><a href='?page_no=6582'>6582<\/a><\/li>\n\n\n\n<li><a href='?page_no=6583'>6583<\/a><\/li>\n\n\n\n<li><a>...<\/a><\/li>\n\n\n\n<li><a href='?page_no=36999'>36999<\/a><\/li>\n\n\n\n<li><a href='?page_no=37000'>37000<\/a><\/li>\n\n    \n\t\n\n<li >\n\t<a href='?page_no=6582'>Next<\/a>\n\t<\/li>\n\n\n    \n\n<li><a href='?page_no=37000'>Last &rsaquo;&rsaquo;<\/a><\/li>\n\n<\/ul>\n\n\n--><br \/>\n<\/body><\/p>\n","protected":false},"excerpt":{"rendered":"<p>SANTO DOMINGO, RD, 17 de febrero de 2018.- El Partido de la Liberaci\u00f3n Dominicana (PLD) convoc\u00f3 a Profesores, Estudiantes y Empleados de la Universidad Aut\u00f3noma de Santo Domingo, que son miembros de esa organizaci\u00f3n pol\u00edtica, a una Asamblea General este domingo para escuchar sus opiniones sobre las pr\u00f3ximas elecciones de autoridades de la academia estatal. [&hellip;]<\/p>\n","protected":false},"author":3,"featured_media":0,"comment_status":"open","ping_status":"open","sticky":false,"template":"","format":"standard","meta":{"footnotes":""},"categories":[22],"tags":[],"class_list":["post-171257","post","type-post","status-publish","format-standard","hentry","category-politica"],"_links":{"self":[{"href":"https:\/\/diariodominicano.com\/index.php?rest_route=\/wp\/v2\/posts\/171257","targetHints":{"allow":["GET"]}}],"collection":[{"href":"https:\/\/diariodominicano.com\/index.php?rest_route=\/wp\/v2\/posts"}],"about":[{"href":"https:\/\/diariodominicano.com\/index.php?rest_route=\/wp\/v2\/types\/post"}],"author":[{"embeddable":true,"href":"https:\/\/diariodominicano.com\/index.php?rest_route=\/wp\/v2\/users\/3"}],"replies":[{"embeddable":true,"href":"https:\/\/diariodominicano.com\/index.php?rest_route=%2Fwp%2Fv2%2Fcomments&post=171257"}],"version-history":[{"count":0,"href":"https:\/\/diariodominicano.com\/index.php?rest_route=\/wp\/v2\/posts\/171257\/revisions"}],"wp:attachment":[{"href":"https:\/\/diariodominicano.com\/index.php?rest_route=%2Fwp%2Fv2%2Fmedia&parent=171257"}],"wp:term":[{"taxonomy":"category","embeddable":true,"href":"https:\/\/diariodominicano.com\/index.php?rest_route=%2Fwp%2Fv2%2Fcategories&post=171257"},{"taxonomy":"post_tag","embeddable":true,"href":"https:\/\/diariodominicano.com\/index.php?rest_route=%2Fwp%2Fv2%2Ftags&post=171257"}],"curies":[{"name":"wp","href":"https:\/\/api.w.org\/{rel}","templated":true}]}}