{"id":171256,"date":"2018-02-17T23:42:31","date_gmt":"2018-02-17T23:42:31","guid":{"rendered":"http:\/\/diariodominicano.ddns.net\/?p=171256"},"modified":"2018-02-17T23:42:31","modified_gmt":"2018-02-17T23:42:31","slug":"santos-insta-a-los-colombianos-a-respetar-las-diferencias","status":"publish","type":"post","link":"https:\/\/diariodominicano.com\/?p=171256","title":{"rendered":"Santos insta a los colombianos a respetar las diferencias"},"content":{"rendered":"<p><body><\/p>\n<p><img decoding=\"async\" src=\"img3\/0-santospolitica.jpg\" \/>  <\/p>\n<p><strong> Bogot\u00e1, 17 feb (PL) <\/strong>El presidente Juan Manuel Santos inst\u00f3 hoy a los colombianos a respetarse mutuamente, pese a las diferencias, como f\u00f3rmula para avanzar en la construcci\u00f3n de la paz.<\/p>\n<\/p>\n<p>&#8216;Si nos respetamos las diferencias, podemos vivir en paz&#8217;, recalc\u00f3 el mandatario este s\u00e1bado en acto de restituci\u00f3n de tierras a familias desplazadas por el conflicto armado en el municipio de Granada, departamento de Antioquia.<\/p>\n<\/p>\n<p>Realz\u00f3 Santos que los colombianos son hijos todos de una misma naci\u00f3n y que las diferencias culturales entre las diversas regiones lejos de debilitar, fortalecen al pa\u00eds.<\/p>\n<\/p>\n<p>&#8216;Gracias a Dios, tenemos diferencias. Este es un pa\u00eds hermoso, muy diverso, inclusive entre regiones. Uno viene a Antioquia y encuentra una m\u00fasica, una comida, una cultura diferente a la que encuentra en Nari\u00f1o, a la que encuentra en el Caribe&#8217;, ilustr\u00f3.<\/p>\n<\/p>\n<p>Apunt\u00f3 que hay lugares de Colombia, como el antioque\u00f1o municipio de Granada, que vivieron en carne propia la guerra. Sin embargo, en otras partes del pa\u00eds no es igual y no ponderan de igual modo el significado de la paz, opin\u00f3.<\/p>\n<\/p>\n<p>&#8216;Hay mucha gente all\u00e1 en Bogot\u00e1 y en otras ciudades que vio la guerra por televisi\u00f3n y no la sinti\u00f3, y no siente lo que est\u00e1 pasando y los cambios que hemos logrado, maravillosos, en este pa\u00eds en los \u00faltimos a\u00f1os&#8217;, coment\u00f3 el jefe de Estado.<\/p>\n<\/p>\n<p>Aludi\u00f3 adem\u00e1s al derecho al ejercicio pol\u00edtico que tienen todos los partidos en legalidad, como el caso de la Fuerza Alternativa Revolucionaria del Com\u00fan (FARC), derivada de la exguerrilla Fuerzas Armadas Revolucionarias de Colombia-Ej\u00e9rcito del Pueblo que, acot\u00f3 Santos, entreg\u00f3 hasta la \u00faltima arma que dispon\u00edan.<\/p>\n<\/p>\n<p>Justamente anoche los principales dirigentes de la FARC se reunieron con el ministro del Interior, Guillermo Rivera, al que trasladaron serias preocupaciones por los actos de violencia que sufrieron en el comienzo de la campa\u00f1a electoral y que condujo a su suspensi\u00f3n.<\/p>\n<\/p>\n<p>Como resultado del encuentro el Gobierno anunci\u00f3 que tomar\u00edan las medidas requeridas para que la FARC pudiera retomar su campa\u00f1a pol\u00edtica con total garant\u00eda a la integridad f\u00edsica de sus candidatos.<\/p>\n<\/p>\n<p>oda\/tpa<\/p>\n<h6> 2018-02-17 23:42:31 <\/h6>\n<p><!--\n<link rel=\"stylesheet\" href=\"css\/bootstrap.min.css\">\n\n\n<ul class=\"pagination\">\n\t    \n\t\n\n<li >\n\t<a href='?page_no=6579'>Previous<\/a>\n\t<\/li>\n\n\n       \n    \n\n<li><a href='?page_no=1'>1<\/a><\/li>\n\n\n\n<li><a href='?page_no=2'>2<\/a><\/li>\n\n\n\n<li><a>...<\/a><\/li>\n\n\n\n<li><a href='?page_no=6578'>6578<\/a><\/li>\n\n\n\n<li><a href='?page_no=6579'>6579<\/a><\/li>\n\n\n\n<li class='active'><a>6580<\/a><\/li>\n\n\n\n<li><a href='?page_no=6581'>6581<\/a><\/li>\n\n\n\n<li><a href='?page_no=6582'>6582<\/a><\/li>\n\n\n\n<li><a>...<\/a><\/li>\n\n\n\n<li><a href='?page_no=36999'>36999<\/a><\/li>\n\n\n\n<li><a href='?page_no=37000'>37000<\/a><\/li>\n\n    \n\t\n\n<li >\n\t<a href='?page_no=6581'>Next<\/a>\n\t<\/li>\n\n\n    \n\n<li><a href='?page_no=37000'>Last &rsaquo;&rsaquo;<\/a><\/li>\n\n<\/ul>\n\n\n--><br \/>\n<\/body><\/p>\n","protected":false},"excerpt":{"rendered":"<p>Bogot\u00e1, 17 feb (PL) El presidente Juan Manuel Santos inst\u00f3 hoy a los colombianos a respetarse mutuamente, pese a las diferencias, como f\u00f3rmula para avanzar en la construcci\u00f3n de la paz. &#8216;Si nos respetamos las diferencias, podemos vivir en paz&#8217;, recalc\u00f3 el mandatario este s\u00e1bado en acto de restituci\u00f3n de tierras a familias desplazadas por [&hellip;]<\/p>\n","protected":false},"author":3,"featured_media":0,"comment_status":"open","ping_status":"open","sticky":false,"template":"","format":"standard","meta":{"footnotes":""},"categories":[22],"tags":[],"class_list":["post-171256","post","type-post","status-publish","format-standard","hentry","category-politica"],"_links":{"self":[{"href":"https:\/\/diariodominicano.com\/index.php?rest_route=\/wp\/v2\/posts\/171256","targetHints":{"allow":["GET"]}}],"collection":[{"href":"https:\/\/diariodominicano.com\/index.php?rest_route=\/wp\/v2\/posts"}],"about":[{"href":"https:\/\/diariodominicano.com\/index.php?rest_route=\/wp\/v2\/types\/post"}],"author":[{"embeddable":true,"href":"https:\/\/diariodominicano.com\/index.php?rest_route=\/wp\/v2\/users\/3"}],"replies":[{"embeddable":true,"href":"https:\/\/diariodominicano.com\/index.php?rest_route=%2Fwp%2Fv2%2Fcomments&post=171256"}],"version-history":[{"count":0,"href":"https:\/\/diariodominicano.com\/index.php?rest_route=\/wp\/v2\/posts\/171256\/revisions"}],"wp:attachment":[{"href":"https:\/\/diariodominicano.com\/index.php?rest_route=%2Fwp%2Fv2%2Fmedia&parent=171256"}],"wp:term":[{"taxonomy":"category","embeddable":true,"href":"https:\/\/diariodominicano.com\/index.php?rest_route=%2Fwp%2Fv2%2Fcategories&post=171256"},{"taxonomy":"post_tag","embeddable":true,"href":"https:\/\/diariodominicano.com\/index.php?rest_route=%2Fwp%2Fv2%2Ftags&post=171256"}],"curies":[{"name":"wp","href":"https:\/\/api.w.org\/{rel}","templated":true}]}}