{"id":171254,"date":"2018-02-17T23:59:21","date_gmt":"2018-02-17T23:59:21","guid":{"rendered":"http:\/\/diariodominicano.ddns.net\/?p=171254"},"modified":"2018-02-17T23:59:21","modified_gmt":"2018-02-17T23:59:21","slug":"patria-socialista-presenta-en-roma-manifiesto-politico","status":"publish","type":"post","link":"https:\/\/diariodominicano.com\/?p=171254","title":{"rendered":"Patria Socialista presenta en Roma manifiesto pol\u00edtico"},"content":{"rendered":"<p><body><\/p>\n<p><img decoding=\"async\" src=\"img3\/0-patriaitalia.jpg\" \/>  <\/p>\n<p><strong> Roma, 17 feb (PL) <\/strong>La organizaci\u00f3n pol\u00edtica italiana Patria Socialista present\u00f3 hoy su manifiesto pol\u00edtico-filos\u00f3fico durante una jornada, en la cual realiz\u00f3 la primera inscripci\u00f3n de militantes.<\/p>\n<\/p>\n<p>El documento surge tras 10 a\u00f1os de preparaci\u00f3n de la iniciativa, inspirada en las luchas revolucionarias en todo el mundo, con la premisa de que &#8216;donde quiera que una vanguardia haya sabido convertir en realidad la idea marxista en su momento y de acuerdo con sus propias peculiaridades, hay algo que aprender&#8217;.<\/p>\n<\/p>\n<p>Durante el acto con el cual culmin\u00f3 el proceso de maduraci\u00f3n y estructuraci\u00f3n del movimiento, hablaron sus principales dirigentes, entre ellos Igor Camilli e Iv\u00e1n Collini.<\/p>\n<\/p>\n<p>Destacaron ambos la significaci\u00f3n del momento, conscientes de la responsabilidad que entra\u00f1a el camino emprendido.<\/p>\n<\/p>\n<p>El tal sentido, resaltaron la importancia de la lucha contra el fascismo y sus manifestaciones, al tiempo que subrayaron, como expresa el manifiesto, que &#8216;la misi\u00f3n que se nos plantea a todos nosotros no es solo la defensa de la idea socialista, sino la lucha por su supervivencia y custodia&#8217;.<\/p>\n<\/p>\n<p>Intervinieron tambi\u00e9n varios invitados, entre ellos el embajador de la Rep\u00fablica Bolivariana de Venezuela en Italia, Isa\u00edas Rodr\u00edguez, el primer secretario encargado de la Oficina Pol\u00edtica de la embajada de Cuba, Mauricio Mart\u00ednez, y el vicepresidente de la Asociaci\u00f3n Nacional de Amistad Italia-Cuba (Anaic), Marco Papacci.<\/p>\n<\/p>\n<p>El jefe de la misi\u00f3n diplom\u00e1tica venezolana fue aclamado cuando traslad\u00f3 a los presentes un saludo del gobierno y el pueblo de su pa\u00eds, sometido actualmente a un cerco, pero asegur\u00f3 que est\u00e1 de pi\u00e9, resistir\u00e1 y vencer\u00e1.<\/p>\n<\/p>\n<p>A nombre de la representaci\u00f3n cubana, Mauricio Mart\u00ednez destac\u00f3 el papel desempe\u00f1ado por Patria Socialista en la solidaridad con la Isla y cit\u00f3 como ejemplo la colocaci\u00f3n en la sede del movimiento, en el popular barrio romano de San Lorenzo, de la primera tarja en homenaje al Comandante Ernesto Che Guevara, en Italia.<\/p>\n<\/p>\n<p>Por su parte, Papacci consider\u00f3 un deber asistir a la presentaci\u00f3n del manifiesto de una organizaci\u00f3n &#8216;con tantos compa\u00f1eros y amigos&#8217; con quienes la Anaic ha desarrollado estrechas y profundas relaciones de colaboraci\u00f3n.<\/p>\n<\/p>\n<p>En esa direcci\u00f3n, subray\u00f3 el compromiso de ambas partes de defender con firmeza las revoluciones de Cuba y Venezuela, y subray\u00f3 la importancia de la unidad para vencer.<\/p>\n<\/p>\n<p>oda\/fgg<\/p>\n<h6> 2018-02-17 23:59:21 <\/h6>\n<p><!--\n<link rel=\"stylesheet\" href=\"css\/bootstrap.min.css\">\n\n\n<ul class=\"pagination\">\n\t    \n\t\n\n<li >\n\t<a href='?page_no=6578'>Previous<\/a>\n\t<\/li>\n\n\n       \n    \n\n<li><a href='?page_no=1'>1<\/a><\/li>\n\n\n\n<li><a href='?page_no=2'>2<\/a><\/li>\n\n\n\n<li><a>...<\/a><\/li>\n\n\n\n<li><a href='?page_no=6577'>6577<\/a><\/li>\n\n\n\n<li><a href='?page_no=6578'>6578<\/a><\/li>\n\n\n\n<li class='active'><a>6579<\/a><\/li>\n\n\n\n<li><a href='?page_no=6580'>6580<\/a><\/li>\n\n\n\n<li><a href='?page_no=6581'>6581<\/a><\/li>\n\n\n\n<li><a>...<\/a><\/li>\n\n\n\n<li><a href='?page_no=36999'>36999<\/a><\/li>\n\n\n\n<li><a href='?page_no=37000'>37000<\/a><\/li>\n\n    \n\t\n\n<li >\n\t<a href='?page_no=6580'>Next<\/a>\n\t<\/li>\n\n\n    \n\n<li><a href='?page_no=37000'>Last &rsaquo;&rsaquo;<\/a><\/li>\n\n<\/ul>\n\n\n--><br \/>\n<\/body><\/p>\n","protected":false},"excerpt":{"rendered":"<p>Roma, 17 feb (PL) La organizaci\u00f3n pol\u00edtica italiana Patria Socialista present\u00f3 hoy su manifiesto pol\u00edtico-filos\u00f3fico durante una jornada, en la cual realiz\u00f3 la primera inscripci\u00f3n de militantes. El documento surge tras 10 a\u00f1os de preparaci\u00f3n de la iniciativa, inspirada en las luchas revolucionarias en todo el mundo, con la premisa de que &#8216;donde quiera que [&hellip;]<\/p>\n","protected":false},"author":3,"featured_media":0,"comment_status":"open","ping_status":"open","sticky":false,"template":"","format":"standard","meta":{"footnotes":""},"categories":[22],"tags":[],"class_list":["post-171254","post","type-post","status-publish","format-standard","hentry","category-politica"],"_links":{"self":[{"href":"https:\/\/diariodominicano.com\/index.php?rest_route=\/wp\/v2\/posts\/171254","targetHints":{"allow":["GET"]}}],"collection":[{"href":"https:\/\/diariodominicano.com\/index.php?rest_route=\/wp\/v2\/posts"}],"about":[{"href":"https:\/\/diariodominicano.com\/index.php?rest_route=\/wp\/v2\/types\/post"}],"author":[{"embeddable":true,"href":"https:\/\/diariodominicano.com\/index.php?rest_route=\/wp\/v2\/users\/3"}],"replies":[{"embeddable":true,"href":"https:\/\/diariodominicano.com\/index.php?rest_route=%2Fwp%2Fv2%2Fcomments&post=171254"}],"version-history":[{"count":0,"href":"https:\/\/diariodominicano.com\/index.php?rest_route=\/wp\/v2\/posts\/171254\/revisions"}],"wp:attachment":[{"href":"https:\/\/diariodominicano.com\/index.php?rest_route=%2Fwp%2Fv2%2Fmedia&parent=171254"}],"wp:term":[{"taxonomy":"category","embeddable":true,"href":"https:\/\/diariodominicano.com\/index.php?rest_route=%2Fwp%2Fv2%2Fcategories&post=171254"},{"taxonomy":"post_tag","embeddable":true,"href":"https:\/\/diariodominicano.com\/index.php?rest_route=%2Fwp%2Fv2%2Ftags&post=171254"}],"curies":[{"name":"wp","href":"https:\/\/api.w.org\/{rel}","templated":true}]}}