{"id":171253,"date":"2018-02-18T09:35:59","date_gmt":"2018-02-18T09:35:59","guid":{"rendered":"http:\/\/diariodominicano.ddns.net\/?p=171253"},"modified":"2018-02-18T09:35:59","modified_gmt":"2018-02-18T09:35:59","slug":"presidente-frances-pierde-seis-puntos-de-popularidad-segun-sondeo","status":"publish","type":"post","link":"https:\/\/diariodominicano.com\/?p=171253","title":{"rendered":"Presidente franc\u00e9s pierde seis puntos de popularidad, seg\u00fan sondeo"},"content":{"rendered":"<p><body><\/p>\n<p><img decoding=\"async\" src=\"img3\/macron1.jpg\" \/>  <\/p>\n<p><strong>Par\u00eds, 18 feb (PL) <\/strong>El presidente de Francia, Emmanuel Macron, perdi\u00f3 seis puntos de popularidad en las \u00faltimas semanas, seg\u00fan el sondeo mensual del instituto Ifop publicado hoy.<\/p>\n<\/p>\n<p>De acuerdo con la encuesta, un 44 por ciento de los ciudadanos se declara satisfecho con la gesti\u00f3n del mandatario, seis puntos menos que en enero, mientras los descontentos ascienden a un 55 por ciento y un uno por ciento no emiti\u00f3 opini\u00f3n.<\/p>\n<\/p>\n<p>De esta forma, se registra una nueva ca\u00edda en la popularidad del jefe de Estado luego de dos meses de alza (diciembre y enero), en los cuales se recuper\u00f3 del desplome ocurrido de julio a noviembre.<\/p>\n<\/p>\n<p>Los mayores \u00edndices de descontento se registraron en agosto, con un 57 por ciento, y en octubre con un 56 por ciento.<\/p>\n<\/p>\n<p>De su lado, el primer ministro Edouard Philippe tambi\u00e9n perdi\u00f3 tres puntos de aceptaci\u00f3n en el sondeo de este mes, al pasar de 49 a 46 por ciento de opiniones positivas.<\/p>\n<\/p>\n<p>Asimismo, la tasa de descontento con la gesti\u00f3n del jefe de Gobierno se ubic\u00f3 en 50 por ciento, el mayor nivel registrado desde el inicio de su mandato en mayo de 2017.<\/p>\n<\/p>\n<p>mem\/lmg<\/p>\n<h6> 2018-02-18 09:35:59 <\/h6>\n<p><!--\n<link rel=\"stylesheet\" href=\"css\/bootstrap.min.css\">\n\n\n<ul class=\"pagination\">\n\t    \n\t\n\n<li >\n\t<a href='?page_no=6577'>Previous<\/a>\n\t<\/li>\n\n\n       \n    \n\n<li><a href='?page_no=1'>1<\/a><\/li>\n\n\n\n<li><a href='?page_no=2'>2<\/a><\/li>\n\n\n\n<li><a>...<\/a><\/li>\n\n\n\n<li><a href='?page_no=6576'>6576<\/a><\/li>\n\n\n\n<li><a href='?page_no=6577'>6577<\/a><\/li>\n\n\n\n<li class='active'><a>6578<\/a><\/li>\n\n\n\n<li><a href='?page_no=6579'>6579<\/a><\/li>\n\n\n\n<li><a href='?page_no=6580'>6580<\/a><\/li>\n\n\n\n<li><a>...<\/a><\/li>\n\n\n\n<li><a href='?page_no=36999'>36999<\/a><\/li>\n\n\n\n<li><a href='?page_no=37000'>37000<\/a><\/li>\n\n    \n\t\n\n<li >\n\t<a href='?page_no=6579'>Next<\/a>\n\t<\/li>\n\n\n    \n\n<li><a href='?page_no=37000'>Last &rsaquo;&rsaquo;<\/a><\/li>\n\n<\/ul>\n\n\n--><br \/>\n<\/body><\/p>\n","protected":false},"excerpt":{"rendered":"<p>Par\u00eds, 18 feb (PL) El presidente de Francia, Emmanuel Macron, perdi\u00f3 seis puntos de popularidad en las \u00faltimas semanas, seg\u00fan el sondeo mensual del instituto Ifop publicado hoy. De acuerdo con la encuesta, un 44 por ciento de los ciudadanos se declara satisfecho con la gesti\u00f3n del mandatario, seis puntos menos que en enero, mientras [&hellip;]<\/p>\n","protected":false},"author":3,"featured_media":0,"comment_status":"open","ping_status":"open","sticky":false,"template":"","format":"standard","meta":{"footnotes":""},"categories":[22],"tags":[],"class_list":["post-171253","post","type-post","status-publish","format-standard","hentry","category-politica"],"_links":{"self":[{"href":"https:\/\/diariodominicano.com\/index.php?rest_route=\/wp\/v2\/posts\/171253","targetHints":{"allow":["GET"]}}],"collection":[{"href":"https:\/\/diariodominicano.com\/index.php?rest_route=\/wp\/v2\/posts"}],"about":[{"href":"https:\/\/diariodominicano.com\/index.php?rest_route=\/wp\/v2\/types\/post"}],"author":[{"embeddable":true,"href":"https:\/\/diariodominicano.com\/index.php?rest_route=\/wp\/v2\/users\/3"}],"replies":[{"embeddable":true,"href":"https:\/\/diariodominicano.com\/index.php?rest_route=%2Fwp%2Fv2%2Fcomments&post=171253"}],"version-history":[{"count":0,"href":"https:\/\/diariodominicano.com\/index.php?rest_route=\/wp\/v2\/posts\/171253\/revisions"}],"wp:attachment":[{"href":"https:\/\/diariodominicano.com\/index.php?rest_route=%2Fwp%2Fv2%2Fmedia&parent=171253"}],"wp:term":[{"taxonomy":"category","embeddable":true,"href":"https:\/\/diariodominicano.com\/index.php?rest_route=%2Fwp%2Fv2%2Fcategories&post=171253"},{"taxonomy":"post_tag","embeddable":true,"href":"https:\/\/diariodominicano.com\/index.php?rest_route=%2Fwp%2Fv2%2Ftags&post=171253"}],"curies":[{"name":"wp","href":"https:\/\/api.w.org\/{rel}","templated":true}]}}