{"id":171252,"date":"2018-02-18T09:54:18","date_gmt":"2018-02-18T09:54:18","guid":{"rendered":"http:\/\/diariodominicano.ddns.net\/?p=171252"},"modified":"2018-02-18T09:54:18","modified_gmt":"2018-02-18T09:54:18","slug":"con-nominaciones-de-candidatos-arranca-carrera-presidencial-en-mexico","status":"publish","type":"post","link":"https:\/\/diariodominicano.com\/?p=171252","title":{"rendered":"Con nominaciones de candidatos arranca carrera presidencial en M\u00e9xico"},"content":{"rendered":"<p><body><\/p>\n<p><img decoding=\"async\" src=\"img3\/34616d41e1cb174f4790d2123530b8a67bbcc8e8.jpg\" \/><br \/><img decoding=\"async\" src=\"img3\/61e8a04f79e60990ee0763234a465d8da671c612.jpg\" \/><br \/><img decoding=\"async\" src=\"img3\/42590ad6e3d6b6114d84f9bb6a20511a94bcb257.jpg\" \/>  <\/p>\n<p>AFP\/Archivos \/ ULISES RUIZ<\/p>\n<p>El exalcalde de M\u00e9xico, el izquierdista Andr\u00e9s Manuel L\u00f3pez Obrador, pre-candidato presidencial del movimiento Juntos Haremos Historia, en un acto de campa\u00f1a el 11 de febrero de 2018 en Guadalajara, M\u00e9xico.<\/p>\n<p>Los tres principales contendientes por la presidencia de M\u00e9xico en julio pr\u00f3ximo formalizan este domingo sus candidaturas en actos partidarios previos a una campa\u00f1a que se anticipa encarnizada y marcada por el hartazgo de los mexicanos con los pol\u00edticos tradicionales.<\/p>\n<\/p>\n<p>Evidencia de tal situaci\u00f3n es la elevada impopularidad del actual mandatario Enrique Pe\u00f1a Nieto, del Partido Revolucionario Institucional (PRI), que gobern\u00f3 de forma hegem\u00f3nica por siete d\u00e9cadas consecutivas y hoy luce rebasado por numerosas acusaciones de corrupci\u00f3n y un grave repunte de la violencia criminal.<\/p>\n<\/p>\n<p>\u00abEsta elecci\u00f3n es sobre aquellas personas que est\u00e1n desesperadas por un cambio en M\u00e9xico&#8230; y est\u00e1n dispuestas a probar cualquier cosa que sea distinta\u00bb, sentencia Duncan Wood, director del M\u00e9xico Institute del Wilson Center en Washington.<\/p>\n<\/p>\n<p>\u00abY tambi\u00e9n es sobre aquellas que est\u00e1n genuinamente preocupadas por lo que ese cambio va a traer\u00bb, agrega.<\/p>\n<\/p>\n<p>El favorito de los sondeos es el izquierdista Andr\u00e9s Manuel L\u00f3pez Obrador (AMLO), un ex alcalde de Ciudad de M\u00e9xico de 64 a\u00f1os quien postula por tercera ocasi\u00f3n y cuyo estilo combativo y en ocasiones intolerante se ha moderado en busca del favor de m\u00e1s votantes.<\/p>\n<\/p>\n<p>En segundo lugar est\u00e1 Ricardo Anaya, un exlegislador de 38 a\u00f1os, militante del conservador Partido Acci\u00f3n Nacional (PAN), cuya juventud y promesas de acabar con los males del PRI son repelidas por sus detractores con acusaciones de corrupci\u00f3n y maquiavelismo.<\/p>\n<\/p>\n<p>AFP\/Archivos \/ Julio Cesar AGUILAR<\/p>\n<p>El pre-candidato a la presidencia por la coalici\u00f3n M\u00e9xico al Frente, Ricardo Anaya, habla el 3 de febrero de 2018 durante un acto de campa\u00f1a en la ciudad de Nuevo Le\u00f3n, en el estado de Monterrey.<\/p>\n<p>Anaya competir\u00e1 por la presidencia en alianza in\u00e9dita para ese cargo con el izquierdista Partido de la Revoluci\u00f3n Democr\u00e1tica (PRD).<\/p>\n<\/p>\n<p>En tercera posici\u00f3n se ubica Jos\u00e9 Meade, un respetado ex ministro de 48 a\u00f1os, sin militancia partidaria, con el que el PRI busca librarse de sus propios pasivos present\u00e1ndolo como un candidato \u00abciudadano e independiente\u00bb.<\/p>\n<\/p>\n<p>\u00abTodav\u00eda no hay nada para nadie\u00bb, asegura Fernando Dworak, analista para quien los mensajes en campa\u00f1a y la pericia de los candidatos podr\u00edan alterar las posiciones de aqu\u00ed a julio.<\/p>\n<\/p>\n<p>&#8211; Todos contra AMLO &#8211;<\/p>\n<\/p>\n<p>La mayor\u00eda de las encuestas ubican a AMLO holgadamente arriba del 30% de las preferencias, mientras que Anaya y Meade se mueven en torno al 20% cada uno, con el panista en el extremo superior y el del PRI en la parte baja del rango, seg\u00fan datos del sitio de noticias electorales Oraculus.<\/p>\n<\/p>\n<p>En M\u00e9xico, cuya legislaci\u00f3n electoral no contempla el balotaje, los \u00faltimos mandatarios fueron elegidos con menos de 40% de los votos.<\/p>\n<\/p>\n<p>AFP\/Archivos \/ Julio Cesar AGUILAR<\/p>\n<p>El pre-candidato presidencial apoyado por el oficialista Partido Revolucionario Institucional (PRI), el Partido Verde Ecologista de M\u00e9xico y Nueva Alianza, Jos\u00e9 Antonio Meade, habla el 7 de febrero de 2018 en un acto de campa\u00f1a en Monterrey, M\u00e9xico.<\/p>\n<p>La campa\u00f1a electoral empieza oficialmente el 30 de marzo, aunque desde fines de 2017 y hasta los primeros d\u00edas de febrero el periodo de precampa\u00f1a inund\u00f3 los medios con propaganda de los hasta hoy \u00abprecandidatos\u00bb.<\/p>\n<\/p>\n<p>Tanto Anaya como Meade se han enfrascado en un duelo donde cada quien asegura ser el inminente retador de L\u00f3pez Obrador. El objetivo es encausar a su favor el elevado rechazo o anti-voto de AMLO, quien es amado y odiado con igual intensidad.<\/p>\n<\/p>\n<p>&#8211; Pragm\u00e1tico &#8211;<\/p>\n<\/p>\n<p>Sus detractores lo ven como un caudillo mesi\u00e1nico que llevar\u00e1 a M\u00e9xico por la ruta de pa\u00edses como Venezuela, mientras que sus seguidores lo consideran el \u00fanico capaz de acabar con \u00abla mafia del poder\u00bb, frase con la que AMLO etiqueta a los pol\u00edticos tradicionales, pero tambi\u00e9n a la mayor\u00eda de sus cr\u00edticos.<\/p>\n<\/p>\n<p>Pero a diferencia de elecciones como la de 2006, cuando su agresividad verbal y una pol\u00e9mica campa\u00f1a propagand\u00edstica en su contra borraron su ventaja y lo llevaron a perder por una diferencia menor a 250.000 votos, L\u00f3pez Obrador hoy se muestra risue\u00f1o y sobre todo pragm\u00e1tico.<\/p>\n<\/p>\n<p>Cuando el hashtag \u00abAMLOvich\u00bb comenz\u00f3 a aparecer en Twitter &#8211; una referencia a sus supuestos lazos con Rusia &#8211; astutamente convirti\u00f3 el insulto en iron\u00eda, poni\u00e9ndose un sombrero ruso con la leyenda \u00abAndr\u00e9s Manuelovich\u00bb.<\/p>\n<\/p>\n<p>AFP\/Archivos \/ Guillermo Arias<\/p>\n<p>Andr\u00e9s Manuel L\u00f3pez Obrador, pre-candidato presidencial en M\u00e9xico por la coalici\u00f3n Juntos Haremos Historia, aparece rodeado por sus partidarios en un acto de campa\u00f1a el 30 de enero de 2018 en la ciudad de Tijuana. <\/p>\n<p>En los \u00faltimos meses, se ha acercado a la clase empresarial, ha acogido a exmilitantes del PAN y el PRI, adem\u00e1s de aliarse con el Partido Encuentro Social, considerado por analistas como de ultraderecha.<\/p>\n<\/p>\n<p>\u00abVamos a ver si L\u00f3pez Obrador logra mantener ese liderazgo, si esas alianzas que ha creado le van a redituar o le van a restar votos\u00bb, apunta Dworak sobre el candidato que se gan\u00f3 una cascada de cr\u00edticas al proponer amnist\u00eda para l\u00edderes de c\u00e1rteles, aunque luego matiz\u00f3 esa idea.<\/p>\n<\/p>\n<p>El pr\u00f3ximo presidente tendr\u00e1 como reto importante lidiar con el presidente de Estados Unidos, Donald Trump, que ataca a M\u00e9xico constantemente y mantiene en vilo al acuerdo m\u00e1s importante para M\u00e9xico, el Tratado de Libre Comercio para Am\u00e9rica del Norte.<\/p>\n<\/p>\n<p>18FEB2018<\/p>\n<\/p>\n<\/p>\n<p>0<\/p>\n<p>Compartir<\/p>\n<p>ANTERIOR  RETORNAR<\/p>\n<p>La red mundial de AFP<\/p>\n<p>200 oficinas en 151 pa\u00edsesAmpliar<\/p>\n<p>Contacto AFP<\/p>\n<p>\u00bfDesea compartir una informaci\u00f3n, un comentario? Escr\u00edbanos a&#8230;MAILFACEBOOKTWITTER<\/p>\n<h6> 2018-02-18 09:54:18 <\/h6>\n<p><!--\n<link rel=\"stylesheet\" href=\"css\/bootstrap.min.css\">\n\n\n<ul class=\"pagination\">\n\t    \n\t\n\n<li >\n\t<a href='?page_no=6576'>Previous<\/a>\n\t<\/li>\n\n\n       \n    \n\n<li><a href='?page_no=1'>1<\/a><\/li>\n\n\n\n<li><a href='?page_no=2'>2<\/a><\/li>\n\n\n\n<li><a>...<\/a><\/li>\n\n\n\n<li><a href='?page_no=6575'>6575<\/a><\/li>\n\n\n\n<li><a href='?page_no=6576'>6576<\/a><\/li>\n\n\n\n<li class='active'><a>6577<\/a><\/li>\n\n\n\n<li><a href='?page_no=6578'>6578<\/a><\/li>\n\n\n\n<li><a href='?page_no=6579'>6579<\/a><\/li>\n\n\n\n<li><a>...<\/a><\/li>\n\n\n\n<li><a href='?page_no=36999'>36999<\/a><\/li>\n\n\n\n<li><a href='?page_no=37000'>37000<\/a><\/li>\n\n    \n\t\n\n<li >\n\t<a href='?page_no=6578'>Next<\/a>\n\t<\/li>\n\n\n    \n\n<li><a href='?page_no=37000'>Last &rsaquo;&rsaquo;<\/a><\/li>\n\n<\/ul>\n\n\n--><br \/>\n<\/body><\/p>\n","protected":false},"excerpt":{"rendered":"<p>AFP\/Archivos \/ ULISES RUIZ El exalcalde de M\u00e9xico, el izquierdista Andr\u00e9s Manuel L\u00f3pez Obrador, pre-candidato presidencial del movimiento Juntos Haremos Historia, en un acto de campa\u00f1a el 11 de febrero de 2018 en Guadalajara, M\u00e9xico. Los tres principales contendientes por la presidencia de M\u00e9xico en julio pr\u00f3ximo formalizan este domingo sus candidaturas en actos partidarios [&hellip;]<\/p>\n","protected":false},"author":3,"featured_media":0,"comment_status":"open","ping_status":"open","sticky":false,"template":"","format":"standard","meta":{"footnotes":""},"categories":[22],"tags":[],"class_list":["post-171252","post","type-post","status-publish","format-standard","hentry","category-politica"],"_links":{"self":[{"href":"https:\/\/diariodominicano.com\/index.php?rest_route=\/wp\/v2\/posts\/171252","targetHints":{"allow":["GET"]}}],"collection":[{"href":"https:\/\/diariodominicano.com\/index.php?rest_route=\/wp\/v2\/posts"}],"about":[{"href":"https:\/\/diariodominicano.com\/index.php?rest_route=\/wp\/v2\/types\/post"}],"author":[{"embeddable":true,"href":"https:\/\/diariodominicano.com\/index.php?rest_route=\/wp\/v2\/users\/3"}],"replies":[{"embeddable":true,"href":"https:\/\/diariodominicano.com\/index.php?rest_route=%2Fwp%2Fv2%2Fcomments&post=171252"}],"version-history":[{"count":0,"href":"https:\/\/diariodominicano.com\/index.php?rest_route=\/wp\/v2\/posts\/171252\/revisions"}],"wp:attachment":[{"href":"https:\/\/diariodominicano.com\/index.php?rest_route=%2Fwp%2Fv2%2Fmedia&parent=171252"}],"wp:term":[{"taxonomy":"category","embeddable":true,"href":"https:\/\/diariodominicano.com\/index.php?rest_route=%2Fwp%2Fv2%2Fcategories&post=171252"},{"taxonomy":"post_tag","embeddable":true,"href":"https:\/\/diariodominicano.com\/index.php?rest_route=%2Fwp%2Fv2%2Ftags&post=171252"}],"curies":[{"name":"wp","href":"https:\/\/api.w.org\/{rel}","templated":true}]}}