{"id":171251,"date":"2018-02-18T20:53:15","date_gmt":"2018-02-18T20:53:15","guid":{"rendered":"http:\/\/diariodominicano.ddns.net\/?p=171251"},"modified":"2018-02-18T20:53:15","modified_gmt":"2018-02-18T20:53:15","slug":"alejandrina-german-afirma-pld-se-identifica-con-candidaturas-que-se-comprometan-con-el-prestigio-y-credibilidad-de-la-uasd","status":"publish","type":"post","link":"https:\/\/diariodominicano.com\/?p=171251","title":{"rendered":"Alejandrina Germ\u00e1n afirma PLD se identifica con candidaturas que se comprometan con el prestigio y credibilidad de la  UASD"},"content":{"rendered":"<p><body><\/p>\n<p><img decoding=\"async\" src=\"img3\/001 (1).JPG\" \/><br \/><img decoding=\"async\" src=\"img3\/TON_3228.JPG\" \/><br \/><img decoding=\"async\" src=\"img3\/TON_3224.JPG\" \/>  <\/p>\n<p><strong> <\/strong><\/p>\n<p><strong>SANTO DOMINGO, RD, 18 de febrero de 2018.- <\/strong>El Partido de la Liberaci\u00f3n Dominicana  se identifica  con que se elijan  autoridades en la Universidad Aut\u00f3noma de Santo Domingo (UASD)   comprometidas con esa academia, con su prestigio, credibilidad, su nombre y su orgullo para los j\u00f3venes dominicanos, afirm\u00f3 Alejandrina Germ\u00e1n, coordinadora de una comisi\u00f3n designada por el Comit\u00e9 Pol\u00edtico del PLD <\/p>\n<\/p>\n<\/p>\n<p>Alejandrina Germ\u00e1n es coordinadora del organismo que  completan Ram\u00f3n Valerio, Secretario de Educaci\u00f3n Superior del PLD, Ligia Amada Melo del Comit\u00e9 Central y Rafael Gonz\u00e1les, que este domingo organiz\u00f3 una asamblea informativa-consultiva con miras a las pr\u00f3ximas elecciones de la UASD, programadas para junio pr\u00f3ximo    <\/p>\n<\/p>\n<\/p>\n<p>En sus declaraciones a los medios de comunicaci\u00f3n antes del curso de la Asamblea,  Alejandrina Germ\u00e1n dej\u00f3 claro que el PLD est\u00e1 comprometido con que se elijan  autoridades acad\u00e9micas comprometidas.<\/p>\n<\/p>\n<\/p>\n<p>\u00abComo partido nunca  hemos trabajado para dirigir la UASD que, como entidad educativa de car\u00e1cter aut\u00f3nomo, elige libremente y toma sus decisiones, pero como organizaci\u00f3n pol\u00edtica tenemos compa\u00f1eros a todos los niveles, directivos, profesores, estudiantes y empleados y tenemos que tomar decisi\u00f3n respecto a las pr\u00f3ximas elecciones\u00bb, explic\u00f3 Germ\u00e1n.<\/p>\n<\/p>\n<\/p>\n<p> Sin embargo, hizo saber que  como partido  el  PLD se tiene el compromiso de trabajar por la educaci\u00f3n superior, porque se sigan formando, cada vez m\u00e1s profesional competitivos, y, por supuesto, se desea que la UASD recupere un protagonismo que, desde el punto de vista acad\u00e9mico, le permite ser orgullo de sus estudiantes.<\/p>\n<\/p>\n<\/p>\n<p>Alejandrina Germ\u00e1n, junto a Ram\u00f3n Valero, Ligia Amada Melo , y Gonz\u00e1lez y Ram\u00f3n Gonz\u00e1les, presidieron la asamblea  desarrollada en el sal\u00f3n Bienvenido Sandoval, de la Casa Nacional del PLD con profesores, estudiantes y empleados de la UASD  a quienes escucharon sus ideas, sugerencias y propuestas. En la mesa directiva participaron tambien los subsecretarios de Educacion Superior Ciencias y Tecnolog\u00edas del PLD.<\/p>\n<\/p>\n<\/p>\n<p>Primero se escucharon las propuestas para las candidaturas a la rector\u00eda y vicerectorias, luego las propuestas y sugerencias para direcci\u00f3n de facultades y escuelas y por ultimo la representaci\u00f3n de los centros regionales, quienes ponderaron posibles candidatos y candidatas.<\/p>\n<\/p>\n<\/p>\n<p>La asamblea se desarroll\u00f3 con un  turno previo de motivaci\u00f3n de Ligia Amada Melo invitando a los asistentes a asumir con determinaci\u00f3n las acciones para relanzar la Universidad Aut\u00f3noma de Santo Domingo.<\/p>\n<\/p>\n<p> Ram\u00f3n Valerio, Secretario de Educaci\u00f3n Superior del PLD explic\u00f3 las consultas y pasos dados hasta llegar a esa asamblea con el prop\u00f3sito de identificarse con los candidatos y candidatas id\u00f3neos.<\/p>\n<\/p>\n<\/p>\n<p>42 profesores , directivos y estudiantes de la UASD expusieron haciendo sus ponderaciones de candidatos y candidatas y exhortando al PLD, por intermedio de la comisi\u00f2n,  a ser lo suficientemente cauto y escoger personas comprometidas con su proyecto de nacion .<\/p>\n<\/p>\n<\/p>\n<\/p>\n<p>Al responder a los periodistas Alejandrina Germ\u00e1n abog\u00f3  para  en la UASD no s\u00f3lo se inscriban los hombres y mujeres de bajos ingresos econ\u00f3micos, que no pueden pagar una universidad privada, sino porque se matricule todo el que entienda que ir\u00e1 a la academia estatal a formarse con la calidad que demanda el mundo competitivo actual.<\/p>\n<\/p>\n<\/p>\n<p>Puntualizo que el PLD est\u00e1 comprometido con que en la UASD se impulse un proceso de elecci\u00f3n de autoridades que se comprometan con preservar y retomar lo que tiene que ver con una UASD orgullosa de la poblaci\u00f3n estudiantil dominicana.<\/p>\n<\/p>\n<\/p>\n<p>La coordinadora de la comisi\u00f3n del Comit\u00e9 Pol\u00edtico del PLD para sumir una posici\u00f3n con relaci\u00f3n a las elecciones de la UASD   afirm\u00f3 que con liderazgo acad\u00e9mico, de conducci\u00f3n eficiente y adecuada, se tiene realmente adaptar a  la universidad del siglo XXI, que forme los profesionales del siglo XXI, \u00aby a eso apuesta el PLD\u00bb.<\/p>\n<\/p>\n<\/p>\n<p>\u00abNuestro \u00fanico objetivo, no es que elijamos dirigentes del PLD como autoridades universitarias, sino que los compa\u00f1eros y compa\u00f1eras impulsen un movimiento que elija acad\u00e9micos comprometidos con el relanzamiento de la UASD, para que se recupere su prestigio y siga siendo el orgullo de la poblaci\u00f3n estudiantil dominicana, y de los profesionales que somos egresados de la UASD, que tenemos una carrera y un t\u00edtulo que vale igual que cualquier otro\u00bb, sostuvo Germ\u00e0n  tal y como lo divulg\u00f3 el PLD en un despacho de la Secretar\u00eda de Comunicaciones<\/p>\n<\/p>\n<\/p>\n<p>Consider\u00f3 que la UASD tiene que recuperar la credibilidad y prestigio, as\u00ed como de ser orgullo de los dominicanos y las dominicanas, se\u00f1alando que ah\u00ed est\u00e1s m\u00e1s de la mitad de la poblaci\u00f3n estudiantil del pa\u00eds.<\/p>\n<p><strong> <\/strong><\/p>\n<p><strong>Modelo de academia superior<\/strong><\/p>\n<\/p>\n<\/p>\n<p>De su lado Ligia Amada Melo, del Comit\u00e9 Central del PLD,  opin\u00f3 que la   universidad publica  debe ser un modelo de academia superior , no s\u00f3lo del pa\u00eds, sino de America Latina;  recordando en que es  la primada de Am\u00e9rica.<\/p>\n<\/p>\n<\/p>\n<p>\u00abLa UASD  tiene que ser el referente de las dem\u00e1s universidades, y tiene que distinguirse a nivel internacional, y eso es lo que queremos\u00bb dijo Melo al explicar los fines de la asamblea consultiva desarrollada este domingo.<\/p>\n<\/p>\n<\/p>\n<p>Hizo saber que el tema no es solo escoger rectores y vicerrectores \u00abeso tiene que ser un equipo que piense igual, que dise\u00f1e igual, y que mantenga la misma postura en todas las acciones\u00bb.<\/p>\n<\/p>\n<\/p>\n<p>\u00abPorque cuando se tienen unos principios claros, entonces todas las acciones que se desarrollan, tienen que ser coherentes con eso principios generales\u00bb, argumento.<\/p>\n<h6> 2018-02-18 20:53:15 <\/h6>\n<p><!--\n<link rel=\"stylesheet\" href=\"css\/bootstrap.min.css\">\n\n\n<ul class=\"pagination\">\n\t    \n\t\n\n<li >\n\t<a href='?page_no=6575'>Previous<\/a>\n\t<\/li>\n\n\n       \n    \n\n<li><a href='?page_no=1'>1<\/a><\/li>\n\n\n\n<li><a href='?page_no=2'>2<\/a><\/li>\n\n\n\n<li><a>...<\/a><\/li>\n\n\n\n<li><a href='?page_no=6574'>6574<\/a><\/li>\n\n\n\n<li><a href='?page_no=6575'>6575<\/a><\/li>\n\n\n\n<li class='active'><a>6576<\/a><\/li>\n\n\n\n<li><a href='?page_no=6577'>6577<\/a><\/li>\n\n\n\n<li><a href='?page_no=6578'>6578<\/a><\/li>\n\n\n\n<li><a>...<\/a><\/li>\n\n\n\n<li><a href='?page_no=36999'>36999<\/a><\/li>\n\n\n\n<li><a href='?page_no=37000'>37000<\/a><\/li>\n\n    \n\t\n\n<li >\n\t<a href='?page_no=6577'>Next<\/a>\n\t<\/li>\n\n\n    \n\n<li><a href='?page_no=37000'>Last &rsaquo;&rsaquo;<\/a><\/li>\n\n<\/ul>\n\n\n--><br \/>\n<\/body><\/p>\n","protected":false},"excerpt":{"rendered":"<p>SANTO DOMINGO, RD, 18 de febrero de 2018.- El Partido de la Liberaci\u00f3n Dominicana se identifica con que se elijan autoridades en la Universidad Aut\u00f3noma de Santo Domingo (UASD) comprometidas con esa academia, con su prestigio, credibilidad, su nombre y su orgullo para los j\u00f3venes dominicanos, afirm\u00f3 Alejandrina Germ\u00e1n, coordinadora de una comisi\u00f3n designada por [&hellip;]<\/p>\n","protected":false},"author":3,"featured_media":0,"comment_status":"open","ping_status":"open","sticky":false,"template":"","format":"standard","meta":{"footnotes":""},"categories":[22],"tags":[],"class_list":["post-171251","post","type-post","status-publish","format-standard","hentry","category-politica"],"_links":{"self":[{"href":"https:\/\/diariodominicano.com\/index.php?rest_route=\/wp\/v2\/posts\/171251","targetHints":{"allow":["GET"]}}],"collection":[{"href":"https:\/\/diariodominicano.com\/index.php?rest_route=\/wp\/v2\/posts"}],"about":[{"href":"https:\/\/diariodominicano.com\/index.php?rest_route=\/wp\/v2\/types\/post"}],"author":[{"embeddable":true,"href":"https:\/\/diariodominicano.com\/index.php?rest_route=\/wp\/v2\/users\/3"}],"replies":[{"embeddable":true,"href":"https:\/\/diariodominicano.com\/index.php?rest_route=%2Fwp%2Fv2%2Fcomments&post=171251"}],"version-history":[{"count":0,"href":"https:\/\/diariodominicano.com\/index.php?rest_route=\/wp\/v2\/posts\/171251\/revisions"}],"wp:attachment":[{"href":"https:\/\/diariodominicano.com\/index.php?rest_route=%2Fwp%2Fv2%2Fmedia&parent=171251"}],"wp:term":[{"taxonomy":"category","embeddable":true,"href":"https:\/\/diariodominicano.com\/index.php?rest_route=%2Fwp%2Fv2%2Fcategories&post=171251"},{"taxonomy":"post_tag","embeddable":true,"href":"https:\/\/diariodominicano.com\/index.php?rest_route=%2Fwp%2Fv2%2Ftags&post=171251"}],"curies":[{"name":"wp","href":"https:\/\/api.w.org\/{rel}","templated":true}]}}