{"id":171250,"date":"2018-02-19T10:55:26","date_gmt":"2018-02-19T10:55:26","guid":{"rendered":"http:\/\/diariodominicano.ddns.net\/?p=171250"},"modified":"2018-02-19T10:55:26","modified_gmt":"2018-02-19T10:55:26","slug":"el-mpd-realiza-masiva-marcha-contra-la-impunidad-en-su-62-aniversario","status":"publish","type":"post","link":"https:\/\/diariodominicano.com\/?p=171250","title":{"rendered":"El MPD realiza masiva marcha contra la impunidad en su 62 aniversario"},"content":{"rendered":"<p><body><\/p>\n<p><img decoding=\"async\" src=\"img3\/mpd1112.jpg\" \/>  <\/p>\n<p>Con una multitudinaria marcha el Movimiento Popular Dominicano conmemor\u00f3 ayer el 62 aniversario de su fundaci\u00f3n, junto al 33 aniversario del Falpo y por los 45 a\u00f1os de la ca\u00edda del Coronel de Abril y Caracoles.<\/p>\n<\/p>\n<p>Cientos de militantes de todas las regiones del pa\u00eds marchamos desde la Plazoleta La Trinitaria en la cabecera occidental del puente Duarte, recorriendo parte del barrio Villa Francisca, hasta llegar a la estatua del Coronel Caama\u00f1o, en la calle El Conde, frente al parque Independencia.<\/p>\n<\/p>\n<p>Llenos de entusiasmo, marchando de manera firme y levantando banderas y otros s\u00edmbolos emepede\u00edstas, militantes de la entidad de izquierda de diferentes regiones del pa\u00eds coreaban consignas contra la corrupci\u00f3n y la impunidad; contra la dictadura morada de Danilo Medina y del PLD; tambi\u00e9n contra la Barrick Gold, Falcondo, Gold Quest, Unigold y dem\u00e1s mineras internacionales. Condenamos los intentos de explotar la mina de oro de El Romero en San Juan. \u00abEsa explotaci\u00f3n no va, no va, no va\u00bb, repet\u00edan.<\/p>\n<\/p>\n<p>\u00abQue se vayan todos, todos los ladrones\u00bb; \u00abFuera, fuera Barrick Gold\u00bb; \u00abMPD por la Constituyente\u00bb; \u00abUnidad para el combate\u00bb; \u00abEl pueblo unido jam\u00e1s ser\u00e1 vencido\u00bb; \u00abVladi vive, la lucha sigue\u00bb, fueron parte de las consignas que que coreaban enardecidas las masas vestidas con atuendos rojos y negros, mientras se desplazaban por distintas calles de la ciudad de Santo Domingo.<\/p>\n<\/p>\n<p>El profesor Fernando Hern\u00e1ndez, vocero nacional del MPD, dijo que esa entidad de izquierda est\u00e1 y estar\u00e1 en las calles exigiendo que renuncie el Presidente Danilo Medina y todo su gabinete, junto a todos los mafiosos del Congreso y de las llamadas \u00abAltas Cortes\u00bb que protegen la corrupci\u00f3n y garantizan la impunidad.<\/p>\n<\/p>\n<p>\u00abEs necesario trabajar arduamente para conformar una amplia unidad de todas las fuerzas revolucionarias y progresistas en un frente de gran magnitud, que excluyas a las mafias pol\u00edticas, y que se plantee una Constituyente Soberana con participaci\u00f3n popular que refunde la Republica en base a instituciones democr\u00e1ticas y que redacte una nueva constituci\u00f3n para un Estado  para el pueblo\u00bb, concluy\u00f3 Fernando Hern\u00e1ndez.<\/p>\n<\/p>\n<p>El profesor Hern\u00e1ndez advirti\u00f3 que algunos medios de comunicaci\u00f3n usaron fotos de la gran marcha rojinegra para referirse a una actividad de supuestos emepede\u00edstas que pretenden usar nuestro nombre, pese a que fueron expulsados del M.P.D. en el 2010, tras indicar que Higinio B\u00e1ez, Fidel Santana, Pablo Ferreiras, Luis Moreno C\u00e1rdenas y V\u00edctor Bret\u00f3n hace ocho a\u00f1os que fueron expulsados de las filas emepede\u00edstas, y en consecuencia no pertenecen a esta organizaci\u00f3n, por lo que no est\u00e1n autorizados a usar nuestro nombre.<\/p>\n<\/p>\n<p>\u00abEsos individuos ni siquiera llegaron a conocer verdaderamente al MPD y quisieron usarlo como escalera para trepar y negociar vergonzosamente con la burgues\u00eda\u00bb, manifest\u00f3 el profesor Hern\u00e1ndez.<\/p>\n<\/p>\n<p>Record\u00f3 que en el 2010, Fidel Santa, Higinio B\u00e1ez y sus seguidores, negociaron candidaturas con el PRD de Vargas Maldonado, mientras que para las elecciones presidencial, congresual y municipales, fueron parte del acuerdo electoral que, adem\u00e1s del PRM, incluy\u00f3 al Partido Reformista, pese a la deuda de sangre del partido de Balaguer con el MPD y el pueblo en general\u00bb, sostuvo Hern\u00e1ndez.<\/p>\n<\/p>\n<p>Indic\u00f3 que la masiva marcha realizada el d\u00eda de ayer en Santo Domingo, fue una contundente demostraci\u00f3n de la capacidad de movilizaci\u00f3n del MPD y donde est\u00e1n los principios y la decisi\u00f3n de sus fundadores, que combatieron a las tiran\u00edas de Batista, Trujillo y Balaguer; de aquellos que se enfrentaron a los invasores yanquis de 1965; de los dirigentes emepede\u00edstas hist\u00f3ricos, como Maximiliano G\u00f3mez (El Moreno), Otto Morales, Am\u00edn Abel Hasb\u00fan, Henr\u00ed Segarra, Guido Gil y Jorge Puello (El Men), \u00abque nunca aceptaron migajas del poder ni buscaron ventajas personales\u00bb.<\/p>\n<h6> 2018-02-19 10:55:26 <\/h6>\n<p><!--\n<link rel=\"stylesheet\" href=\"css\/bootstrap.min.css\">\n\n\n<ul class=\"pagination\">\n\t    \n\t\n\n<li >\n\t<a href='?page_no=6574'>Previous<\/a>\n\t<\/li>\n\n\n       \n    \n\n<li><a href='?page_no=1'>1<\/a><\/li>\n\n\n\n<li><a href='?page_no=2'>2<\/a><\/li>\n\n\n\n<li><a>...<\/a><\/li>\n\n\n\n<li><a href='?page_no=6573'>6573<\/a><\/li>\n\n\n\n<li><a href='?page_no=6574'>6574<\/a><\/li>\n\n\n\n<li class='active'><a>6575<\/a><\/li>\n\n\n\n<li><a href='?page_no=6576'>6576<\/a><\/li>\n\n\n\n<li><a href='?page_no=6577'>6577<\/a><\/li>\n\n\n\n<li><a>...<\/a><\/li>\n\n\n\n<li><a href='?page_no=36999'>36999<\/a><\/li>\n\n\n\n<li><a href='?page_no=37000'>37000<\/a><\/li>\n\n    \n\t\n\n<li >\n\t<a href='?page_no=6576'>Next<\/a>\n\t<\/li>\n\n\n    \n\n<li><a href='?page_no=37000'>Last &rsaquo;&rsaquo;<\/a><\/li>\n\n<\/ul>\n\n\n--><br \/>\n<\/body><\/p>\n","protected":false},"excerpt":{"rendered":"<p>Con una multitudinaria marcha el Movimiento Popular Dominicano conmemor\u00f3 ayer el 62 aniversario de su fundaci\u00f3n, junto al 33 aniversario del Falpo y por los 45 a\u00f1os de la ca\u00edda del Coronel de Abril y Caracoles. Cientos de militantes de todas las regiones del pa\u00eds marchamos desde la Plazoleta La Trinitaria en la cabecera occidental [&hellip;]<\/p>\n","protected":false},"author":3,"featured_media":0,"comment_status":"open","ping_status":"open","sticky":false,"template":"","format":"standard","meta":{"footnotes":""},"categories":[22],"tags":[],"class_list":["post-171250","post","type-post","status-publish","format-standard","hentry","category-politica"],"_links":{"self":[{"href":"https:\/\/diariodominicano.com\/index.php?rest_route=\/wp\/v2\/posts\/171250","targetHints":{"allow":["GET"]}}],"collection":[{"href":"https:\/\/diariodominicano.com\/index.php?rest_route=\/wp\/v2\/posts"}],"about":[{"href":"https:\/\/diariodominicano.com\/index.php?rest_route=\/wp\/v2\/types\/post"}],"author":[{"embeddable":true,"href":"https:\/\/diariodominicano.com\/index.php?rest_route=\/wp\/v2\/users\/3"}],"replies":[{"embeddable":true,"href":"https:\/\/diariodominicano.com\/index.php?rest_route=%2Fwp%2Fv2%2Fcomments&post=171250"}],"version-history":[{"count":0,"href":"https:\/\/diariodominicano.com\/index.php?rest_route=\/wp\/v2\/posts\/171250\/revisions"}],"wp:attachment":[{"href":"https:\/\/diariodominicano.com\/index.php?rest_route=%2Fwp%2Fv2%2Fmedia&parent=171250"}],"wp:term":[{"taxonomy":"category","embeddable":true,"href":"https:\/\/diariodominicano.com\/index.php?rest_route=%2Fwp%2Fv2%2Fcategories&post=171250"},{"taxonomy":"post_tag","embeddable":true,"href":"https:\/\/diariodominicano.com\/index.php?rest_route=%2Fwp%2Fv2%2Ftags&post=171250"}],"curies":[{"name":"wp","href":"https:\/\/api.w.org\/{rel}","templated":true}]}}