{"id":171249,"date":"2018-02-19T11:20:58","date_gmt":"2018-02-19T11:20:58","guid":{"rendered":"http:\/\/diariodominicano.ddns.net\/?p=171249"},"modified":"2018-02-19T11:20:58","modified_gmt":"2018-02-19T11:20:58","slug":"leonel-fernandez-explica-que-proyecto-de-ley-de-partidos-no-puede-imponer-la-forma-de-organizar-las-primarias-internas","status":"publish","type":"post","link":"https:\/\/diariodominicano.com\/?p=171249","title":{"rendered":"Leonel Fern\u00e1ndez  explica que  proyecto de ley de partidos  no puede imponer la forma de organizar las  primarias internas"},"content":{"rendered":"<p><body><\/p>\n<p><img decoding=\"async\" src=\"img3\/leo19.JPG\" \/>  <\/p>\n<p><span class=\"text1noticias\">Santo Domingo, R. D., 19 de febrero, 2018.-  El presidente del Partido de la Liberaci\u00f3n Dominicana y expresidente de la Rep\u00fablica, Leonel Fern\u00e1ndez, explica que el proyecto de ley de partidos pol\u00edticos no puede imponer la forma de organizar sus primarias internas.<\/span><\/p>\n<p><span class=\"text1noticias\"> <\/span><\/p>\n<p><span class=\"text1noticias\">Leonel Fern\u00e1ndez tambi\u00e9n considera como correcta la redacci\u00f3n sobre ese tema del anteproyecto de la Junta Central Electoral (JCE), que plantea las primarias como una responsabilidad de los partidos y agrupaciones. <\/span><\/p>\n<p><span class=\"text1noticias\"> <\/span><\/p>\n<p><span class=\"text1noticias\">\u00abEso significa que el proyecto de ley de partidos pol\u00edticos no puede imponer a los partidos u organizaciones pol\u00edticas, que las primarias internas de dichas instituciones sean abiertas o cerradas\u00bb, subray\u00f3 Fern\u00e1ndez en su escrito de este d\u00eda publicado en su columna Observatorio Global con el t\u00edtulo \u00abConstituci\u00f3n, Ley y Elecciones Primarias\u00bb, publicado en el List\u00edn Diario en Vanguardia del Pueblo Digital.<\/span><\/p>\n<p><span class=\"text1noticias\"> <\/span><\/p>\n<p><span class=\"text1noticias\">El expresidente Leonel Fern\u00e1ndez sostuvo que en ambos casos, se estar\u00eda desconociendo varios principios de car\u00e1cter constitucional, como son la libertad de los partidos pol\u00edticos, la democracia interna y el derecho de asociaci\u00f3n.<\/span><\/p>\n<p><span class=\"text1noticias\"> <\/span><\/p>\n<p><span class=\"text1noticias\">\u00abEn lo que concierne a la celebraci\u00f3n de primarias internas abiertas y simult\u00e1neas, ya la Suprema Corte de Justicia, actuando en funci\u00f3n de Corte Constitucional, como hemos se\u00f1alado en otra ocasi\u00f3n, decidi\u00f3 en su sentencia de fecha 16 de marzo de 2005, que la ley 286-04 era nula, por ser contraria a la Constituci\u00f3n, en raz\u00f3n de que le impon\u00eda, de manera obligatoria, a los partidos pol\u00edticos, un mecanismo de elecciones primarias abiertas y simult\u00e1neas\u00bb, explic\u00f3 Leonel  Fern\u00e1ndez.<\/span><\/p>\n<p><span class=\"text1noticias\"> <\/span><\/p>\n<p><span class=\"text1noticias\">Expuso que esa decisi\u00f3n de la Suprema Corte de Justicia del a\u00f1o 2005 tiene car\u00e1cter definitivo y la autoridad de la cosa irrevocablemente juzgada; y en su art\u00edculo 277,  la Constituci\u00f3n proclamada en el 2010, establece el destino de ese tipo de decisi\u00f3n judicial.<\/span><\/p>\n<p><span class=\"text1noticias\"> <\/span><\/p>\n<p><span class=\"text1noticias\">Sostiene que \u00abTodas las decisiones judiciales que hayan adquirido la autoridad de la cosa irrevocablemente juzgada, especialmente las dictadas en ejercicio del control directo de la constitucionalidad por la Suprema Corte de Justicia, hasta el momento de la proclamaci\u00f3n de la presente Constituci\u00f3n, no podr\u00e1n ser examinadas por el Tribunal Constitucional\u00bb.<\/span><\/p>\n<p><span class=\"text1noticias\"> <\/span><\/p>\n<p><span class=\"text1noticias\">En ese sentido agrega que el Senado de la Rep\u00fablica o la C\u00e1mara de Diputados no pueden aprobar en el proyecto de ley de partidos pol\u00edticos ninguna disposici\u00f3n que sea contraria a lo decidido por la Suprema Corte de Justicia en su sentencia de 2005, bajo el riesgo de incurrir en un acto de violaci\u00f3n a la Constituci\u00f3n de la Rep\u00fablica.<\/span><\/p>\n<p><span class=\"text1noticias\"> <\/span><\/p>\n<p><span class=\"text1noticias\">Tras citar varios expertos en jurisprudencia constitucional y tomar como ejemplo el caso en varios pa\u00edses refiere que el art\u00edculo 216 de la Constituci\u00f3n Dominicana prev\u00e9 lo relativo a la organizaci\u00f3n de partidos, agrupaciones y movimientos pol\u00edticos; y en esa disposici\u00f3n constitucional se consagran dos elementos de car\u00e1cter esencial. \u00abEl primero, que existe plena libertad para la organizaci\u00f3n de partidos pol\u00edticos; y el segundo, que dichas instituciones, en su conformaci\u00f3n y funcionamiento, deben sustentarse en la democracia interna\u00bb.<\/span><\/p>\n<p><span class=\"text1noticias\"> <\/span><\/p>\n<p><span class=\"text1noticias\">Fuente: SECRETARIA DE COMUINICACIONES PLD<\/span><\/p>\n<p><span class=\"text1noticias\"> <\/span><\/p>\n<p><span class=\"text1noticias\">19 DE FEBRER<\/span>O, 2018.-<\/p>\n<\/p>\n<h6> 2018-02-19 11:20:58 <\/h6>\n<p><!--\n<link rel=\"stylesheet\" href=\"css\/bootstrap.min.css\">\n\n\n<ul class=\"pagination\">\n\t    \n\t\n\n<li >\n\t<a href='?page_no=6573'>Previous<\/a>\n\t<\/li>\n\n\n       \n    \n\n<li><a href='?page_no=1'>1<\/a><\/li>\n\n\n\n<li><a href='?page_no=2'>2<\/a><\/li>\n\n\n\n<li><a>...<\/a><\/li>\n\n\n\n<li><a href='?page_no=6572'>6572<\/a><\/li>\n\n\n\n<li><a href='?page_no=6573'>6573<\/a><\/li>\n\n\n\n<li class='active'><a>6574<\/a><\/li>\n\n\n\n<li><a href='?page_no=6575'>6575<\/a><\/li>\n\n\n\n<li><a href='?page_no=6576'>6576<\/a><\/li>\n\n\n\n<li><a>...<\/a><\/li>\n\n\n\n<li><a href='?page_no=36999'>36999<\/a><\/li>\n\n\n\n<li><a href='?page_no=37000'>37000<\/a><\/li>\n\n    \n\t\n\n<li >\n\t<a href='?page_no=6575'>Next<\/a>\n\t<\/li>\n\n\n    \n\n<li><a href='?page_no=37000'>Last &rsaquo;&rsaquo;<\/a><\/li>\n\n<\/ul>\n\n\n--><br \/>\n<\/body><\/p>\n","protected":false},"excerpt":{"rendered":"<p>Santo Domingo, R. D., 19 de febrero, 2018.- El presidente del Partido de la Liberaci\u00f3n Dominicana y expresidente de la Rep\u00fablica, Leonel Fern\u00e1ndez, explica que el proyecto de ley de partidos pol\u00edticos no puede imponer la forma de organizar sus primarias internas. Leonel Fern\u00e1ndez tambi\u00e9n considera como correcta la redacci\u00f3n sobre ese tema del anteproyecto [&hellip;]<\/p>\n","protected":false},"author":3,"featured_media":0,"comment_status":"open","ping_status":"open","sticky":false,"template":"","format":"standard","meta":{"footnotes":""},"categories":[22],"tags":[],"class_list":["post-171249","post","type-post","status-publish","format-standard","hentry","category-politica"],"_links":{"self":[{"href":"https:\/\/diariodominicano.com\/index.php?rest_route=\/wp\/v2\/posts\/171249","targetHints":{"allow":["GET"]}}],"collection":[{"href":"https:\/\/diariodominicano.com\/index.php?rest_route=\/wp\/v2\/posts"}],"about":[{"href":"https:\/\/diariodominicano.com\/index.php?rest_route=\/wp\/v2\/types\/post"}],"author":[{"embeddable":true,"href":"https:\/\/diariodominicano.com\/index.php?rest_route=\/wp\/v2\/users\/3"}],"replies":[{"embeddable":true,"href":"https:\/\/diariodominicano.com\/index.php?rest_route=%2Fwp%2Fv2%2Fcomments&post=171249"}],"version-history":[{"count":0,"href":"https:\/\/diariodominicano.com\/index.php?rest_route=\/wp\/v2\/posts\/171249\/revisions"}],"wp:attachment":[{"href":"https:\/\/diariodominicano.com\/index.php?rest_route=%2Fwp%2Fv2%2Fmedia&parent=171249"}],"wp:term":[{"taxonomy":"category","embeddable":true,"href":"https:\/\/diariodominicano.com\/index.php?rest_route=%2Fwp%2Fv2%2Fcategories&post=171249"},{"taxonomy":"post_tag","embeddable":true,"href":"https:\/\/diariodominicano.com\/index.php?rest_route=%2Fwp%2Fv2%2Ftags&post=171249"}],"curies":[{"name":"wp","href":"https:\/\/api.w.org\/{rel}","templated":true}]}}