{"id":171248,"date":"2018-02-19T11:53:47","date_gmt":"2018-02-19T11:53:47","guid":{"rendered":"http:\/\/diariodominicano.ddns.net\/?p=171248"},"modified":"2018-02-19T11:53:47","modified_gmt":"2018-02-19T11:53:47","slug":"chu-vasquez-afirma-perremeistas-quieren-ir-al-poder","status":"publish","type":"post","link":"https:\/\/diariodominicano.com\/?p=171248","title":{"rendered":"&#13;Chu Vasquez afirma perreme\u00edstas quieren ir al poder"},"content":{"rendered":"<p><body><\/p>\n<p><img decoding=\"async\" src=\"img3\/chu111.jpg\" \/>  <\/p>\n<p>El secretario general del PRM y candidato a esa posici\u00f3n, Jes\u00fas Ch\u00fa V\u00e1squez afirm\u00f3 que la base de su partido est\u00e1 decidida ir al poder, pero est\u00e1n claro, de que para ellos no pueden cometer desaciertos en el certamen venidero.<\/p>\n<\/p>\n<p>Afirm\u00f3 que  a un mes para la convenci\u00f3n su candidatura cada vez m\u00e1s se fortalece, y atribuy\u00f3 su crecimiento al despertar que han tenido los dirigentes de todo el pa\u00eds, quienes la han asumido como un sentimiento, convencido de que los momentos actuales son para dar pasos certeros.<\/p>\n<\/p>\n<p>Luego recibir el apoyo de decenas de dirigentes de las circunscripciones uno y tres del Distrito Nacional,  Ch\u00fa V\u00e1squez  asegur\u00f3 que la base del PRM, no est\u00e1 en condiciones de aguantar  otra derrota electoral.<\/p>\n<\/p>\n<p>??Ustedes est\u00e1n en la misma condiciones de los dem\u00e1s dirigentes del resto del pa\u00eds, quieren ir al poder, est\u00e1n trabajando para eso, pero tambi\u00e9n est\u00e1n convencidos de que para lograr ese paso, no podemos cometer errores en este proceso?? manifest\u00f3.<\/p>\n<\/p>\n<p>Se\u00f1al\u00f3 que  su candidatura constituye el  puente que podr\u00eda marcar la diferencia, entre el retroceso del partido, o el avance institucional para alcanzar la meta de ir al gobierno en los comicios venideros.<\/p>\n<\/p>\n<p>Durante  sus encuentros en esas demarcaciones del Distrito Nacional,  V\u00e1squez  Mart\u00ednez recibi\u00f3 el apoyo de decenas de dirigentes quienes le manifestaron su apoyo de cara al proceso venidero.<\/p>\n<\/p>\n<p>Asimismo, resaltaron los meritos del exsenador para continuar al frente de la secretar\u00eda general.<\/p>\n<\/p>\n<h6> 2018-02-19 11:53:47 <\/h6>\n<p><!--\n<link rel=\"stylesheet\" href=\"css\/bootstrap.min.css\">\n\n\n<ul class=\"pagination\">\n\t    \n\t\n\n<li >\n\t<a href='?page_no=6572'>Previous<\/a>\n\t<\/li>\n\n\n       \n    \n\n<li><a href='?page_no=1'>1<\/a><\/li>\n\n\n\n<li><a href='?page_no=2'>2<\/a><\/li>\n\n\n\n<li><a>...<\/a><\/li>\n\n\n\n<li><a href='?page_no=6571'>6571<\/a><\/li>\n\n\n\n<li><a href='?page_no=6572'>6572<\/a><\/li>\n\n\n\n<li class='active'><a>6573<\/a><\/li>\n\n\n\n<li><a href='?page_no=6574'>6574<\/a><\/li>\n\n\n\n<li><a href='?page_no=6575'>6575<\/a><\/li>\n\n\n\n<li><a>...<\/a><\/li>\n\n\n\n<li><a href='?page_no=36999'>36999<\/a><\/li>\n\n\n\n<li><a href='?page_no=37000'>37000<\/a><\/li>\n\n    \n\t\n\n<li >\n\t<a href='?page_no=6574'>Next<\/a>\n\t<\/li>\n\n\n    \n\n<li><a href='?page_no=37000'>Last &rsaquo;&rsaquo;<\/a><\/li>\n\n<\/ul>\n\n\n--><br \/>\n<\/body><\/p>\n","protected":false},"excerpt":{"rendered":"<p>El secretario general del PRM y candidato a esa posici\u00f3n, Jes\u00fas Ch\u00fa V\u00e1squez afirm\u00f3 que la base de su partido est\u00e1 decidida ir al poder, pero est\u00e1n claro, de que para ellos no pueden cometer desaciertos en el certamen venidero. Afirm\u00f3 que a un mes para la convenci\u00f3n su candidatura cada vez m\u00e1s se fortalece, [&hellip;]<\/p>\n","protected":false},"author":3,"featured_media":0,"comment_status":"open","ping_status":"open","sticky":false,"template":"","format":"standard","meta":{"footnotes":""},"categories":[22],"tags":[],"class_list":["post-171248","post","type-post","status-publish","format-standard","hentry","category-politica"],"_links":{"self":[{"href":"https:\/\/diariodominicano.com\/index.php?rest_route=\/wp\/v2\/posts\/171248","targetHints":{"allow":["GET"]}}],"collection":[{"href":"https:\/\/diariodominicano.com\/index.php?rest_route=\/wp\/v2\/posts"}],"about":[{"href":"https:\/\/diariodominicano.com\/index.php?rest_route=\/wp\/v2\/types\/post"}],"author":[{"embeddable":true,"href":"https:\/\/diariodominicano.com\/index.php?rest_route=\/wp\/v2\/users\/3"}],"replies":[{"embeddable":true,"href":"https:\/\/diariodominicano.com\/index.php?rest_route=%2Fwp%2Fv2%2Fcomments&post=171248"}],"version-history":[{"count":0,"href":"https:\/\/diariodominicano.com\/index.php?rest_route=\/wp\/v2\/posts\/171248\/revisions"}],"wp:attachment":[{"href":"https:\/\/diariodominicano.com\/index.php?rest_route=%2Fwp%2Fv2%2Fmedia&parent=171248"}],"wp:term":[{"taxonomy":"category","embeddable":true,"href":"https:\/\/diariodominicano.com\/index.php?rest_route=%2Fwp%2Fv2%2Fcategories&post=171248"},{"taxonomy":"post_tag","embeddable":true,"href":"https:\/\/diariodominicano.com\/index.php?rest_route=%2Fwp%2Fv2%2Ftags&post=171248"}],"curies":[{"name":"wp","href":"https:\/\/api.w.org\/{rel}","templated":true}]}}