{"id":171247,"date":"2018-02-19T12:34:34","date_gmt":"2018-02-19T12:34:34","guid":{"rendered":"http:\/\/diariodominicano.ddns.net\/?p=171247"},"modified":"2018-02-19T12:34:34","modified_gmt":"2018-02-19T12:34:34","slug":"dominicana-limpia-avanza-inician-integracion-juntas-municipales-en-azua","status":"publish","type":"post","link":"https:\/\/diariodominicano.com\/?p=171247","title":{"rendered":"Dominicana Limpia avanza: Inician integraci\u00f3n juntas municipales en Azua"},"content":{"rendered":"<p><body><\/p>\n<p><img decoding=\"async\" src=\"img3\/domi2.jpg\" \/><br \/><img decoding=\"async\" src=\"img3\/domi3.jpg\" \/>  <\/p>\n<p>El programa Dominicana Limpia inici\u00f3 en Azua el proceso de integraci\u00f3n y juramentaci\u00f3n de juntas municipales, las cuales tendr\u00e1n a cargo integrar a instancias p\u00fablicas y sociales de los municipios con responsabilidad en la orientaci\u00f3n y educaci\u00f3n a los sectores que inciden en la ciudad en el manejo de los residuos s\u00f3lidos.<\/p>\n<\/p>\n<p>Como primer municipio a sumarse en este proceso, el ayuntamiento de Azua integr\u00f3 su junta municipal conformada por el alcalde y presidente de la Federaci\u00f3n Dominicana de Municipios (FEDOMU), Rafael Hidalgo Fern\u00e1ndez; la directora del distrito educativo, Derbi Segura; la directora regional de educaci\u00f3n, Rafaela Nova; el director provincial de medio ambiente, Isidro D\u00edaz; el rector de la Universidad Tecnol\u00f3gica del Sur, Virgilio L\u00f3pez; el diputado Julio Brito, un representante de la iglesia Cat\u00f3lica y uno de la iglesia evang\u00e9lica.<\/p>\n<\/p>\n<p>Domingo Contreras, director general de Programas Especiales de la Presidencia (DIGEPEP), tuvo a su cargo la juramentaci\u00f3n de los integrantes de la Junta Municipal del Plan Dominicana Limpia, en un acto realizado en el sal\u00f3n de actos del ayuntamiento.<\/p>\n<\/p>\n<p>Durante la actividad, la vicealcaldesa Ironelis Mateo de Ram\u00edrez rindi\u00f3 un informe en el que evidenci\u00f3 los avances de Dominicana Limpia en el municipio mediante la puesta en marcha de varios procesos, como la compra de equipos para fortalecer el servicio de aseo urbano, la capacitaci\u00f3n de t\u00e9cnicos municipales del servicio de aseo urbano en el manejo integral de residuos s\u00f3lidos, la conformaci\u00f3n de un equipo de promotoras de la sensibilizaci\u00f3n y educaci\u00f3n ciudadana en materia de gesti\u00f3n integral de residuos s\u00f3lidos y las charlas y capacitaciones en los puntos limpios de las escuelas y los barrios piloto.<\/p>\n<\/p>\n<p>Asimismo, el alcalde Rafael Hidalgo Fern\u00e1ndez manifest\u00f3 que una de las prioridades de su gesti\u00f3n municipal es llevar a la vanguardia la gesti\u00f3n de los residuos s\u00f3lidos en el municipio, por lo que adem\u00e1s de la implementaci\u00f3n de Dominicana Limpia, en la actualidad Azua tiene uno de los mejores vertederos del pa\u00eds fruto de la voluntad y colaboraci\u00f3n de la Agencia de Cooperaci\u00f3n Internacional del Jap\u00f3n (JICA) y del apoyo del Gobierno del presidente Danilo Medina.<\/p>\n<\/p>\n<p>Destac\u00f3 c\u00f3mo Dominicana Limpia es un programa fundamental para los municipios del pa\u00eds que marcar\u00e1 un hito en la transformaci\u00f3n y gesti\u00f3n integral de los residuos s\u00f3lidos. \u00abDominicana Limpia tiene la virtud de haber sido puesto en marcha a partir de la necesaria participaci\u00f3n de todos los sectores que tienen responsabilidad en el logro de esta transformaci\u00f3n: gobiernos locales, gobierno central, sector privado y ciudadan\u00eda.Como dice el lema de este programa, con una Dominicana Limpia ganamos todos. Cuando la sociedad une sus esfuerzos construye una patria mejor, avanzamos hacia la patria que todos queremos y merecemos, una patria en la que cada vez vivamos en mayor armon\u00eda con el medio ambiente y con los m\u00e1s elevados est\u00e1ndares de limpieza y sanidad, creando bases s\u00f3lidas para el desarrollo nacional\u00bb.<\/p>\n<\/p>\n<p>\u00abPor ello, siempre reiteramos el agradecimiento al presidente de la Rep\u00fablica, Danilo Medina, por el apoyo y esfuerzo puestos para que este programa sea una realidad; el apoyo de la Cervecer\u00eda Nacional Dominicana y el impulso de la DIGEPEP. Asimismo, la coordinaci\u00f3n e involucramiento de todos los ministerios que integran esta iniciativa: Medio Ambiente, Educaci\u00f3n, Salud P\u00fablica y Turismo\u00bb enfatiz\u00f3.<\/p>\n<h6> 2018-02-19 12:34:34 <\/h6>\n<p><!--\n<link rel=\"stylesheet\" href=\"css\/bootstrap.min.css\">\n\n\n<ul class=\"pagination\">\n\t    \n\t\n\n<li >\n\t<a href='?page_no=6571'>Previous<\/a>\n\t<\/li>\n\n\n       \n    \n\n<li><a href='?page_no=1'>1<\/a><\/li>\n\n\n\n<li><a href='?page_no=2'>2<\/a><\/li>\n\n\n\n<li><a>...<\/a><\/li>\n\n\n\n<li><a href='?page_no=6570'>6570<\/a><\/li>\n\n\n\n<li><a href='?page_no=6571'>6571<\/a><\/li>\n\n\n\n<li class='active'><a>6572<\/a><\/li>\n\n\n\n<li><a href='?page_no=6573'>6573<\/a><\/li>\n\n\n\n<li><a href='?page_no=6574'>6574<\/a><\/li>\n\n\n\n<li><a>...<\/a><\/li>\n\n\n\n<li><a href='?page_no=36999'>36999<\/a><\/li>\n\n\n\n<li><a href='?page_no=37000'>37000<\/a><\/li>\n\n    \n\t\n\n<li >\n\t<a href='?page_no=6573'>Next<\/a>\n\t<\/li>\n\n\n    \n\n<li><a href='?page_no=37000'>Last &rsaquo;&rsaquo;<\/a><\/li>\n\n<\/ul>\n\n\n--><br \/>\n<\/body><\/p>\n","protected":false},"excerpt":{"rendered":"<p>El programa Dominicana Limpia inici\u00f3 en Azua el proceso de integraci\u00f3n y juramentaci\u00f3n de juntas municipales, las cuales tendr\u00e1n a cargo integrar a instancias p\u00fablicas y sociales de los municipios con responsabilidad en la orientaci\u00f3n y educaci\u00f3n a los sectores que inciden en la ciudad en el manejo de los residuos s\u00f3lidos. Como primer municipio [&hellip;]<\/p>\n","protected":false},"author":3,"featured_media":0,"comment_status":"open","ping_status":"open","sticky":false,"template":"","format":"standard","meta":{"footnotes":""},"categories":[22],"tags":[],"class_list":["post-171247","post","type-post","status-publish","format-standard","hentry","category-politica"],"_links":{"self":[{"href":"https:\/\/diariodominicano.com\/index.php?rest_route=\/wp\/v2\/posts\/171247","targetHints":{"allow":["GET"]}}],"collection":[{"href":"https:\/\/diariodominicano.com\/index.php?rest_route=\/wp\/v2\/posts"}],"about":[{"href":"https:\/\/diariodominicano.com\/index.php?rest_route=\/wp\/v2\/types\/post"}],"author":[{"embeddable":true,"href":"https:\/\/diariodominicano.com\/index.php?rest_route=\/wp\/v2\/users\/3"}],"replies":[{"embeddable":true,"href":"https:\/\/diariodominicano.com\/index.php?rest_route=%2Fwp%2Fv2%2Fcomments&post=171247"}],"version-history":[{"count":0,"href":"https:\/\/diariodominicano.com\/index.php?rest_route=\/wp\/v2\/posts\/171247\/revisions"}],"wp:attachment":[{"href":"https:\/\/diariodominicano.com\/index.php?rest_route=%2Fwp%2Fv2%2Fmedia&parent=171247"}],"wp:term":[{"taxonomy":"category","embeddable":true,"href":"https:\/\/diariodominicano.com\/index.php?rest_route=%2Fwp%2Fv2%2Fcategories&post=171247"},{"taxonomy":"post_tag","embeddable":true,"href":"https:\/\/diariodominicano.com\/index.php?rest_route=%2Fwp%2Fv2%2Ftags&post=171247"}],"curies":[{"name":"wp","href":"https:\/\/api.w.org\/{rel}","templated":true}]}}