{"id":171246,"date":"2018-02-19T13:02:18","date_gmt":"2018-02-19T13:02:18","guid":{"rendered":"http:\/\/diariodominicano.ddns.net\/?p=171246"},"modified":"2018-02-19T13:02:18","modified_gmt":"2018-02-19T13:02:18","slug":"cesar-cedeno-asegura-carolina-mejia-sera-la-proxima-secretaria-general-del-prm","status":"publish","type":"post","link":"https:\/\/diariodominicano.com\/?p=171246","title":{"rendered":"Cesar Cede\u00f1o asegura Carolina Mej\u00eda ser\u00e1 la pr\u00f3xima Secretaria General del PRM&#13;&#13;"},"content":{"rendered":"<p><body><\/p>\n<p>Santo Domingo Oeste.- Cesar Cede\u00f1o, director de campa\u00f1a del proyecto presidencial Hip\u00f3lito Mej\u00eda, presidente \u00abH20\u00bb y aspirante a unas de vicepresidencias del Partido Revolucionario Moderno (PRM), asegur\u00f3 que el pr\u00f3ximo 18 de marzo resultar\u00e1 electa la secretaria general por esa organizaci\u00f3n pol\u00edtica, Carolina Mej\u00eda.<\/p>\n<\/p>\n<p>Cede\u00f1o manifest\u00f3 que el trabajo que Carolina Mej\u00eda ha venido desarrollando a nivel nacional en la que hace contactos con la dirigencia del partido en todas las zonas, regiones, municipios y provincia, con quienes hace compromisos a futuro para el fortalecimiento de la organizaci\u00f3n.<\/p>\n<\/p>\n<p>\u00abCarolina Mej\u00eda es un candidata que desde que se inscribi\u00f3 ha mantenido una campa\u00f1a de contactos con la dirigencia nacional e internacional quienes les han manifestado su apoyo a lo largo y ancho del pa\u00eds, por lo que cuenta con los votos suficientes para ser la pr\u00f3xima secretaria general del PRM, y no me cabe la menor duda de que el pr\u00f3ximo 18 de marzo as\u00ed ser\u00e1\u00bb justific\u00f3 Cede\u00f1o.<\/p>\n<\/p>\n<p>El ex ministro de deportes dijo que como en su gesti\u00f3n gubernamental el ex presidente Hip\u00f3lito Mej\u00eda Dom\u00ednguez, ha sido una persona que cree y brinda oportunidades a las mujeres, por lo que durante su mandato la mayor\u00edas de los gobernadores eran del sexo femenino y es por ello que igualmente respalda a su hija Carolina Mej\u00ed, para que sea electa mediante el voto universal y no por el dedo.<\/p>\n<\/p>\n<p>Al encabezar un multitudinario acto en Santo Domingo Oeste, Cesar Cede\u00f1o, explic\u00f3 que el compromiso de Carolina Mej\u00eda de resultar electa como secretaria general del PRM es crear el instrumento para que junto a la militancia y la Sociedad Civil, sea el que definitivamente sacar\u00e1 al Partido de la Liberaci\u00f3n Dominicana del poder en las elecciones del 2020<\/p>\n<\/p>\n<p>En otro orden; pidi\u00f3 a sus compa\u00f1eros a no repetir los errores del pasado y dar a la sociedad la oportunidad de elegir en las pr\u00f3ximas elecciones un partido, nuevo, diferente y comprometido con las mejores causas de la naci\u00f3n, el que seg\u00fan dijo es el Partido Revolucionario Moderno.<\/p>\n<h6> 2018-02-19 13:02:18 <\/h6>\n<p><!--\n<link rel=\"stylesheet\" href=\"css\/bootstrap.min.css\">\n\n\n<ul class=\"pagination\">\n\t    \n\t\n\n<li >\n\t<a href='?page_no=6570'>Previous<\/a>\n\t<\/li>\n\n\n       \n    \n\n<li><a href='?page_no=1'>1<\/a><\/li>\n\n\n\n<li><a href='?page_no=2'>2<\/a><\/li>\n\n\n\n<li><a>...<\/a><\/li>\n\n\n\n<li><a href='?page_no=6569'>6569<\/a><\/li>\n\n\n\n<li><a href='?page_no=6570'>6570<\/a><\/li>\n\n\n\n<li class='active'><a>6571<\/a><\/li>\n\n\n\n<li><a href='?page_no=6572'>6572<\/a><\/li>\n\n\n\n<li><a href='?page_no=6573'>6573<\/a><\/li>\n\n\n\n<li><a>...<\/a><\/li>\n\n\n\n<li><a href='?page_no=36999'>36999<\/a><\/li>\n\n\n\n<li><a href='?page_no=37000'>37000<\/a><\/li>\n\n    \n\t\n\n<li >\n\t<a href='?page_no=6572'>Next<\/a>\n\t<\/li>\n\n\n    \n\n<li><a href='?page_no=37000'>Last &rsaquo;&rsaquo;<\/a><\/li>\n\n<\/ul>\n\n\n--><br \/>\n<\/body><\/p>\n","protected":false},"excerpt":{"rendered":"<p>Santo Domingo Oeste.- Cesar Cede\u00f1o, director de campa\u00f1a del proyecto presidencial Hip\u00f3lito Mej\u00eda, presidente \u00abH20\u00bb y aspirante a unas de vicepresidencias del Partido Revolucionario Moderno (PRM), asegur\u00f3 que el pr\u00f3ximo 18 de marzo resultar\u00e1 electa la secretaria general por esa organizaci\u00f3n pol\u00edtica, Carolina Mej\u00eda. Cede\u00f1o manifest\u00f3 que el trabajo que Carolina Mej\u00eda ha venido desarrollando [&hellip;]<\/p>\n","protected":false},"author":3,"featured_media":0,"comment_status":"open","ping_status":"open","sticky":false,"template":"","format":"standard","meta":{"footnotes":""},"categories":[22],"tags":[],"class_list":["post-171246","post","type-post","status-publish","format-standard","hentry","category-politica"],"_links":{"self":[{"href":"https:\/\/diariodominicano.com\/index.php?rest_route=\/wp\/v2\/posts\/171246","targetHints":{"allow":["GET"]}}],"collection":[{"href":"https:\/\/diariodominicano.com\/index.php?rest_route=\/wp\/v2\/posts"}],"about":[{"href":"https:\/\/diariodominicano.com\/index.php?rest_route=\/wp\/v2\/types\/post"}],"author":[{"embeddable":true,"href":"https:\/\/diariodominicano.com\/index.php?rest_route=\/wp\/v2\/users\/3"}],"replies":[{"embeddable":true,"href":"https:\/\/diariodominicano.com\/index.php?rest_route=%2Fwp%2Fv2%2Fcomments&post=171246"}],"version-history":[{"count":0,"href":"https:\/\/diariodominicano.com\/index.php?rest_route=\/wp\/v2\/posts\/171246\/revisions"}],"wp:attachment":[{"href":"https:\/\/diariodominicano.com\/index.php?rest_route=%2Fwp%2Fv2%2Fmedia&parent=171246"}],"wp:term":[{"taxonomy":"category","embeddable":true,"href":"https:\/\/diariodominicano.com\/index.php?rest_route=%2Fwp%2Fv2%2Fcategories&post=171246"},{"taxonomy":"post_tag","embeddable":true,"href":"https:\/\/diariodominicano.com\/index.php?rest_route=%2Fwp%2Fv2%2Ftags&post=171246"}],"curies":[{"name":"wp","href":"https:\/\/api.w.org\/{rel}","templated":true}]}}