{"id":171245,"date":"2018-02-19T13:21:22","date_gmt":"2018-02-19T13:21:22","guid":{"rendered":"http:\/\/diariodominicano.ddns.net\/?p=171245"},"modified":"2018-02-19T13:21:22","modified_gmt":"2018-02-19T13:21:22","slug":"bautista-rojas-reitera-buena-gestion-de-gobierno-de-danilo-medina-es-base-de-triunfo-en-el-20","status":"publish","type":"post","link":"https:\/\/diariodominicano.com\/?p=171245","title":{"rendered":"Bautista Rojas reitera  buena gesti\u00f3n de  gobierno de Danilo Medina es base de triunfo en el 20"},"content":{"rendered":"<p><body><\/p>\n<p><img decoding=\"async\" src=\"img3\/bau1.jpg\" \/>  <\/p>\n<p>Bautista Rojas G\u00f3mez, miembro del Comit\u00e9 Pol\u00edtico del Partido de la Liberaci\u00f3n Dominicana (PLD), explic\u00f3 este d\u00eda que las  consultas o movimientos de potenciales candidatos a lo interno de esa  organizaci\u00f3n con miras a las elecciones del a\u00f1o 2020, tienen de base la ponderaci\u00f3n de la gesti\u00f3n encabezada por  el Presidente Danilo Medina.<\/p>\n<\/p>\n<p>El dirigente del PLD apunta que en el caso de los equipos que promulgan por una posible candidatura del ex presidente Leonel Fern\u00e1ndez, quienes realizan visitas puntuales a los municipios del pa\u00eds, se promueve  la necesidad de la continuaci\u00f3n de la organizaci\u00f3n en el poder y de continuar aportando al desarrollo y progreso del pa\u00eds, como se hace en la actualidad y se hizo en los pasados gobiernos morados.<\/p>\n<\/p>\n<p>\u00abVamos a los hogares de la Rep\u00fablica Dominicana a decirle, mire, estamos haciendo la mejor gesti\u00f3n de gobierno, ustedes quieren poner en mano de aventurero la Reforma Educativa? poner en mano de aventureros la tanda extendida?\u00bb, se\u00f1al\u00f3 Rojas G\u00f3mez en la nota divulgada por el PLD, recogida de su participaci\u00f3n en el programa Hoy Mismo.<\/p>\n<\/p>\n<p>Destaca que todos los avances y programas del \u00e1rea de la educaci\u00f3n, como de otras \u00e1reas, no pueden ponerse  en juego como ya se hizo una vez  y que por ello la poblaci\u00f3n pondera y respalda al Partido de la Liberaci\u00f3n Dominicana<\/p>\n<\/p>\n<p>Reiter\u00f3 que se ha querido vender la idea de que no se valoran las acciones del gobierno en su justa dimensi\u00f3n, sin embargo, agrega que muy por el contrario,  lo que se hace es promover la  buena gesti\u00f3n de Danilo Medina,  garante de un triunfo del PLD en las elecciones del a\u00f1o 2020.<\/p>\n<\/p>\n<p>Bautista Rojas G\u00f3mez acot\u00f3 que en el pa\u00eds no se caer\u00e1 en nuevas aventuras como la del a\u00f1o 2000  y que su partido continuar\u00e1  en el poder con sus aportes a trav\u00e9s de buenas gestiones  para beneficiar a la inmensa mayor\u00eda.<\/p>\n<h6> 2018-02-19 13:21:22 <\/h6>\n<p><!--\n<link rel=\"stylesheet\" href=\"css\/bootstrap.min.css\">\n\n\n<ul class=\"pagination\">\n\t    \n\t\n\n<li >\n\t<a href='?page_no=6569'>Previous<\/a>\n\t<\/li>\n\n\n       \n    \n\n<li><a href='?page_no=1'>1<\/a><\/li>\n\n\n\n<li><a href='?page_no=2'>2<\/a><\/li>\n\n\n\n<li><a>...<\/a><\/li>\n\n\n\n<li><a href='?page_no=6568'>6568<\/a><\/li>\n\n\n\n<li><a href='?page_no=6569'>6569<\/a><\/li>\n\n\n\n<li class='active'><a>6570<\/a><\/li>\n\n\n\n<li><a href='?page_no=6571'>6571<\/a><\/li>\n\n\n\n<li><a href='?page_no=6572'>6572<\/a><\/li>\n\n\n\n<li><a>...<\/a><\/li>\n\n\n\n<li><a href='?page_no=36999'>36999<\/a><\/li>\n\n\n\n<li><a href='?page_no=37000'>37000<\/a><\/li>\n\n    \n\t\n\n<li >\n\t<a href='?page_no=6571'>Next<\/a>\n\t<\/li>\n\n\n    \n\n<li><a href='?page_no=37000'>Last &rsaquo;&rsaquo;<\/a><\/li>\n\n<\/ul>\n\n\n--><br \/>\n<\/body><\/p>\n","protected":false},"excerpt":{"rendered":"<p>Bautista Rojas G\u00f3mez, miembro del Comit\u00e9 Pol\u00edtico del Partido de la Liberaci\u00f3n Dominicana (PLD), explic\u00f3 este d\u00eda que las consultas o movimientos de potenciales candidatos a lo interno de esa organizaci\u00f3n con miras a las elecciones del a\u00f1o 2020, tienen de base la ponderaci\u00f3n de la gesti\u00f3n encabezada por el Presidente Danilo Medina. El dirigente [&hellip;]<\/p>\n","protected":false},"author":3,"featured_media":0,"comment_status":"open","ping_status":"open","sticky":false,"template":"","format":"standard","meta":{"footnotes":""},"categories":[22],"tags":[],"class_list":["post-171245","post","type-post","status-publish","format-standard","hentry","category-politica"],"_links":{"self":[{"href":"https:\/\/diariodominicano.com\/index.php?rest_route=\/wp\/v2\/posts\/171245","targetHints":{"allow":["GET"]}}],"collection":[{"href":"https:\/\/diariodominicano.com\/index.php?rest_route=\/wp\/v2\/posts"}],"about":[{"href":"https:\/\/diariodominicano.com\/index.php?rest_route=\/wp\/v2\/types\/post"}],"author":[{"embeddable":true,"href":"https:\/\/diariodominicano.com\/index.php?rest_route=\/wp\/v2\/users\/3"}],"replies":[{"embeddable":true,"href":"https:\/\/diariodominicano.com\/index.php?rest_route=%2Fwp%2Fv2%2Fcomments&post=171245"}],"version-history":[{"count":0,"href":"https:\/\/diariodominicano.com\/index.php?rest_route=\/wp\/v2\/posts\/171245\/revisions"}],"wp:attachment":[{"href":"https:\/\/diariodominicano.com\/index.php?rest_route=%2Fwp%2Fv2%2Fmedia&parent=171245"}],"wp:term":[{"taxonomy":"category","embeddable":true,"href":"https:\/\/diariodominicano.com\/index.php?rest_route=%2Fwp%2Fv2%2Fcategories&post=171245"},{"taxonomy":"post_tag","embeddable":true,"href":"https:\/\/diariodominicano.com\/index.php?rest_route=%2Fwp%2Fv2%2Ftags&post=171245"}],"curies":[{"name":"wp","href":"https:\/\/api.w.org\/{rel}","templated":true}]}}