{"id":171243,"date":"2018-02-19T13:24:09","date_gmt":"2018-02-19T13:24:09","guid":{"rendered":"http:\/\/diariodominicano.ddns.net\/?p=171243"},"modified":"2018-02-19T13:24:09","modified_gmt":"2018-02-19T13:24:09","slug":"embajador-joaquin-geronimo-explica-en-gobiernos-del-pld-republica-dominicana-se-abre-al-mundo","status":"publish","type":"post","link":"https:\/\/diariodominicano.com\/?p=171243","title":{"rendered":"Embajador Joaqu\u00edn Ger\u00f3nimo explica en  gobiernos del PLD, Republica Dominicana se abre al mundo"},"content":{"rendered":"<p><body><\/p>\n<p><img decoding=\"async\" src=\"img3\/emba11.jpg\" \/>  <\/p>\n<p><strong>SANTO DOMINGO, RD, 19 de febrero de 2018.-<\/strong> El Embajador dominicano en Cuba, Joaqu\u00edn Ger\u00f3nimo, inform\u00f3 de la intenci\u00f3n conjunta de  la embajada dominicana en la vecina isla y la cubana en Rep\u00fablica Dominicana de  celebrar el 20 aniversario de la reanudaci\u00f3n de las relaciones diplom\u00e1tica entre Cuba y Rep\u00fablica Dominicana con una serie de actividades.<\/p>\n<\/p>\n<p>Ger\u00f3nimo record\u00f3  que en el mes de abril se cumplen 20 a\u00f1os de la reanudaci\u00f3n de las relaciones diplom\u00e1ticas entre estos dos pueblos unidos por lazos hist\u00f3ricos, llevadas a cabo por el expresidente Leonel Fern\u00e1ndez en 1998.<\/p>\n<\/p>\n<p>El dirigente pelede\u00edsta, ex titular de la Secretar\u00eda de Organizaci\u00f3n, rese\u00f1a que cuando el PLD  lleg\u00f3 a la presidencia de la Rep\u00fablica en 1996,  se abri\u00f3  todo el escenario internacional, al extremo que dos a\u00f1os despu\u00e9s de su primer gobierno, el pa\u00eds restablece las relaciones diplom\u00e1ticas con Cuba, aclarando que ambos pa\u00edses ya hab\u00edan tenido relaciones de pueblo a pueblo.<\/p>\n<\/p>\n<p>\u00abEse hecho constituy\u00f3 un paso muy significativo porque dio una idea de que no hab\u00eda limites en t\u00e9rminos de las relaciones internacionales de la Rep\u00fablica Dominicana con todos los pueblos, pa\u00edses y gobiernos del mundo\u00bb, enfatiz\u00f3 Ger\u00f3nimo entrevistado para Vanguardia del Pueblo y rese\u00f1ado por la Secretar\u00eda de Comunicaciones del PLD.<\/p>\n<\/p>\n<p>Manifiesta que la Embajada de Cuba en Rep\u00fablica Dominicana tambi\u00e9n se unir\u00e1 a la  celebraci\u00f3n de estos 20 a\u00f1os de relaciones diplom\u00e1ticas con la realizaci\u00f3n de diversas actividades que ser\u00e1n dadas a conocer por su Embajador.<\/p>\n<\/p>\n<p>Considera como una decisi\u00f3n muy acertada la reanudaci\u00f3n de estas relaciones ya que en Cuba hay una posici\u00f3n de liderazgo internacional y de activa participaci\u00f3n en el escenario diplom\u00e1tico y que \u00e9l como Embajador representante del gobierno dominicana est\u00e1 llamado a darle curso a esa pol\u00edtica.<\/p>\n<\/p>\n<p>Explica que Cuba es uno de los epicentros de la vida diplom\u00e1tica. \u00abEn este pa\u00eds existe un hervidero permanente de diplomacia. Tiene relaciones pr\u00e1cticamente con todo el mundo. Hay 104 embajadas\u00bb.<\/p>\n<\/p>\n<p>Resalta como muy importante el hecho de que en Cuba existen unos 26 embajadores concurrentes en Rep\u00fablica Dominicana, es decir, embajadores de pa\u00edses lejanos de \u00c1frica y Asia que no est\u00e1n en condiciones de designar un embajador en este pa\u00eds y son designados en Cuba concurrentes en esta isla.<\/p>\n<\/p>\n<p>Adem\u00e1s de las actividades diplom\u00e1ticas rutinarias como representante del gobierno dominicano participa en las reuniones del Sistema de Integraci\u00f3n Centroamericana (SICA) y la Comunidad del Caribe (CARICOM), entre otras.<\/p>\n<\/p>\n<p>El Embajador dominicano en Cuba destac\u00f3 que la impronta que han dejado los gobiernos del Partido de la Liberaci\u00f3n Dominicana en t\u00e9rminos de desarrollo en lo econ\u00f3mico y social tambi\u00e9n se expresa en sus relaciones internacionales.<\/p>\n<\/p>\n<p>Asegur\u00f3 que la Rep\u00fablica Dominicana desde su posici\u00f3n insular caribe\u00f1a ejerce un liderazgo regional y continental. \u00abYa fuimos presidente protempore de la Comunidad de Estados Latinoamericanos y Caribe\u00f1o (CELAC). Ahora somos presidente protempore del Sistema de Integraci\u00f3n Centroamericana (SICA), y estamos aspirando con posibilidades reales a un puesto en el Consejo de Seguridad de las Naciones Unidas (ONU) 2018-2019.<\/p>\n<\/p>\n<p>\u00abA esto se agrega que el Presidente design\u00f3 este a\u00f1o como de la promoci\u00f3n y el fomento de las importaciones y esto implica que todas las embajadas tienen que abrir oficinas comerciales para apoyar las actividades de negocios. Ya lo hicimos en nuestra embajada en Cuba\u00bb, se\u00f1al\u00f3 el diplom\u00e1tico y dirigente pol\u00edtico.<\/p>\n<h6> 2018-02-19 13:24:09 <\/h6>\n<p><!--\n<link rel=\"stylesheet\" href=\"css\/bootstrap.min.css\">\n\n\n<ul class=\"pagination\">\n\t    \n\t\n\n<li >\n\t<a href='?page_no=6568'>Previous<\/a>\n\t<\/li>\n\n\n       \n    \n\n<li><a href='?page_no=1'>1<\/a><\/li>\n\n\n\n<li><a href='?page_no=2'>2<\/a><\/li>\n\n\n\n<li><a>...<\/a><\/li>\n\n\n\n<li><a href='?page_no=6567'>6567<\/a><\/li>\n\n\n\n<li><a href='?page_no=6568'>6568<\/a><\/li>\n\n\n\n<li class='active'><a>6569<\/a><\/li>\n\n\n\n<li><a href='?page_no=6570'>6570<\/a><\/li>\n\n\n\n<li><a href='?page_no=6571'>6571<\/a><\/li>\n\n\n\n<li><a>...<\/a><\/li>\n\n\n\n<li><a href='?page_no=36999'>36999<\/a><\/li>\n\n\n\n<li><a href='?page_no=37000'>37000<\/a><\/li>\n\n    \n\t\n\n<li >\n\t<a href='?page_no=6570'>Next<\/a>\n\t<\/li>\n\n\n    \n\n<li><a href='?page_no=37000'>Last &rsaquo;&rsaquo;<\/a><\/li>\n\n<\/ul>\n\n\n--><br \/>\n<\/body><\/p>\n","protected":false},"excerpt":{"rendered":"<p>SANTO DOMINGO, RD, 19 de febrero de 2018.- El Embajador dominicano en Cuba, Joaqu\u00edn Ger\u00f3nimo, inform\u00f3 de la intenci\u00f3n conjunta de la embajada dominicana en la vecina isla y la cubana en Rep\u00fablica Dominicana de celebrar el 20 aniversario de la reanudaci\u00f3n de las relaciones diplom\u00e1tica entre Cuba y Rep\u00fablica Dominicana con una serie de [&hellip;]<\/p>\n","protected":false},"author":3,"featured_media":0,"comment_status":"open","ping_status":"open","sticky":false,"template":"","format":"standard","meta":{"footnotes":""},"categories":[22],"tags":[],"class_list":["post-171243","post","type-post","status-publish","format-standard","hentry","category-politica"],"_links":{"self":[{"href":"https:\/\/diariodominicano.com\/index.php?rest_route=\/wp\/v2\/posts\/171243","targetHints":{"allow":["GET"]}}],"collection":[{"href":"https:\/\/diariodominicano.com\/index.php?rest_route=\/wp\/v2\/posts"}],"about":[{"href":"https:\/\/diariodominicano.com\/index.php?rest_route=\/wp\/v2\/types\/post"}],"author":[{"embeddable":true,"href":"https:\/\/diariodominicano.com\/index.php?rest_route=\/wp\/v2\/users\/3"}],"replies":[{"embeddable":true,"href":"https:\/\/diariodominicano.com\/index.php?rest_route=%2Fwp%2Fv2%2Fcomments&post=171243"}],"version-history":[{"count":0,"href":"https:\/\/diariodominicano.com\/index.php?rest_route=\/wp\/v2\/posts\/171243\/revisions"}],"wp:attachment":[{"href":"https:\/\/diariodominicano.com\/index.php?rest_route=%2Fwp%2Fv2%2Fmedia&parent=171243"}],"wp:term":[{"taxonomy":"category","embeddable":true,"href":"https:\/\/diariodominicano.com\/index.php?rest_route=%2Fwp%2Fv2%2Fcategories&post=171243"},{"taxonomy":"post_tag","embeddable":true,"href":"https:\/\/diariodominicano.com\/index.php?rest_route=%2Fwp%2Fv2%2Ftags&post=171243"}],"curies":[{"name":"wp","href":"https:\/\/api.w.org\/{rel}","templated":true}]}}