{"id":171241,"date":"2018-02-20T01:01:00","date_gmt":"2018-02-20T01:01:00","guid":{"rendered":"http:\/\/diariodominicano.ddns.net\/?p=171241"},"modified":"2018-02-20T01:01:00","modified_gmt":"2018-02-20T01:01:00","slug":"solis-y-presidente-del-legislativo-tico-abordaran-reforma-fiscal","status":"publish","type":"post","link":"https:\/\/diariodominicano.com\/?p=171241","title":{"rendered":"Sol\u00eds y presidente del Legislativo tico abordar\u00e1n reforma fiscal"},"content":{"rendered":"<p><body><\/p>\n<p><strong>San Jos\u00e9, 20 feb (PL)<\/strong> El presidente de la Asamblea Legislativa, Gonzalo Ram\u00edrez, afirm\u00f3 que la reuni\u00f3n de hoy con el mandatario de Costa Rica, Luis Guillermo Sol\u00eds, busca allanar la discusi\u00f3n parlamentaria de la reforma fiscal presentada por el Ejecutivo.<\/p>\n<\/p>\n<p>En declaraciones a la prensa sobre su encuentro con Sol\u00eds, el presidente del Legislativo tico adelant\u00f3 que quiere plantearle tender un puente y que escuche las inquietudes de los jefes de fracci\u00f3n y los diputados independientes sobre los proyectos fiscales, pero no en reuniones aisladas, sino en un encuentro conjunto&#8217;.<\/p>\n<\/p>\n<p>&#8216;Me parece que aunque hay disposici\u00f3n en el Poder Ejecutivo y en la Asamblea Legislativa de avanzar en la discusi\u00f3n del proyecto, todav\u00eda hay algunos obst\u00e1culos que se pueden superar con la disposici\u00f3n al di\u00e1logo&#8217;, precis\u00f3 Ram\u00edrez.<\/p>\n<\/p>\n<p>El pasado d\u00eda 7, cuando acord\u00f3 la ampliaci\u00f3n de la convocatoria a las sesiones extraordinarias del Legislativo, el Poder Ejecutivo asever\u00f3 que le interesaba que los diputados le dieran prioridad a los proyectos legales relacionados con econom\u00eda, en especial el d\u00e9ficit fiscal.<\/p>\n<\/p>\n<p>En Costa Rica, el Ejecutivo puede convocar dos veces al a\u00f1o -del 1 al 31 de agosto y del 1 de diciembre al 30 de abril- a sesiones extraordinarias para que los diputados debatan las iniciativas de ley de su inter\u00e9s.<\/p>\n<\/p>\n<p>Al comentar la ampliaci\u00f3n de la convocatoria para los \u00faltimos tres meses de la actual legislatura, el viceministro de la Presidencia en Asuntos Legislativos, Paulino Mora, coment\u00f3 que incluye diversas tem\u00e1ticas de seguridad, infraestructura y econ\u00f3micas, con prioridad en las iniciativas sobre tributos y mejora en la eficiencia del gasto.<\/p>\n<\/p>\n<p>Entre los proyectos legales para atacar el elevado d\u00e9ficit fiscal, actualmente en 6,2 por ciento del Producto Interno Bruto, Mora mencion\u00f3 los relativos al fortalecimiento de las finanzas p\u00fablicas, que incluye la transformaci\u00f3n del Impuesto de Ventas al Impuesto de Valor Agregado y la modificaci\u00f3n del Impuesto de Renta.<\/p>\n<\/p>\n<p>Tambi\u00e9n, prosigui\u00f3, la iniciativa de Regla fiscal, la ley de reg\u00edmenes de exenciones para el pago de tributos y la ley de eficiencia en la asignaci\u00f3n del gasto p\u00fablico.<\/p>\n<\/p>\n<p>&#8216;La compleja situaci\u00f3n fiscal que enfrenta nuestro pa\u00eds demanda que, de una vez por todas las distintas fuerzas legislativas puedan alcanzar un acuerdo en materia fiscal, por ello, persiguiendo ese objetivo y motivando esa discusi\u00f3n se realiza esta convocatoria que responsablemente fija la prioridad hacendaria, pero a la vez permite que todos los \u00f3rganos legislativos est\u00e9n activos&#8217;, apunt\u00f3 el viceministro.<\/p>\n<\/p>\n<p>Al acudir el pasado d\u00eda 4 a ejecer su derecho al voto en los comicios generales de ese d\u00eda, Sol\u00eds fue interrogado sobre el principal reto del presidente que conducir\u00e1 el pa\u00eds entre 2018 y 2022. &#8216;Tal y como lo he dicho durante tres a\u00f1os y medio sin parar, en todas partes, el d\u00e9ficit fiscal y la combinaci\u00f3n de \u00e9ste con la deuda&#8217;, respondi\u00f3.<\/p>\n<\/p>\n<p>No he dejado de repetirlo, ahora pareciera que es cosa nueva, que se ha descubierto un fen\u00f3meno que nos afecta desde hace muchos a\u00f1os. Sigo insistiendo en ello, no hay un problema mayor en este momento que ese, reiter\u00f3 el presidente tico.<\/p>\n<\/p>\n<p>&#8216;Sin dudas la agenda econ\u00f3mica es la que debemos continuar cuidando&#8217;, subray\u00f3 Sol\u00eds.<\/p>\n<\/p>\n<p>agp\/ale<\/p>\n<h6> 2018-02-20 01:01:00 <\/h6>\n<p><!--\n<link rel=\"stylesheet\" href=\"css\/bootstrap.min.css\">\n\n\n<ul class=\"pagination\">\n\t    \n\t\n\n<li >\n\t<a href='?page_no=6566'>Previous<\/a>\n\t<\/li>\n\n\n       \n    \n\n<li><a href='?page_no=1'>1<\/a><\/li>\n\n\n\n<li><a href='?page_no=2'>2<\/a><\/li>\n\n\n\n<li><a>...<\/a><\/li>\n\n\n\n<li><a href='?page_no=6565'>6565<\/a><\/li>\n\n\n\n<li><a href='?page_no=6566'>6566<\/a><\/li>\n\n\n\n<li class='active'><a>6567<\/a><\/li>\n\n\n\n<li><a href='?page_no=6568'>6568<\/a><\/li>\n\n\n\n<li><a href='?page_no=6569'>6569<\/a><\/li>\n\n\n\n<li><a>...<\/a><\/li>\n\n\n\n<li><a href='?page_no=36999'>36999<\/a><\/li>\n\n\n\n<li><a href='?page_no=37000'>37000<\/a><\/li>\n\n    \n\t\n\n<li >\n\t<a href='?page_no=6568'>Next<\/a>\n\t<\/li>\n\n\n    \n\n<li><a href='?page_no=37000'>Last &rsaquo;&rsaquo;<\/a><\/li>\n\n<\/ul>\n\n\n--><br \/>\n<\/body><\/p>\n","protected":false},"excerpt":{"rendered":"<p>San Jos\u00e9, 20 feb (PL) El presidente de la Asamblea Legislativa, Gonzalo Ram\u00edrez, afirm\u00f3 que la reuni\u00f3n de hoy con el mandatario de Costa Rica, Luis Guillermo Sol\u00eds, busca allanar la discusi\u00f3n parlamentaria de la reforma fiscal presentada por el Ejecutivo. En declaraciones a la prensa sobre su encuentro con Sol\u00eds, el presidente del Legislativo [&hellip;]<\/p>\n","protected":false},"author":3,"featured_media":0,"comment_status":"open","ping_status":"open","sticky":false,"template":"","format":"standard","meta":{"footnotes":""},"categories":[22],"tags":[],"class_list":["post-171241","post","type-post","status-publish","format-standard","hentry","category-politica"],"_links":{"self":[{"href":"https:\/\/diariodominicano.com\/index.php?rest_route=\/wp\/v2\/posts\/171241","targetHints":{"allow":["GET"]}}],"collection":[{"href":"https:\/\/diariodominicano.com\/index.php?rest_route=\/wp\/v2\/posts"}],"about":[{"href":"https:\/\/diariodominicano.com\/index.php?rest_route=\/wp\/v2\/types\/post"}],"author":[{"embeddable":true,"href":"https:\/\/diariodominicano.com\/index.php?rest_route=\/wp\/v2\/users\/3"}],"replies":[{"embeddable":true,"href":"https:\/\/diariodominicano.com\/index.php?rest_route=%2Fwp%2Fv2%2Fcomments&post=171241"}],"version-history":[{"count":0,"href":"https:\/\/diariodominicano.com\/index.php?rest_route=\/wp\/v2\/posts\/171241\/revisions"}],"wp:attachment":[{"href":"https:\/\/diariodominicano.com\/index.php?rest_route=%2Fwp%2Fv2%2Fmedia&parent=171241"}],"wp:term":[{"taxonomy":"category","embeddable":true,"href":"https:\/\/diariodominicano.com\/index.php?rest_route=%2Fwp%2Fv2%2Fcategories&post=171241"},{"taxonomy":"post_tag","embeddable":true,"href":"https:\/\/diariodominicano.com\/index.php?rest_route=%2Fwp%2Fv2%2Ftags&post=171241"}],"curies":[{"name":"wp","href":"https:\/\/api.w.org\/{rel}","templated":true}]}}