{"id":171240,"date":"2018-02-20T07:15:26","date_gmt":"2018-02-20T07:15:26","guid":{"rendered":"http:\/\/diariodominicano.ddns.net\/?p=171240"},"modified":"2018-02-20T07:15:26","modified_gmt":"2018-02-20T07:15:26","slug":"frente-de-izquierda-lanza-manifiesto-unidad-para-reconstruir-a-brasil","status":"publish","type":"post","link":"https:\/\/diariodominicano.com\/?p=171240","title":{"rendered":"Frente de izquierda lanza manifiesto Unidad para Reconstruir a Brasil"},"content":{"rendered":"<p><body><\/p>\n<p><img decoding=\"async\" src=\"img3\/Brasil-izquierda20.jpg\" \/>  <\/p>\n<p><span class=\"text1noticias\">Brasilia, 20 feb (PL) Instituciones adscriptas a cinco partidos pol\u00edticos lanzar\u00e1n hoy el manifiesto Unidad para Reconstruir a Brasil, como parte de los esfuerzos por articular la creaci\u00f3n de un frente de izquierda, confirm\u00f3 la Fundaci\u00f3n Perseu Abramo (FPA).<\/span><\/p>\n<p><span class=\"text1noticias\"> <\/span><\/p>\n<p><span class=\"text1noticias\">El documento fue elaborado por la FPA, del Partido de los Trabajadores (PT), y las fundaciones Lauro Campos (Partido Socialista Brasile\u00f1o, PSB), Maur\u00edcio Grabois (Partido Comunista de Brasil, PCdoB), Joao Mangabeira (Partido Socialismo y Libertad, PSOL) y Leonel Brizola-Alberto Pasqualini (Partido Democr\u00e1tico Laborista, PDT).<\/span><\/p>\n<p><span class=\"text1noticias\"> <\/span><\/p>\n<p><span class=\"text1noticias\">La presentaci\u00f3n tendr\u00e1 lugar este martes en la C\u00e1mara de Diputados y se espera que a la misma concurran los presidentes de las cinco agrupaciones pol\u00edticas, sus l\u00edderes de bancada en el Congreso y parlamentarios de esas siglas, as\u00ed como representantes de movimientos sociales, centrales sindicales, intelectuales y artistas.<\/span><\/p>\n<p><span class=\"text1noticias\"> <\/span><\/p>\n<p><span class=\"text1noticias\">Despu\u00e9s de lanzar el manifiesto, el frente deber\u00e1 presentar el documento y sus precandidatos presidenciales en el F\u00f3rum Social Mundial, que transcurrir\u00e1 en Salvador de Bah\u00eda, del 13 al 17 de marzo, anticip\u00f3 por su parte el diario digital Brasil 247.<\/span><\/p>\n<p><span class=\"text1noticias\"> <\/span><\/p>\n<p><span class=\"text1noticias\">De acuerdo con la publicaci\u00f3n, adem\u00e1s del ex presidente Luiz In\u00e1cio Lula da Silva (PT) y Manuela D&#8217;\u00c1vila (PCdoB), ratificados ya como precandidatos por esos partidos, en la disputa electoral deber\u00e1n estar presentes Ciro Gomes, por el PDT, y Guilherme Boulos, por el PSOL.<\/span><\/p>\n<p><span class=\"text1noticias\"> <\/span><\/p>\n<p><span class=\"text1noticias\">Mientras, el PSB todavia no cuenta candidato propio, pero negocia con el ex ministro del Supremo Tribunal Federal (STF) Joaquim Barbosa para que lo repres<\/span>ente.<\/p>\n<h6> 2018-02-20 07:15:26 <\/h6>\n<p><!--\n<link rel=\"stylesheet\" href=\"css\/bootstrap.min.css\">\n\n\n<ul class=\"pagination\">\n\t    \n\t\n\n<li >\n\t<a href='?page_no=6565'>Previous<\/a>\n\t<\/li>\n\n\n       \n    \n\n<li><a href='?page_no=1'>1<\/a><\/li>\n\n\n\n<li><a href='?page_no=2'>2<\/a><\/li>\n\n\n\n<li><a>...<\/a><\/li>\n\n\n\n<li><a href='?page_no=6564'>6564<\/a><\/li>\n\n\n\n<li><a href='?page_no=6565'>6565<\/a><\/li>\n\n\n\n<li class='active'><a>6566<\/a><\/li>\n\n\n\n<li><a href='?page_no=6567'>6567<\/a><\/li>\n\n\n\n<li><a href='?page_no=6568'>6568<\/a><\/li>\n\n\n\n<li><a>...<\/a><\/li>\n\n\n\n<li><a href='?page_no=36999'>36999<\/a><\/li>\n\n\n\n<li><a href='?page_no=37000'>37000<\/a><\/li>\n\n    \n\t\n\n<li >\n\t<a href='?page_no=6567'>Next<\/a>\n\t<\/li>\n\n\n    \n\n<li><a href='?page_no=37000'>Last &rsaquo;&rsaquo;<\/a><\/li>\n\n<\/ul>\n\n\n--><br \/>\n<\/body><\/p>\n","protected":false},"excerpt":{"rendered":"<p>Brasilia, 20 feb (PL) Instituciones adscriptas a cinco partidos pol\u00edticos lanzar\u00e1n hoy el manifiesto Unidad para Reconstruir a Brasil, como parte de los esfuerzos por articular la creaci\u00f3n de un frente de izquierda, confirm\u00f3 la Fundaci\u00f3n Perseu Abramo (FPA). El documento fue elaborado por la FPA, del Partido de los Trabajadores (PT), y las fundaciones [&hellip;]<\/p>\n","protected":false},"author":3,"featured_media":0,"comment_status":"open","ping_status":"open","sticky":false,"template":"","format":"standard","meta":{"footnotes":""},"categories":[22],"tags":[],"class_list":["post-171240","post","type-post","status-publish","format-standard","hentry","category-politica"],"_links":{"self":[{"href":"https:\/\/diariodominicano.com\/index.php?rest_route=\/wp\/v2\/posts\/171240","targetHints":{"allow":["GET"]}}],"collection":[{"href":"https:\/\/diariodominicano.com\/index.php?rest_route=\/wp\/v2\/posts"}],"about":[{"href":"https:\/\/diariodominicano.com\/index.php?rest_route=\/wp\/v2\/types\/post"}],"author":[{"embeddable":true,"href":"https:\/\/diariodominicano.com\/index.php?rest_route=\/wp\/v2\/users\/3"}],"replies":[{"embeddable":true,"href":"https:\/\/diariodominicano.com\/index.php?rest_route=%2Fwp%2Fv2%2Fcomments&post=171240"}],"version-history":[{"count":0,"href":"https:\/\/diariodominicano.com\/index.php?rest_route=\/wp\/v2\/posts\/171240\/revisions"}],"wp:attachment":[{"href":"https:\/\/diariodominicano.com\/index.php?rest_route=%2Fwp%2Fv2%2Fmedia&parent=171240"}],"wp:term":[{"taxonomy":"category","embeddable":true,"href":"https:\/\/diariodominicano.com\/index.php?rest_route=%2Fwp%2Fv2%2Fcategories&post=171240"},{"taxonomy":"post_tag","embeddable":true,"href":"https:\/\/diariodominicano.com\/index.php?rest_route=%2Fwp%2Fv2%2Ftags&post=171240"}],"curies":[{"name":"wp","href":"https:\/\/api.w.org\/{rel}","templated":true}]}}