{"id":171239,"date":"2018-02-20T12:35:22","date_gmt":"2018-02-20T12:35:22","guid":{"rendered":"http:\/\/diariodominicano.ddns.net\/?p=171239"},"modified":"2018-02-20T12:35:22","modified_gmt":"2018-02-20T12:35:22","slug":"ex-ministro-melanio-paredes-censura-paro-de-docencia-critica-que-se-cerrara-el-dialogo","status":"publish","type":"post","link":"https:\/\/diariodominicano.com\/?p=171239","title":{"rendered":"Ex ministro Melanio Paredes censura paro de docencia, critica que se cerrara el di\u00e1logo"},"content":{"rendered":"<p><body><\/p>\n<p><img decoding=\"async\" src=\"img3\/mela11.jpg\" \/>  <\/p>\n<p>Melanio Paredes, miembro del Comit\u00e9 Central del Partido de la Liberaci\u00f3n Dominicana (PLD) quien ocupara la  presidencia  de la Asociaci\u00f3n Dominicana de Profesores y en otro momento el  Ministerio  de Educaci\u00f3n,  calific\u00f3 de excesivo la paralizaci\u00f3n de docencia,  pero al mismo tiempo, consider\u00f3 incorrecta la actitud del ministro de Educaci\u00f3n, Andr\u00e9s Navarro, de cerrarse al di\u00e1logo para intentar dilucidar el conflicto.<\/p>\n<\/p>\n<p>Paredes asegur\u00f3 que ni como gremialista ni como exministro de Educaci\u00f3n fue partidario de la paralizaci\u00f3n de la docencia para defender la mejor\u00eda de las condiciones laborales y sociales de los profesores.<\/p>\n<\/p>\n<p>Considera que  conflicto que en la actualidad afecta el sistema  puede solucionarse sometiendo a los directores regionales y distritales a una evaluaci\u00f3n, de manera que los que califiquen para jubilaci\u00f3n sean retirados del sistema y los que tengan un pobre desempe\u00f1o sean sustituidos y con ello se creen las plazas vacantes para concursos.<\/p>\n<\/p>\n<p>Melanio Paredes destac\u00f3 que el Gobierno del presidente Danilo Medina ha tomado la educaci\u00f3n como portaestandarte de sus dos gestiones haciendo inversiones cuantiosas y mejorando la calidad de vida de los estudiantes  profesores.<\/p>\n<\/p>\n<p>El exministro de Educaci\u00f3n resalt\u00f3 los esfuerzos que se hacen por mejorar los programas de formaci\u00f3n docente en base a un perfil de competencia que se defini\u00f3 en a\u00f1os anteriores.<\/p>\n<\/p>\n<p>\u00abEs importante que los maestros hayan recibido el beneficio de la mejora salarial v\u00eda el incremento de su salario base y v\u00eda la evaluaci\u00f3n de desempe\u00f1o que se ha hecho recientemente\u00bb, expres\u00f3 Paredes entrevistado en el programa Enfoque Final, rese\u00f1ado por la Secretar\u00eda de Comunicaciones del PLD.<\/p>\n<\/p>\n<p>Ante el nuevo llamado a  paro y otras protestas para este mi\u00e9rcoles por parte de la Asociaci\u00f3n Dominicana de Profesores (ADP) manifest\u00f3 su desacuerdo considerando el llamado de  innecesaria y deplorable ya que no es posible avanzar en materia educativa sometido a una constante confrontaci\u00f3n.<\/p>\n<\/p>\n<p>Explic\u00f3 que la paralizaci\u00f3n de labores  lesiona el derecho de los ni\u00f1os,  ni\u00f1as y j\u00f3venes  a la educaci\u00f3n es una violaci\u00f3n que tambi\u00e9n hay que rechazar.<\/p>\n<\/p>\n<p>Estim\u00f3 que el ministro de Educaci\u00f3n debe sentarse como establece el pacto a dirimir los  conflictos que puedan producir con los actores del sistema educativo. \u00abEl pacto educativo es importante por los consensos, pero tambi\u00e9n por las diferencias  porque establece los mecanismos para dirimir las contradicciones mediante el di\u00e1logo y la concertaci\u00f3n\u00bb.<\/p>\n<\/p>\n<p>Record\u00f3 que ha sido el sector de educaci\u00f3n que desde mediados de los a\u00f1os 90 pudo concertar pol\u00edticas y definir planes estrat\u00e9gicos, y que la propia tozudez en no ir al di\u00e1logo por parte del Ministro de Educaci\u00f3n, Andr\u00e9s Navarro, es violatoria del pacto que lo consigna de manera taxativa.<\/p>\n<h6> 2018-02-20 12:35:22 <\/h6>\n<p><!--\n<link rel=\"stylesheet\" href=\"css\/bootstrap.min.css\">\n\n\n<ul class=\"pagination\">\n\t    \n\t\n\n<li >\n\t<a href='?page_no=6564'>Previous<\/a>\n\t<\/li>\n\n\n       \n    \n\n<li><a href='?page_no=1'>1<\/a><\/li>\n\n\n\n<li><a href='?page_no=2'>2<\/a><\/li>\n\n\n\n<li><a>...<\/a><\/li>\n\n\n\n<li><a href='?page_no=6563'>6563<\/a><\/li>\n\n\n\n<li><a href='?page_no=6564'>6564<\/a><\/li>\n\n\n\n<li class='active'><a>6565<\/a><\/li>\n\n\n\n<li><a href='?page_no=6566'>6566<\/a><\/li>\n\n\n\n<li><a href='?page_no=6567'>6567<\/a><\/li>\n\n\n\n<li><a>...<\/a><\/li>\n\n\n\n<li><a href='?page_no=36999'>36999<\/a><\/li>\n\n\n\n<li><a href='?page_no=37000'>37000<\/a><\/li>\n\n    \n\t\n\n<li >\n\t<a href='?page_no=6566'>Next<\/a>\n\t<\/li>\n\n\n    \n\n<li><a href='?page_no=37000'>Last &rsaquo;&rsaquo;<\/a><\/li>\n\n<\/ul>\n\n\n--><br \/>\n<\/body><\/p>\n","protected":false},"excerpt":{"rendered":"<p>Melanio Paredes, miembro del Comit\u00e9 Central del Partido de la Liberaci\u00f3n Dominicana (PLD) quien ocupara la presidencia de la Asociaci\u00f3n Dominicana de Profesores y en otro momento el Ministerio de Educaci\u00f3n, calific\u00f3 de excesivo la paralizaci\u00f3n de docencia, pero al mismo tiempo, consider\u00f3 incorrecta la actitud del ministro de Educaci\u00f3n, Andr\u00e9s Navarro, de cerrarse al [&hellip;]<\/p>\n","protected":false},"author":3,"featured_media":0,"comment_status":"open","ping_status":"open","sticky":false,"template":"","format":"standard","meta":{"footnotes":""},"categories":[22],"tags":[],"class_list":["post-171239","post","type-post","status-publish","format-standard","hentry","category-politica"],"_links":{"self":[{"href":"https:\/\/diariodominicano.com\/index.php?rest_route=\/wp\/v2\/posts\/171239","targetHints":{"allow":["GET"]}}],"collection":[{"href":"https:\/\/diariodominicano.com\/index.php?rest_route=\/wp\/v2\/posts"}],"about":[{"href":"https:\/\/diariodominicano.com\/index.php?rest_route=\/wp\/v2\/types\/post"}],"author":[{"embeddable":true,"href":"https:\/\/diariodominicano.com\/index.php?rest_route=\/wp\/v2\/users\/3"}],"replies":[{"embeddable":true,"href":"https:\/\/diariodominicano.com\/index.php?rest_route=%2Fwp%2Fv2%2Fcomments&post=171239"}],"version-history":[{"count":0,"href":"https:\/\/diariodominicano.com\/index.php?rest_route=\/wp\/v2\/posts\/171239\/revisions"}],"wp:attachment":[{"href":"https:\/\/diariodominicano.com\/index.php?rest_route=%2Fwp%2Fv2%2Fmedia&parent=171239"}],"wp:term":[{"taxonomy":"category","embeddable":true,"href":"https:\/\/diariodominicano.com\/index.php?rest_route=%2Fwp%2Fv2%2Fcategories&post=171239"},{"taxonomy":"post_tag","embeddable":true,"href":"https:\/\/diariodominicano.com\/index.php?rest_route=%2Fwp%2Fv2%2Ftags&post=171239"}],"curies":[{"name":"wp","href":"https:\/\/api.w.org\/{rel}","templated":true}]}}