{"id":171238,"date":"2018-02-20T15:28:29","date_gmt":"2018-02-20T15:28:29","guid":{"rendered":"http:\/\/diariodominicano.ddns.net\/?p=171238"},"modified":"2018-02-20T15:28:29","modified_gmt":"2018-02-20T15:28:29","slug":"opcion-democratica-saluda-fallo-de-tribunal-constitucional","status":"publish","type":"post","link":"https:\/\/diariodominicano.com\/?p=171238","title":{"rendered":"Opci\u00f3n Democr\u00e1tica saluda fallo de Tribunal Constitucional"},"content":{"rendered":"<p><body><\/p>\n<p><img decoding=\"async\" src=\"img3\/DIPUTADA-MINOU.jpg\" \/>  <\/p>\n<\/p>\n<p><span class=\"text1noticias\"> <\/span><\/p>\n<\/p>\n<p><span class=\"text1noticias\"> <\/span><\/p>\n<\/p>\n<p><span class=\"text1noticias\">Santo domingo, RD, 20 de febrero, &#8211; La presidenta de Opci\u00f3n Democr\u00e1tica, Minou Tav\u00e1rez Mirabal, expres\u00f3 su satisfacci\u00f3n por la decisi\u00f3n del Tribunal Constitucional al tiempo de resaltar que la esperanza aumenta cuando se avanza en la defensa y ejercicio de los derechos humanos y en la construcci\u00f3n de democracia, y que con esa decisi\u00f3n triunfa la institucionalidad, a la que siempre apuesta y seguir\u00e1 apostando.<\/span><\/p>\n<\/p>\n<p><span class=\"text1noticias\"> <\/span><\/p>\n<\/p>\n<p><span class=\"text1noticias\">La agrupaci\u00f3n pol\u00edtica considera como una victoria la decisi\u00f3n del Tribunal Constitucional que confirma que la Junta Central Electoral presidida por Roberto Rosario le otorg\u00f3 un trato discriminatorio y violatorio de derechos al conocer el expediente mediante el cual solicitaba su reconocimiento legal como partido pol\u00edtico.<\/span><\/p>\n<\/p>\n<p><span class=\"text1noticias\"> <\/span><\/p>\n<\/p>\n<p><span class=\"text1noticias\">La decisi\u00f3n del m\u00e1s alto tribunal del pa\u00eds admite el recurso de revisi\u00f3n constitucional de sentencia de amparo solicitada por la entidad, anula la Sentencia n\u00fam. TSE-227-2016 que rechazaba su acci\u00f3n de amparo y ordena a que la Junta Central Electoral proceda a conocer nuevamente la solicitud de reconocimiento de partido pol\u00edtico utilizando los mismos criterios aplicados a otros procesos con similares fines.<\/span><\/p>\n<\/p>\n<p><span class=\"text1noticias\"> <\/span><\/p>\n<\/p>\n<p><span class=\"text1noticias\">La dirigencia de Opci\u00f3n Democr\u00e1tica ha denunciado desde el a\u00f1o 2016 que fue v\u00edctima de una retaliaci\u00f3n pol\u00edtica coordinada por Roberto Rosario y el Partido de la Liberaci\u00f3n Dominicana al conced\u00e9rseles un tratamiento diferenciado, violentando sus derechos fundamentales y el de los cientos de dominicanas y dominicanos que se han organizado en esa agrupaci\u00f3n para ejercer sus derechos pol\u00edticos.<\/span><\/p>\n<\/p>\n<p><span class=\"text1noticias\"> <\/span><\/p>\n<\/p>\n<p><span class=\"text1noticias\">\u00abA\u00fan debemos esperar por la notificaci\u00f3n formal de la sentencia\u00bb, dice la exdiputada, \u00abpero en Opci\u00f3n Democr\u00e1tica seguimos comprometidos con presentar la cara de una pol\u00edtica que busca trazar una ruta de esperanza en el actual escenario pol\u00edtico de la Rep\u00fablica Dominicana\u00bb.<\/span><\/p>\n<\/p>\n<p><span class=\"text1noticias\"> <\/span><\/p>\n<\/p>\n<p><span class=\"text1noticias\">\u00abCelebramos este important\u00edsimo paso pues alimenta y estimula nuestros esfuerzos para continuar forjando la base de un proyecto democr\u00e1tico de un pa\u00eds viable, pr\u00f3spero, m\u00e1s humano y digno para todos y todas\u00bb afirm\u00f3 Tav\u00e1rez Mirabal.<\/span><\/p>\n<\/p>\n<p><span class=\"text1noticias\"> <\/span><\/p>\n<\/p>\n<p><span class=\"text1noticias\">Recordamos que, en 2016, la organizaci\u00f3n pol\u00edtica se ampar\u00f3 ante el Tribunal Superior Electoral por la vulneraci\u00f3n de derechos de la que fueron v\u00edctimas quienes conforman Opci\u00f3n Democr\u00e1tica, impidi\u00e9ndoles participar en las elecciones de ese a\u00f1o como partido.<\/span><\/p>\n<\/p>\n<h6> 2018-02-20 15:28:29 <\/h6>\n<p><!--\n<link rel=\"stylesheet\" href=\"css\/bootstrap.min.css\">\n\n\n<ul class=\"pagination\">\n\t    \n\t\n\n<li >\n\t<a href='?page_no=6563'>Previous<\/a>\n\t<\/li>\n\n\n       \n    \n\n<li><a href='?page_no=1'>1<\/a><\/li>\n\n\n\n<li><a href='?page_no=2'>2<\/a><\/li>\n\n\n\n<li><a>...<\/a><\/li>\n\n\n\n<li><a href='?page_no=6562'>6562<\/a><\/li>\n\n\n\n<li><a href='?page_no=6563'>6563<\/a><\/li>\n\n\n\n<li class='active'><a>6564<\/a><\/li>\n\n\n\n<li><a href='?page_no=6565'>6565<\/a><\/li>\n\n\n\n<li><a href='?page_no=6566'>6566<\/a><\/li>\n\n\n\n<li><a>...<\/a><\/li>\n\n\n\n<li><a href='?page_no=36999'>36999<\/a><\/li>\n\n\n\n<li><a href='?page_no=37000'>37000<\/a><\/li>\n\n    \n\t\n\n<li >\n\t<a href='?page_no=6565'>Next<\/a>\n\t<\/li>\n\n\n    \n\n<li><a href='?page_no=37000'>Last &rsaquo;&rsaquo;<\/a><\/li>\n\n<\/ul>\n\n\n--><br \/>\n<\/body><\/p>\n","protected":false},"excerpt":{"rendered":"<p>Santo domingo, RD, 20 de febrero, &#8211; La presidenta de Opci\u00f3n Democr\u00e1tica, Minou Tav\u00e1rez Mirabal, expres\u00f3 su satisfacci\u00f3n por la decisi\u00f3n del Tribunal Constitucional al tiempo de resaltar que la esperanza aumenta cuando se avanza en la defensa y ejercicio de los derechos humanos y en la construcci\u00f3n de democracia, y que con esa decisi\u00f3n [&hellip;]<\/p>\n","protected":false},"author":3,"featured_media":0,"comment_status":"open","ping_status":"open","sticky":false,"template":"","format":"standard","meta":{"footnotes":""},"categories":[22],"tags":[],"class_list":["post-171238","post","type-post","status-publish","format-standard","hentry","category-politica"],"_links":{"self":[{"href":"https:\/\/diariodominicano.com\/index.php?rest_route=\/wp\/v2\/posts\/171238","targetHints":{"allow":["GET"]}}],"collection":[{"href":"https:\/\/diariodominicano.com\/index.php?rest_route=\/wp\/v2\/posts"}],"about":[{"href":"https:\/\/diariodominicano.com\/index.php?rest_route=\/wp\/v2\/types\/post"}],"author":[{"embeddable":true,"href":"https:\/\/diariodominicano.com\/index.php?rest_route=\/wp\/v2\/users\/3"}],"replies":[{"embeddable":true,"href":"https:\/\/diariodominicano.com\/index.php?rest_route=%2Fwp%2Fv2%2Fcomments&post=171238"}],"version-history":[{"count":0,"href":"https:\/\/diariodominicano.com\/index.php?rest_route=\/wp\/v2\/posts\/171238\/revisions"}],"wp:attachment":[{"href":"https:\/\/diariodominicano.com\/index.php?rest_route=%2Fwp%2Fv2%2Fmedia&parent=171238"}],"wp:term":[{"taxonomy":"category","embeddable":true,"href":"https:\/\/diariodominicano.com\/index.php?rest_route=%2Fwp%2Fv2%2Fcategories&post=171238"},{"taxonomy":"post_tag","embeddable":true,"href":"https:\/\/diariodominicano.com\/index.php?rest_route=%2Fwp%2Fv2%2Ftags&post=171238"}],"curies":[{"name":"wp","href":"https:\/\/api.w.org\/{rel}","templated":true}]}}