{"id":171236,"date":"2018-02-21T10:03:51","date_gmt":"2018-02-21T10:03:51","guid":{"rendered":"http:\/\/diariodominicano.ddns.net\/?p=171236"},"modified":"2018-02-21T10:03:51","modified_gmt":"2018-02-21T10:03:51","slug":"domingo-jimenez-niega-desde-el-pld-se-haga-oposicion-al-gobierno","status":"publish","type":"post","link":"https:\/\/diariodominicano.com\/?p=171236","title":{"rendered":"Domingo Jim\u00e9nez niega desde el PLD se haga oposici\u00f3n al gobierno"},"content":{"rendered":"<p><body><\/p>\n<p><img decoding=\"async\" src=\"img3\/contreras21.jpeg\" \/>  <\/p>\n<p><span class=\"text1noticias\">Santo Domingo, R. D., 21 de febrero, 2018.- El dirigente del Partido de la Liberaci\u00f3n Dominicana (PLD), Domingo Jim\u00e9nez, denunci\u00f3 hoy una campa\u00f1a en contra del presidente de esa organizaci\u00f3n pol\u00edtica, Leonel Fern\u00e1ndez, que pretende presentarlo como opositor al gobierno de Danilo Medina.<\/span><\/p>\n<p><span class=\"text1noticias\"> <\/span><\/p>\n<p><span class=\"text1noticias\">Jim\u00e9nez, manifest\u00f3 que al frente de esta campa\u00f1a est\u00e1n funcionarios del gobierno que aspiran a la candidatura presidencial pelede\u00edsta y buscan alcanzarla descalificando a Fern\u00e1ndez.  <\/span><\/p>\n<p><span class=\"text1noticias\"> <\/span><\/p>\n<p><span class=\"text1noticias\">El miembro del Comit\u00e9 Central del PLD, asegur\u00f3 que los dirigentes que trabajan para que Fern\u00e1ndez vuelva a la Presidencia de la Rep\u00fablica, lejos de enfrentar al presidente Medina, lo que hacen es resaltar positivamente su obra de gobierno.<\/span><\/p>\n<p><span class=\"text1noticias\"> <\/span><\/p>\n<p><span class=\"text1noticias\">\u00abCuando el presidente Fern\u00e1ndez defiende la Constituci\u00f3n de la Rep\u00fablica o se\u00f1ala que cada partido debe decidir el m\u00e9todo o forma de escoger sus candidatos, no est\u00e1 enfrentando ni haci\u00e9ndole oposici\u00f3n al gobierno pelede\u00edsta\u00bb, precis\u00f3 Jim\u00e9nez.<\/span><\/p>\n<p><span class=\"text1noticias\"> <\/span><\/p>\n<p><span class=\"text1noticias\">Defendi\u00f3 el derecho que tienen los seguidores de Fern\u00e1ndez a promoverlo destacando la obra realizada por este durante los tres periodos que encabez\u00f3, al tiempo de se\u00f1alar  que esa acci\u00f3n no puede constituir una ofensa al actual manda<\/span>tario.<\/p>\n<\/p>\n<p>Record\u00f3 que siendo presidente, Leonel nunca se molest\u00f3 o crey\u00f3 que se le atacaba cuando se promov\u00eda al candidato Danilo Medina, se\u00f1alando que se har\u00eda un gobierno \u00e9tico y moral o que, se corregir\u00eda lo que se estaba haciendo mal.<\/p>\n<\/p>\n<p>Jim\u00e9nez exhort\u00f3 a los funcionarios que aspiran a la candidatura presidencial pelede\u00edsta a hacerlo presentando una propuesta de gobierno y no pretendiendo crear problemas entre Leonel y Danilo, o con campa\u00f1as falsas y perversas queriendo da\u00f1ar la imagen del presidente del PLD.    <\/p>\n<\/p>\n<h6> 2018-02-21 10:03:51 <\/h6>\n<p><!--\n<link rel=\"stylesheet\" href=\"css\/bootstrap.min.css\">\n\n\n<ul class=\"pagination\">\n\t    \n\t\n\n<li >\n\t<a href='?page_no=6561'>Previous<\/a>\n\t<\/li>\n\n\n       \n    \n\n<li><a href='?page_no=1'>1<\/a><\/li>\n\n\n\n<li><a href='?page_no=2'>2<\/a><\/li>\n\n\n\n<li><a>...<\/a><\/li>\n\n\n\n<li><a href='?page_no=6560'>6560<\/a><\/li>\n\n\n\n<li><a href='?page_no=6561'>6561<\/a><\/li>\n\n\n\n<li class='active'><a>6562<\/a><\/li>\n\n\n\n<li><a href='?page_no=6563'>6563<\/a><\/li>\n\n\n\n<li><a href='?page_no=6564'>6564<\/a><\/li>\n\n\n\n<li><a>...<\/a><\/li>\n\n\n\n<li><a href='?page_no=36999'>36999<\/a><\/li>\n\n\n\n<li><a href='?page_no=37000'>37000<\/a><\/li>\n\n    \n\t\n\n<li >\n\t<a href='?page_no=6563'>Next<\/a>\n\t<\/li>\n\n\n    \n\n<li><a href='?page_no=37000'>Last &rsaquo;&rsaquo;<\/a><\/li>\n\n<\/ul>\n\n\n--><br \/>\n<\/body><\/p>\n","protected":false},"excerpt":{"rendered":"<p>Santo Domingo, R. D., 21 de febrero, 2018.- El dirigente del Partido de la Liberaci\u00f3n Dominicana (PLD), Domingo Jim\u00e9nez, denunci\u00f3 hoy una campa\u00f1a en contra del presidente de esa organizaci\u00f3n pol\u00edtica, Leonel Fern\u00e1ndez, que pretende presentarlo como opositor al gobierno de Danilo Medina. Jim\u00e9nez, manifest\u00f3 que al frente de esta campa\u00f1a est\u00e1n funcionarios del gobierno [&hellip;]<\/p>\n","protected":false},"author":3,"featured_media":0,"comment_status":"open","ping_status":"open","sticky":false,"template":"","format":"standard","meta":{"footnotes":""},"categories":[22],"tags":[],"class_list":["post-171236","post","type-post","status-publish","format-standard","hentry","category-politica"],"_links":{"self":[{"href":"https:\/\/diariodominicano.com\/index.php?rest_route=\/wp\/v2\/posts\/171236","targetHints":{"allow":["GET"]}}],"collection":[{"href":"https:\/\/diariodominicano.com\/index.php?rest_route=\/wp\/v2\/posts"}],"about":[{"href":"https:\/\/diariodominicano.com\/index.php?rest_route=\/wp\/v2\/types\/post"}],"author":[{"embeddable":true,"href":"https:\/\/diariodominicano.com\/index.php?rest_route=\/wp\/v2\/users\/3"}],"replies":[{"embeddable":true,"href":"https:\/\/diariodominicano.com\/index.php?rest_route=%2Fwp%2Fv2%2Fcomments&post=171236"}],"version-history":[{"count":0,"href":"https:\/\/diariodominicano.com\/index.php?rest_route=\/wp\/v2\/posts\/171236\/revisions"}],"wp:attachment":[{"href":"https:\/\/diariodominicano.com\/index.php?rest_route=%2Fwp%2Fv2%2Fmedia&parent=171236"}],"wp:term":[{"taxonomy":"category","embeddable":true,"href":"https:\/\/diariodominicano.com\/index.php?rest_route=%2Fwp%2Fv2%2Fcategories&post=171236"},{"taxonomy":"post_tag","embeddable":true,"href":"https:\/\/diariodominicano.com\/index.php?rest_route=%2Fwp%2Fv2%2Ftags&post=171236"}],"curies":[{"name":"wp","href":"https:\/\/api.w.org\/{rel}","templated":true}]}}