{"id":171235,"date":"2018-02-21T11:44:14","date_gmt":"2018-02-21T11:44:14","guid":{"rendered":"http:\/\/diariodominicano.ddns.net\/?p=171235"},"modified":"2018-02-21T11:44:14","modified_gmt":"2018-02-21T11:44:14","slug":"este-viernes-radhames-jimenez-dictara-conferencia-los-aportes-del-pld","status":"publish","type":"post","link":"https:\/\/diariodominicano.com\/?p=171235","title":{"rendered":"Este viernes Radham\u00e9s Jim\u00e9nez, dictar\u00e1 conferencia Los Aportes del PLD"},"content":{"rendered":"<p><body><\/p>\n<p><img decoding=\"async\" src=\"img3\/rada1.jpg\" \/>  <\/p>\n<p>Radham\u00e9s Jim\u00e9nez,  miembro del Comit\u00e9 Pol\u00edtico del Partido de la Liberaci\u00f3n Dominicana desarrollar\u00e1 el tema \u00abLos aportes del PLD a la sociedad\u00bb en la conferencia que dictar\u00e1  este viernes en la Casa Nacional pelede\u00edsta.<\/p>\n<\/p>\n<p>Jim\u00e9nez participar\u00e1 en el ciclo de conferencias que auspicia Innovaci\u00f3n PLD, entidad que con la ponencia de este viernes da continuidad a un espacio para el debate en el partido morado.<\/p>\n<\/p>\n<p>La convocatoria es para las seis de la tarde en el Gran Sal\u00f3n Bienvenido Sandoval de la Casa Nacional del PLD en Gascue.<\/p>\n<\/p>\n<p>Adem\u00e1s de su membres\u00eda en el Comit\u00e9 Pol\u00edtico, Radham\u00e9s Jim\u00e9nez es el titular de la Secretear\u00eda de Asuntos Jur\u00eddicos del PLD, \u00f3rgano desde el cual se han librado importantes batallas en el campo legal.<\/p>\n<\/p>\n<p>Por las redes sociales est\u00e1 circulando  a la invitaci\u00f3n a esta conferencia, que es abierta a todo p\u00fablico.<\/p>\n<\/p>\n<p>Innovaci\u00f3n PLD, es una estructura digital y pol\u00edtica que organiza estos conversatorios con el respaldo de las Secretar\u00edas General, Comunicaciones, Formaci\u00f3n Pol\u00edtica y Asuntos Internacionales del PLD.<\/p>\n<\/p>\n<p>El colectivo que acciona desde Casa Nacional del PLD, inform\u00f3 mediante un despacho period\u00edstico las buenas expectativas de asistencia para la conferencia que dictar\u00e1 el ex Procurador General de la Republica, Radham\u00e9s Jim\u00e9nez en v\u00edsperas del aniversario de la Independencia Nacional.<\/p>\n<h6> 2018-02-21 11:44:14 <\/h6>\n<p><!--\n<link rel=\"stylesheet\" href=\"css\/bootstrap.min.css\">\n\n\n<ul class=\"pagination\">\n\t    \n\t\n\n<li >\n\t<a href='?page_no=6560'>Previous<\/a>\n\t<\/li>\n\n\n       \n    \n\n<li><a href='?page_no=1'>1<\/a><\/li>\n\n\n\n<li><a href='?page_no=2'>2<\/a><\/li>\n\n\n\n<li><a>...<\/a><\/li>\n\n\n\n<li><a href='?page_no=6559'>6559<\/a><\/li>\n\n\n\n<li><a href='?page_no=6560'>6560<\/a><\/li>\n\n\n\n<li class='active'><a>6561<\/a><\/li>\n\n\n\n<li><a href='?page_no=6562'>6562<\/a><\/li>\n\n\n\n<li><a href='?page_no=6563'>6563<\/a><\/li>\n\n\n\n<li><a>...<\/a><\/li>\n\n\n\n<li><a href='?page_no=36999'>36999<\/a><\/li>\n\n\n\n<li><a href='?page_no=37000'>37000<\/a><\/li>\n\n    \n\t\n\n<li >\n\t<a href='?page_no=6562'>Next<\/a>\n\t<\/li>\n\n\n    \n\n<li><a href='?page_no=37000'>Last &rsaquo;&rsaquo;<\/a><\/li>\n\n<\/ul>\n\n\n--><br \/>\n<\/body><\/p>\n","protected":false},"excerpt":{"rendered":"<p>Radham\u00e9s Jim\u00e9nez, miembro del Comit\u00e9 Pol\u00edtico del Partido de la Liberaci\u00f3n Dominicana desarrollar\u00e1 el tema \u00abLos aportes del PLD a la sociedad\u00bb en la conferencia que dictar\u00e1 este viernes en la Casa Nacional pelede\u00edsta. Jim\u00e9nez participar\u00e1 en el ciclo de conferencias que auspicia Innovaci\u00f3n PLD, entidad que con la ponencia de este viernes da continuidad [&hellip;]<\/p>\n","protected":false},"author":3,"featured_media":0,"comment_status":"open","ping_status":"open","sticky":false,"template":"","format":"standard","meta":{"footnotes":""},"categories":[22],"tags":[],"class_list":["post-171235","post","type-post","status-publish","format-standard","hentry","category-politica"],"_links":{"self":[{"href":"https:\/\/diariodominicano.com\/index.php?rest_route=\/wp\/v2\/posts\/171235","targetHints":{"allow":["GET"]}}],"collection":[{"href":"https:\/\/diariodominicano.com\/index.php?rest_route=\/wp\/v2\/posts"}],"about":[{"href":"https:\/\/diariodominicano.com\/index.php?rest_route=\/wp\/v2\/types\/post"}],"author":[{"embeddable":true,"href":"https:\/\/diariodominicano.com\/index.php?rest_route=\/wp\/v2\/users\/3"}],"replies":[{"embeddable":true,"href":"https:\/\/diariodominicano.com\/index.php?rest_route=%2Fwp%2Fv2%2Fcomments&post=171235"}],"version-history":[{"count":0,"href":"https:\/\/diariodominicano.com\/index.php?rest_route=\/wp\/v2\/posts\/171235\/revisions"}],"wp:attachment":[{"href":"https:\/\/diariodominicano.com\/index.php?rest_route=%2Fwp%2Fv2%2Fmedia&parent=171235"}],"wp:term":[{"taxonomy":"category","embeddable":true,"href":"https:\/\/diariodominicano.com\/index.php?rest_route=%2Fwp%2Fv2%2Fcategories&post=171235"},{"taxonomy":"post_tag","embeddable":true,"href":"https:\/\/diariodominicano.com\/index.php?rest_route=%2Fwp%2Fv2%2Ftags&post=171235"}],"curies":[{"name":"wp","href":"https:\/\/api.w.org\/{rel}","templated":true}]}}