{"id":171234,"date":"2018-02-21T12:45:08","date_gmt":"2018-02-21T12:45:08","guid":{"rendered":"http:\/\/diariodominicano.ddns.net\/?p=171234"},"modified":"2018-02-21T12:45:08","modified_gmt":"2018-02-21T12:45:08","slug":"senador-felix-bautista-reitera-su-oposicion-a-la-explotacion-minera-en-san-juan","status":"publish","type":"post","link":"https:\/\/diariodominicano.com\/?p=171234","title":{"rendered":"Senador F\u00e9lix Bautista reitera su oposici\u00f3n a la explotaci\u00f3n minera en San Juan"},"content":{"rendered":"<p><body><\/p>\n<p><img decoding=\"async\" src=\"img3\/felixe.jpg\" \/>  <\/p>\n<p>\u00abSi se explota la Mina de Romero, se afecta de manera considerable el medio ambiente, la producci\u00f3n de agua y el ecosistema y se contaminar\u00edan todas las fuentes acu\u00edferas con el cianuro utilizado para la explotaci\u00f3n del oro\u00bb advirti\u00f3 el Senador F\u00e9lix Bautista reiterando su oposici\u00f3n a que se conceda  la concesi\u00f3n de explotaci\u00f3n del proyecto minero Romero, ubicado en la Cordillera Central, al norte de la provincia San Juan.<\/p>\n<\/p>\n<p>Sostiene que para para prevenir  ese da\u00f1o se hace  necesario aprobar una ley que garantice que la vida, la salud y la riqueza de San Juan no sean afectadas, para lo cual en una manifestaci\u00f3n p\u00fablica anunci\u00f3 que introducir\u00e1 un proyecto de ley.<\/p>\n<\/p>\n<p>En un escrito publicado en Vanguardia del Pueblo Digital el senador por San Juan cita los da\u00f1os a la salud a la vida animal, vegetal y humana ser\u00edan profundamente que genera   la contaminaci\u00f3n de las aguas con cianuro, sustancia usada para la explotaci\u00f3n del metal oro.<\/p>\n<\/p>\n<p>Contrapone las ganancias del sector agropecuario a lo que dejar\u00eda la explotaci\u00f3n minera significando  que el agro \u00bb produce m\u00e1s de mil 700 millones de pesos por a\u00f1o y genera m\u00e1s de 28 mil empleos; produce m\u00e1s del 60% de las habichuelas que consume el pa\u00eds; m\u00e1s del 45% del guand\u00fal; m\u00e1s del 45% del ma\u00edz; el 40% de las batatas; y otros productos esenciales de la canasta familiar, todo lo cual se produce en una extensi\u00f3n superior a medio mill\u00f3n de tareas de tierra\u00bb<\/p>\n<\/p>\n<p>\u00bfVale la pena contaminar las aguas para la producci\u00f3n y para el consumo humano, a cambio de una suma tan insignificante? Se pregunta el tambi\u00e9n secretario de organizaci\u00f3n del PLD para auto responderse de forma negativa.<\/p>\n<\/p>\n<p>La pasada semana , en medio de una marcha contra la explotaci\u00f3n minera organizada por las iglesias evang\u00e9licas y organizaciones sociales de la provincia San Juan,  Bautista anunci\u00f3 que  someter\u00eda  ante el Senado de la Rep\u00fablica un proyecto de ley que declara las zonas de potencial minero de la provincia San Juan como Reserva Natural Romero.<\/p>\n<\/p>\n<p>Para la elaboraci\u00f3n del proyecto  se analizaron los postulados de la Constituci\u00f3n de la Rep\u00fablica, la Ley de Medio Ambiente y Recursos Naturales (Ley 64-00); la Ley Sectorial de \u00c1reas Protegidas (Ley 202-04) y 18 leyes m\u00e1s que contienen todo lo relativo a la protecci\u00f3n del medio ambiente y los recursos naturales, como la Ley 627-77, que declara de inter\u00e9s nacional la protecci\u00f3n de las tierras de las cordilleras y la Ley 487-69, de control y explotaci\u00f3n de las aguas subterr\u00e1neas.<\/p>\n<h6> 2018-02-21 12:45:08 <\/h6>\n<p><!--\n<link rel=\"stylesheet\" href=\"css\/bootstrap.min.css\">\n\n\n<ul class=\"pagination\">\n\t    \n\t\n\n<li >\n\t<a href='?page_no=6559'>Previous<\/a>\n\t<\/li>\n\n\n       \n    \n\n<li><a href='?page_no=1'>1<\/a><\/li>\n\n\n\n<li><a href='?page_no=2'>2<\/a><\/li>\n\n\n\n<li><a>...<\/a><\/li>\n\n\n\n<li><a href='?page_no=6558'>6558<\/a><\/li>\n\n\n\n<li><a href='?page_no=6559'>6559<\/a><\/li>\n\n\n\n<li class='active'><a>6560<\/a><\/li>\n\n\n\n<li><a href='?page_no=6561'>6561<\/a><\/li>\n\n\n\n<li><a href='?page_no=6562'>6562<\/a><\/li>\n\n\n\n<li><a>...<\/a><\/li>\n\n\n\n<li><a href='?page_no=36999'>36999<\/a><\/li>\n\n\n\n<li><a href='?page_no=37000'>37000<\/a><\/li>\n\n    \n\t\n\n<li >\n\t<a href='?page_no=6561'>Next<\/a>\n\t<\/li>\n\n\n    \n\n<li><a href='?page_no=37000'>Last &rsaquo;&rsaquo;<\/a><\/li>\n\n<\/ul>\n\n\n--><br \/>\n<\/body><\/p>\n","protected":false},"excerpt":{"rendered":"<p>\u00abSi se explota la Mina de Romero, se afecta de manera considerable el medio ambiente, la producci\u00f3n de agua y el ecosistema y se contaminar\u00edan todas las fuentes acu\u00edferas con el cianuro utilizado para la explotaci\u00f3n del oro\u00bb advirti\u00f3 el Senador F\u00e9lix Bautista reiterando su oposici\u00f3n a que se conceda la concesi\u00f3n de explotaci\u00f3n del [&hellip;]<\/p>\n","protected":false},"author":3,"featured_media":0,"comment_status":"open","ping_status":"open","sticky":false,"template":"","format":"standard","meta":{"footnotes":""},"categories":[22],"tags":[],"class_list":["post-171234","post","type-post","status-publish","format-standard","hentry","category-politica"],"_links":{"self":[{"href":"https:\/\/diariodominicano.com\/index.php?rest_route=\/wp\/v2\/posts\/171234","targetHints":{"allow":["GET"]}}],"collection":[{"href":"https:\/\/diariodominicano.com\/index.php?rest_route=\/wp\/v2\/posts"}],"about":[{"href":"https:\/\/diariodominicano.com\/index.php?rest_route=\/wp\/v2\/types\/post"}],"author":[{"embeddable":true,"href":"https:\/\/diariodominicano.com\/index.php?rest_route=\/wp\/v2\/users\/3"}],"replies":[{"embeddable":true,"href":"https:\/\/diariodominicano.com\/index.php?rest_route=%2Fwp%2Fv2%2Fcomments&post=171234"}],"version-history":[{"count":0,"href":"https:\/\/diariodominicano.com\/index.php?rest_route=\/wp\/v2\/posts\/171234\/revisions"}],"wp:attachment":[{"href":"https:\/\/diariodominicano.com\/index.php?rest_route=%2Fwp%2Fv2%2Fmedia&parent=171234"}],"wp:term":[{"taxonomy":"category","embeddable":true,"href":"https:\/\/diariodominicano.com\/index.php?rest_route=%2Fwp%2Fv2%2Fcategories&post=171234"},{"taxonomy":"post_tag","embeddable":true,"href":"https:\/\/diariodominicano.com\/index.php?rest_route=%2Fwp%2Fv2%2Ftags&post=171234"}],"curies":[{"name":"wp","href":"https:\/\/api.w.org\/{rel}","templated":true}]}}