{"id":171232,"date":"2018-02-21T12:48:07","date_gmt":"2018-02-21T12:48:07","guid":{"rendered":"http:\/\/diariodominicano.ddns.net\/?p=171232"},"modified":"2018-02-21T12:48:07","modified_gmt":"2018-02-21T12:48:07","slug":"conferencia-del-episcopado-dominicano-favorece-ley-de-partidos-garantice-espacios-y-apoyo-a-los-jovenes","status":"publish","type":"post","link":"https:\/\/diariodominicano.com\/?p=171232","title":{"rendered":"Conferencia del Episcopado Dominicano favorece Ley de Partidos garantice espacios y apoyo a  los j\u00f3venes"},"content":{"rendered":"<p><body><\/p>\n<p><img decoding=\"async\" src=\"img3\/partid.jpg\" \/>  <\/p>\n<p>La Conferencia del Episcopado Dominicano (CED), favorece que a los j\u00f3venes de los partidos pol\u00edticos  se les asigne  el 25 por ciento  del presupuesto de las entidades pol\u00edticas para la formaci\u00f3n pol\u00edtica de los j\u00f3venes en el proyecto de Ley de Partidos Pol\u00edticos.  <\/p>\n<\/p>\n<p>Adem\u00e1s el   25 por ciento de cargos internos de los partidos y electorales y el  10% de los fondos para financiamiento de su campa\u00f1a. <\/p>\n<\/p>\n<p>J\u00f3venes de diferentes partidos pol\u00edticos fueron recibidos por el presidente del Episcopado Dominicano (CED), Monse\u00f1or Diomedes Espinal y el Secretario General Monse\u00f1or Benito \u00c1ngeles,  a quienes les  presentaron sus propuestas.<\/p>\n<\/p>\n<p>Espinal y \u00c1ngeles calificaron de suma importancia la solicitud que realizan los miembros de los diferentes comit\u00e9s de la juventud.<\/p>\n<\/p>\n<p>El presidente de la juventud del PRD, Joel Diaz, explic\u00f3 que,  el encuentro fue fruct\u00edfero  porque los representes de la Iglesia Cat\u00f3lica  lo instaron a seguir trabajando en beneficio de la democracia, las generaciones venideras, el sistema pol\u00edtico del pa\u00eds. y a regirse bajo la doctrina que esta representa.<\/p>\n<\/p>\n<p>De su lado,  Michael Matos, dirigente del PLD, manifest\u00f3 que, seguir\u00e1n realizando visitas a diferentes actores de la sociedad para lograr que los j\u00f3venes dominicanos sean tomados en cuenta, sin tomar de descanso hasta ver esto realidad. <\/p>\n<\/p>\n<p>En el encuentro tambi\u00e9n estuvieron presentes  los dirigentes pelede\u00edstas  Jorge Feliz Pacheco, Luis Sergio \u00c1vila, Jos\u00e9 Julio G\u00f3mez del PRM, Edward Hidalgo y Aneudy Mieses del PRD, Liz Mieses del PRSD.<\/p>\n<h6> 2018-02-21 12:48:07 <\/h6>\n<p><!--\n<link rel=\"stylesheet\" href=\"css\/bootstrap.min.css\">\n\n\n<ul class=\"pagination\">\n\t    \n\t\n\n<li >\n\t<a href='?page_no=6558'>Previous<\/a>\n\t<\/li>\n\n\n       \n    \n\n<li><a href='?page_no=1'>1<\/a><\/li>\n\n\n\n<li><a href='?page_no=2'>2<\/a><\/li>\n\n\n\n<li><a>...<\/a><\/li>\n\n\n\n<li><a href='?page_no=6557'>6557<\/a><\/li>\n\n\n\n<li><a href='?page_no=6558'>6558<\/a><\/li>\n\n\n\n<li class='active'><a>6559<\/a><\/li>\n\n\n\n<li><a href='?page_no=6560'>6560<\/a><\/li>\n\n\n\n<li><a href='?page_no=6561'>6561<\/a><\/li>\n\n\n\n<li><a>...<\/a><\/li>\n\n\n\n<li><a href='?page_no=36999'>36999<\/a><\/li>\n\n\n\n<li><a href='?page_no=37000'>37000<\/a><\/li>\n\n    \n\t\n\n<li >\n\t<a href='?page_no=6560'>Next<\/a>\n\t<\/li>\n\n\n    \n\n<li><a href='?page_no=37000'>Last &rsaquo;&rsaquo;<\/a><\/li>\n\n<\/ul>\n\n\n--><br \/>\n<\/body><\/p>\n","protected":false},"excerpt":{"rendered":"<p>La Conferencia del Episcopado Dominicano (CED), favorece que a los j\u00f3venes de los partidos pol\u00edticos se les asigne el 25 por ciento del presupuesto de las entidades pol\u00edticas para la formaci\u00f3n pol\u00edtica de los j\u00f3venes en el proyecto de Ley de Partidos Pol\u00edticos. Adem\u00e1s el 25 por ciento de cargos internos de los partidos y [&hellip;]<\/p>\n","protected":false},"author":3,"featured_media":0,"comment_status":"open","ping_status":"open","sticky":false,"template":"","format":"standard","meta":{"footnotes":""},"categories":[22],"tags":[],"class_list":["post-171232","post","type-post","status-publish","format-standard","hentry","category-politica"],"_links":{"self":[{"href":"https:\/\/diariodominicano.com\/index.php?rest_route=\/wp\/v2\/posts\/171232","targetHints":{"allow":["GET"]}}],"collection":[{"href":"https:\/\/diariodominicano.com\/index.php?rest_route=\/wp\/v2\/posts"}],"about":[{"href":"https:\/\/diariodominicano.com\/index.php?rest_route=\/wp\/v2\/types\/post"}],"author":[{"embeddable":true,"href":"https:\/\/diariodominicano.com\/index.php?rest_route=\/wp\/v2\/users\/3"}],"replies":[{"embeddable":true,"href":"https:\/\/diariodominicano.com\/index.php?rest_route=%2Fwp%2Fv2%2Fcomments&post=171232"}],"version-history":[{"count":0,"href":"https:\/\/diariodominicano.com\/index.php?rest_route=\/wp\/v2\/posts\/171232\/revisions"}],"wp:attachment":[{"href":"https:\/\/diariodominicano.com\/index.php?rest_route=%2Fwp%2Fv2%2Fmedia&parent=171232"}],"wp:term":[{"taxonomy":"category","embeddable":true,"href":"https:\/\/diariodominicano.com\/index.php?rest_route=%2Fwp%2Fv2%2Fcategories&post=171232"},{"taxonomy":"post_tag","embeddable":true,"href":"https:\/\/diariodominicano.com\/index.php?rest_route=%2Fwp%2Fv2%2Ftags&post=171232"}],"curies":[{"name":"wp","href":"https:\/\/api.w.org\/{rel}","templated":true}]}}