{"id":171229,"date":"2018-02-21T19:37:56","date_gmt":"2018-02-21T19:37:56","guid":{"rendered":"http:\/\/diariodominicano.ddns.net\/?p=171229"},"modified":"2018-02-21T19:37:56","modified_gmt":"2018-02-21T19:37:56","slug":"oposicion-en-venezuela-exige-condiciones-para-participar-en-elecciones-presidenciales","status":"publish","type":"post","link":"https:\/\/diariodominicano.com\/?p=171229","title":{"rendered":"Oposici\u00f3n en Venezuela exige \u00abcondiciones\u00bb para participar en elecciones presidenciales&#13;"},"content":{"rendered":"<p><body><\/p>\n<p><img decoding=\"async\" src=\"img3\/136989768_1519259394493_title0h.jpg\" \/><br \/><img decoding=\"async\" src=\"img3\/136989768_15192593223911n.jpg\" \/>  <\/p>\n<p><strong> <\/strong><\/p>\n<p><strong>La opositora alianza MUD de Venezuela anunci\u00f3 el mi\u00e9rcoles que no participar\u00e1 en las elecciones presidenciales del pr\u00f3ximo 22 de abril, a menos que se den las \u00abcondiciones previstas en la ley\u00bb.<\/strong><\/p>\n<\/p>\n<p><strong>   CARACAS, 21 feb (Xinhua) &#8212;<\/strong> La opositora alianza Mesa de la Unidad Democr\u00e1tica (MUD) de Venezuela anunci\u00f3 hoy que no participar\u00e1 en las elecciones presidenciales del pr\u00f3ximo 22 de abril, a menos que se den las \u00abcondiciones previstas en la ley\u00bb.<\/p>\n<\/p>\n<p><strong>CARACAS, febrero 21, 2018 (Xinhua) &#8212; El vocero de la opositora alianza Mesa de la Unidad Democr\u00e1tica (MUD) de Venezuela, el diputado Angel Oropeza, participa durante una conferencia de prensa, en Caracas, Venezuela, el 21 de febrero de 2018. La opositora alianza MUD de Venezuela anunci\u00f3 el mi\u00e9rcoles que no participar\u00e1 en las elecciones presidenciales del pr\u00f3ximo 22 de abril, a menos que se den las \u00abcondiciones previstas en la ley\u00bb. (Xinhua\/Str)<\/strong><\/p>\n<\/p>\n<\/p>\n<p>   \u00abLa propuesta de la MUD es, si se dan condiciones, las previstas en la ley, estamos dispuestos a participar. Esa es la postura oficial de la Mesa, es una postura que se mantiene hasta el momento\u00bb, inform\u00f3 el vocero de la alianza, el diputado Angel Oropeza.<\/p>\n<\/p>\n<p>   El dirigente opositor ret\u00f3 al gobierno a \u00abdejar el miedo\u00bb, ya que \u00abno estamos pidiendo nada que no est\u00e9 en la ley, que simplemente cumpla con la ley, cumpla con las cosas con las que m\u00e1s te comprometiste t\u00fa\u00bb, en referencia al documento que firm\u00f3 el gobierno en Rep\u00fablica Dominicana el pasado 7 de febrero para alcanzar un acuerdo de di\u00e1logo.<\/p>\n<\/p>\n<p>   \u00abSi eso se hace, pasaremos a escoger el candidato, haremos el m\u00e9todo de selecci\u00f3n, lo escogeremos, lanzaremos nuestra campa\u00f1a\u00bb, afirm\u00f3 Oropeza, tras lo cual asegur\u00f3 que \u00abnosotros somos demostradamente creyentes en el voto como manera de transformar la sociedad\u00bb.<\/p>\n<\/p>\n<p>   \u00abNadie nos va quitar el calificativo de dem\u00f3cratas a carta cabal, quisi\u00e9ramos competir, queremos participar en las elecciones, quien no nos deja es el gobierno porque tiene miedo a perder\u00bb, sostuvo Oropeza.<\/p>\n<\/p>\n<p>   El anuncio de la MUD se produce en contexto de los comicios presidenciales que la Asamblea Nacional Constituyente (ANC) adelant\u00f3 para este primer cuatrimestre.<\/p>\n<\/p>\n<p>   De cara a esos comicios, los partidos opositores Primero Justicia (PJ) y Voluntad Popular (VP) decidieron no participar por considerarlos como un proceso \u00abfraudulento\u00bb.<\/p>\n<\/p>\n<p>   El Consejo Nacional Electoral (CNE) anunci\u00f3 que, en cumplimiento con el acuerdo que firm\u00f3 el gobierno en Rep\u00fablica Dominicana, la fecha de esas elecciones ser\u00e1 el 22 de abril. Fin<\/p>\n<h6> 2018-02-21 19:37:56 <\/h6>\n<p><!--\n<link rel=\"stylesheet\" href=\"css\/bootstrap.min.css\">\n\n\n<ul class=\"pagination\">\n\t    \n\t\n\n<li >\n\t<a href='?page_no=6555'>Previous<\/a>\n\t<\/li>\n\n\n       \n    \n\n<li><a href='?page_no=1'>1<\/a><\/li>\n\n\n\n<li><a href='?page_no=2'>2<\/a><\/li>\n\n\n\n<li><a>...<\/a><\/li>\n\n\n\n<li><a href='?page_no=6554'>6554<\/a><\/li>\n\n\n\n<li><a href='?page_no=6555'>6555<\/a><\/li>\n\n\n\n<li class='active'><a>6556<\/a><\/li>\n\n\n\n<li><a href='?page_no=6557'>6557<\/a><\/li>\n\n\n\n<li><a href='?page_no=6558'>6558<\/a><\/li>\n\n\n\n<li><a>...<\/a><\/li>\n\n\n\n<li><a href='?page_no=36999'>36999<\/a><\/li>\n\n\n\n<li><a href='?page_no=37000'>37000<\/a><\/li>\n\n    \n\t\n\n<li >\n\t<a href='?page_no=6557'>Next<\/a>\n\t<\/li>\n\n\n    \n\n<li><a href='?page_no=37000'>Last &rsaquo;&rsaquo;<\/a><\/li>\n\n<\/ul>\n\n\n--><br \/>\n<\/body><\/p>\n","protected":false},"excerpt":{"rendered":"<p>La opositora alianza MUD de Venezuela anunci\u00f3 el mi\u00e9rcoles que no participar\u00e1 en las elecciones presidenciales del pr\u00f3ximo 22 de abril, a menos que se den las \u00abcondiciones previstas en la ley\u00bb. CARACAS, 21 feb (Xinhua) &#8212; La opositora alianza Mesa de la Unidad Democr\u00e1tica (MUD) de Venezuela anunci\u00f3 hoy que no participar\u00e1 en las [&hellip;]<\/p>\n","protected":false},"author":3,"featured_media":0,"comment_status":"open","ping_status":"open","sticky":false,"template":"","format":"standard","meta":{"footnotes":""},"categories":[22],"tags":[],"class_list":["post-171229","post","type-post","status-publish","format-standard","hentry","category-politica"],"_links":{"self":[{"href":"https:\/\/diariodominicano.com\/index.php?rest_route=\/wp\/v2\/posts\/171229","targetHints":{"allow":["GET"]}}],"collection":[{"href":"https:\/\/diariodominicano.com\/index.php?rest_route=\/wp\/v2\/posts"}],"about":[{"href":"https:\/\/diariodominicano.com\/index.php?rest_route=\/wp\/v2\/types\/post"}],"author":[{"embeddable":true,"href":"https:\/\/diariodominicano.com\/index.php?rest_route=\/wp\/v2\/users\/3"}],"replies":[{"embeddable":true,"href":"https:\/\/diariodominicano.com\/index.php?rest_route=%2Fwp%2Fv2%2Fcomments&post=171229"}],"version-history":[{"count":0,"href":"https:\/\/diariodominicano.com\/index.php?rest_route=\/wp\/v2\/posts\/171229\/revisions"}],"wp:attachment":[{"href":"https:\/\/diariodominicano.com\/index.php?rest_route=%2Fwp%2Fv2%2Fmedia&parent=171229"}],"wp:term":[{"taxonomy":"category","embeddable":true,"href":"https:\/\/diariodominicano.com\/index.php?rest_route=%2Fwp%2Fv2%2Fcategories&post=171229"},{"taxonomy":"post_tag","embeddable":true,"href":"https:\/\/diariodominicano.com\/index.php?rest_route=%2Fwp%2Fv2%2Ftags&post=171229"}],"curies":[{"name":"wp","href":"https:\/\/api.w.org\/{rel}","templated":true}]}}