{"id":171228,"date":"2018-02-21T22:54:40","date_gmt":"2018-02-21T22:54:40","guid":{"rendered":"http:\/\/diariodominicano.ddns.net\/?p=171228"},"modified":"2018-02-21T22:54:40","modified_gmt":"2018-02-21T22:54:40","slug":"presidente-de-venezuela-propone-creacion-de-frente-amplio-por-la-paz","status":"publish","type":"post","link":"https:\/\/diariodominicano.com\/?p=171228","title":{"rendered":"Presidente de Venezuela propone creaci\u00f3n de frente amplio por la paz"},"content":{"rendered":"<p><body><\/p>\n<p><img decoding=\"async\" src=\"img3\/Nicolas-Maduro.jpg\" \/>  <\/p>\n<p><strong> Caracas, 21 feb (PL)<\/strong> El presidente de Venezuela, Nicol\u00e1s Maduro, propuso hoy la creaci\u00f3n de un Frente Amplio de la Patria para defender la paz, independencia y construir el socialismo en la naci\u00f3n sudamericana.<\/p>\n<\/p>\n<p>Precis\u00f3 el mandatario que dicha organizaci\u00f3n aglutinar\u00e1 a todas las fuerzas revolucionarias y populares en busca de la recuperaci\u00f3n econ\u00f3mica del pa\u00eds, la uni\u00f3n popular y la conciencia socialista.<\/p>\n<\/p>\n<p>Durante un encuentro con la militancia del partido Patria Para Todos (PPT), efectuado en el Teatro Nacional de Caracas, Maduro indic\u00f3 que el frente amplio agrupar\u00e1 a los entes del Gran Polo Patri\u00f3tico, al Partido Socialista Unido de Venezuela, al Movimiento Somos Venezuela y dem\u00e1s grupos sociales en una poderosa organizaci\u00f3n.<\/p>\n<\/p>\n<p>&#8216;Vamos a constituir un gran Frente Amplio de la Patria para defender la paz, la independencia, construir la nueva econom\u00eda y el socialismo bolivariano con todas las fuerzas pol\u00edticas de la revoluci\u00f3n&#8217;, asegur\u00f3 Maduro.<\/p>\n<\/p>\n<p>En la jornada, los militantes y la dirigencia nacional del PPT confirmaron su respaldo a la candidatura del jefe de Estado a las elecciones presidenciales del pr\u00f3ximo 22 de abril.<\/p>\n<\/p>\n<p>El presidente venezolano destac\u00f3 que todos los movimientos sociales y pol\u00edticos del pa\u00eds deben estar organizados de cara a la contienda electoral.<\/p>\n<\/p>\n<p>Asegur\u00f3 adem\u00e1s que el PPT tendr\u00e1 amplias responsabilidades de vanguardia en la construcci\u00f3n del nuevo modelo social y econ\u00f3mico de la naci\u00f3n sudamericana.<\/p>\n<\/p>\n<p>agp\/wup\/cvl<\/p>\n<h6> 2018-02-21 22:54:40 <\/h6>\n<p><!--\n<link rel=\"stylesheet\" href=\"css\/bootstrap.min.css\">\n\n\n<ul class=\"pagination\">\n\t    \n\t\n\n<li >\n\t<a href='?page_no=6554'>Previous<\/a>\n\t<\/li>\n\n\n       \n    \n\n<li><a href='?page_no=1'>1<\/a><\/li>\n\n\n\n<li><a href='?page_no=2'>2<\/a><\/li>\n\n\n\n<li><a>...<\/a><\/li>\n\n\n\n<li><a href='?page_no=6553'>6553<\/a><\/li>\n\n\n\n<li><a href='?page_no=6554'>6554<\/a><\/li>\n\n\n\n<li class='active'><a>6555<\/a><\/li>\n\n\n\n<li><a href='?page_no=6556'>6556<\/a><\/li>\n\n\n\n<li><a href='?page_no=6557'>6557<\/a><\/li>\n\n\n\n<li><a>...<\/a><\/li>\n\n\n\n<li><a href='?page_no=36999'>36999<\/a><\/li>\n\n\n\n<li><a href='?page_no=37000'>37000<\/a><\/li>\n\n    \n\t\n\n<li >\n\t<a href='?page_no=6556'>Next<\/a>\n\t<\/li>\n\n\n    \n\n<li><a href='?page_no=37000'>Last &rsaquo;&rsaquo;<\/a><\/li>\n\n<\/ul>\n\n\n--><br \/>\n<\/body><\/p>\n","protected":false},"excerpt":{"rendered":"<p>Caracas, 21 feb (PL) El presidente de Venezuela, Nicol\u00e1s Maduro, propuso hoy la creaci\u00f3n de un Frente Amplio de la Patria para defender la paz, independencia y construir el socialismo en la naci\u00f3n sudamericana. Precis\u00f3 el mandatario que dicha organizaci\u00f3n aglutinar\u00e1 a todas las fuerzas revolucionarias y populares en busca de la recuperaci\u00f3n econ\u00f3mica del [&hellip;]<\/p>\n","protected":false},"author":3,"featured_media":0,"comment_status":"open","ping_status":"open","sticky":false,"template":"","format":"standard","meta":{"footnotes":""},"categories":[22],"tags":[],"class_list":["post-171228","post","type-post","status-publish","format-standard","hentry","category-politica"],"_links":{"self":[{"href":"https:\/\/diariodominicano.com\/index.php?rest_route=\/wp\/v2\/posts\/171228","targetHints":{"allow":["GET"]}}],"collection":[{"href":"https:\/\/diariodominicano.com\/index.php?rest_route=\/wp\/v2\/posts"}],"about":[{"href":"https:\/\/diariodominicano.com\/index.php?rest_route=\/wp\/v2\/types\/post"}],"author":[{"embeddable":true,"href":"https:\/\/diariodominicano.com\/index.php?rest_route=\/wp\/v2\/users\/3"}],"replies":[{"embeddable":true,"href":"https:\/\/diariodominicano.com\/index.php?rest_route=%2Fwp%2Fv2%2Fcomments&post=171228"}],"version-history":[{"count":0,"href":"https:\/\/diariodominicano.com\/index.php?rest_route=\/wp\/v2\/posts\/171228\/revisions"}],"wp:attachment":[{"href":"https:\/\/diariodominicano.com\/index.php?rest_route=%2Fwp%2Fv2%2Fmedia&parent=171228"}],"wp:term":[{"taxonomy":"category","embeddable":true,"href":"https:\/\/diariodominicano.com\/index.php?rest_route=%2Fwp%2Fv2%2Fcategories&post=171228"},{"taxonomy":"post_tag","embeddable":true,"href":"https:\/\/diariodominicano.com\/index.php?rest_route=%2Fwp%2Fv2%2Ftags&post=171228"}],"curies":[{"name":"wp","href":"https:\/\/api.w.org\/{rel}","templated":true}]}}