{"id":171225,"date":"2018-02-22T12:38:23","date_gmt":"2018-02-22T12:38:23","guid":{"rendered":"http:\/\/diariodominicano.ddns.net\/?p=171225"},"modified":"2018-02-22T12:38:23","modified_gmt":"2018-02-22T12:38:23","slug":"pvn-juramenta-nucleos-de-santiago-la-romana-higuey-y-sde-de-cara-a-elecciones-del-2020","status":"publish","type":"post","link":"https:\/\/diariodominicano.com\/?p=171225","title":{"rendered":"PVN juramenta n\u00facleos de Santiago, La Romana, Higuey y SDE de cara a elecciones del 2020"},"content":{"rendered":"<p><body><\/p>\n<p><img decoding=\"async\" src=\"img3\/jura2.jpg\" \/>  <\/p>\n<p>SANTO DOMINGO.- El proyecto Visi\u00f3n Naci\u00f3n (PVN), jurament\u00f3 ayer en su sede a varios n\u00facleos de trabajo, los cuales tendr\u00e1n a su cargo la coordinaci\u00f3n de las actividades proselitistas y de inter\u00e9s social, con miras a posicionar esa organizaci\u00f3n para las elecciones presidenciales del 2020.<\/p>\n<\/p>\n<p>El doctor Jos\u00e9 Cristopher, presidente del PVN y aspirante a la Presidencia de la Rep\u00fablica por esa organizaci\u00f3n, al tomar el juramento, exhort\u00f3 a los dirigentes  provinciales trabajar incansablemente para lograr posicionar la propuesta de establecer en la Rep\u00fablica Dominicana el gobierno de car\u00e1cter teocr\u00e1tico planteado por el proyecto Visi\u00f3n Naci\u00f3n.<\/p>\n<\/p>\n<p>En el acto se juramentaron coordinadores de Santiago, La Romana, Higuey, Santo Domingo Este, entre otras localidades.<\/p>\n<h6> 2018-02-22 12:38:23 <\/h6>\n<p><!--\n<link rel=\"stylesheet\" href=\"css\/bootstrap.min.css\">\n\n\n<ul class=\"pagination\">\n\t    \n\t\n\n<li >\n\t<a href='?page_no=6551'>Previous<\/a>\n\t<\/li>\n\n\n       \n    \n\n<li><a href='?page_no=1'>1<\/a><\/li>\n\n\n\n<li><a href='?page_no=2'>2<\/a><\/li>\n\n\n\n<li><a>...<\/a><\/li>\n\n\n\n<li><a href='?page_no=6550'>6550<\/a><\/li>\n\n\n\n<li><a href='?page_no=6551'>6551<\/a><\/li>\n\n\n\n<li class='active'><a>6552<\/a><\/li>\n\n\n\n<li><a href='?page_no=6553'>6553<\/a><\/li>\n\n\n\n<li><a href='?page_no=6554'>6554<\/a><\/li>\n\n\n\n<li><a>...<\/a><\/li>\n\n\n\n<li><a href='?page_no=36999'>36999<\/a><\/li>\n\n\n\n<li><a href='?page_no=37000'>37000<\/a><\/li>\n\n    \n\t\n\n<li >\n\t<a href='?page_no=6553'>Next<\/a>\n\t<\/li>\n\n\n    \n\n<li><a href='?page_no=37000'>Last &rsaquo;&rsaquo;<\/a><\/li>\n\n<\/ul>\n\n\n--><br \/>\n<\/body><\/p>\n","protected":false},"excerpt":{"rendered":"<p>SANTO DOMINGO.- El proyecto Visi\u00f3n Naci\u00f3n (PVN), jurament\u00f3 ayer en su sede a varios n\u00facleos de trabajo, los cuales tendr\u00e1n a su cargo la coordinaci\u00f3n de las actividades proselitistas y de inter\u00e9s social, con miras a posicionar esa organizaci\u00f3n para las elecciones presidenciales del 2020. El doctor Jos\u00e9 Cristopher, presidente del PVN y aspirante a [&hellip;]<\/p>\n","protected":false},"author":3,"featured_media":0,"comment_status":"open","ping_status":"open","sticky":false,"template":"","format":"standard","meta":{"footnotes":""},"categories":[22],"tags":[],"class_list":["post-171225","post","type-post","status-publish","format-standard","hentry","category-politica"],"_links":{"self":[{"href":"https:\/\/diariodominicano.com\/index.php?rest_route=\/wp\/v2\/posts\/171225","targetHints":{"allow":["GET"]}}],"collection":[{"href":"https:\/\/diariodominicano.com\/index.php?rest_route=\/wp\/v2\/posts"}],"about":[{"href":"https:\/\/diariodominicano.com\/index.php?rest_route=\/wp\/v2\/types\/post"}],"author":[{"embeddable":true,"href":"https:\/\/diariodominicano.com\/index.php?rest_route=\/wp\/v2\/users\/3"}],"replies":[{"embeddable":true,"href":"https:\/\/diariodominicano.com\/index.php?rest_route=%2Fwp%2Fv2%2Fcomments&post=171225"}],"version-history":[{"count":0,"href":"https:\/\/diariodominicano.com\/index.php?rest_route=\/wp\/v2\/posts\/171225\/revisions"}],"wp:attachment":[{"href":"https:\/\/diariodominicano.com\/index.php?rest_route=%2Fwp%2Fv2%2Fmedia&parent=171225"}],"wp:term":[{"taxonomy":"category","embeddable":true,"href":"https:\/\/diariodominicano.com\/index.php?rest_route=%2Fwp%2Fv2%2Fcategories&post=171225"},{"taxonomy":"post_tag","embeddable":true,"href":"https:\/\/diariodominicano.com\/index.php?rest_route=%2Fwp%2Fv2%2Ftags&post=171225"}],"curies":[{"name":"wp","href":"https:\/\/api.w.org\/{rel}","templated":true}]}}