{"id":171224,"date":"2018-02-22T12:52:29","date_gmt":"2018-02-22T12:52:29","guid":{"rendered":"http:\/\/diariodominicano.ddns.net\/?p=171224"},"modified":"2018-02-22T12:52:29","modified_gmt":"2018-02-22T12:52:29","slug":"alejandrina-german-llama-a-educacion-y-adp-sentarse-en-mesa-de-conversaciones","status":"publish","type":"post","link":"https:\/\/diariodominicano.com\/?p=171224","title":{"rendered":"Alejandrina Germ\u00e1n llama a Educaci\u00f3n y ADP sentarse en mesa de conversaciones"},"content":{"rendered":"<p><body><\/p>\n<p><img decoding=\"async\" src=\"img3\/alej11.jpg\" \/>  <\/p>\n<p><strong>SANTO DOMINGO, RD, 22 de febrero de 2018.- <\/strong>Para Alejandrina Germ\u00e1n, Ministra de Educaci\u00f3n Superior, Ciencias y Tecnolog\u00edas  e integrante del Comit\u00e9 Pol\u00edtico del Partido de la Liberaci\u00f3n Dominicana la soluci\u00f3n al conflicto que afecta en los actuales momentos la educaci\u00f3n  se resuelve sobre la base de una buena y constante comunicaci\u00f3n entre el principal actor, el Ministerio y la Asociaci\u00f3n Dominicana de Profesores ADP.<\/p>\n<\/p>\n<p>A juicio de la tambi\u00e9n ex ministra de educaci\u00f3n es de rigor el que se trabaje unido en beneficio de un sector tan importante como la educaci\u00f3n en la que se pone especial empe\u00f1o por mejorarla cada d\u00eda.<\/p>\n<\/p>\n<p>\u00abRealmente no entiendo el conflicto porque se supone que si estamos trabajando todos unidos en procura de garantizar una educaci\u00f3n de calidad\u00bb, refiri\u00f3 Germ\u00e1n, en  nota divulgada por su partido, a trav\u00e9s de la Secretar\u00eda de Comunicaciones, recogiendo las declaraciones que ofreciera en la ma\u00f1ana de este d\u00eda a los periodistas al participar en  Tercer Seminario sobre la Reforma de la Ley 139?01.<\/p>\n<\/p>\n<p>Plantea que no tiene nada malo hacer un concurso para elegir los directivos y las directores distritales y  regionales y que se escojan  las personas m\u00e1s competentes para dirigir ese proceso.<\/p>\n<\/p>\n<p>\u00abLo que ellos debe hacer es ponerse de acuerdo  la ADP y el Ministerio de Educaci\u00f3n para que se aseguren y creo que es as\u00ed, que el proceso de elecci\u00f3n de esos nuevos directivos obedezcan fundamentalmente a la competencia profesionales que deben tener para dirigir un distrito o regional\u00bb, explic\u00f3.<\/p>\n<\/p>\n<p>Alejandrina  Germ\u00e1n aboga por un  proceso de elecci\u00f3n de directores  abierto, transparente y ejecutado por un personal calificado que  permita seleccionar los mejores.<\/p>\n<\/p>\n<p>Agrega que tambi\u00e9n deben tomarse en cuenta las condiciones laborales y el respeto al clima de trabajo de los actuales  directores distritales y regionales, de los que dice,  hasta ahora el 99 por ciento, han ido escalando desde maestro, director, t\u00e9cnico distrital, t\u00e9cnico regional, directores de distrito hasta llegar a direcciones regionales.<\/p>\n<\/p>\n<p>\u00abTodas esta personas necesitan que se le preserve sus derechos como servidores p\u00fablicos y creo que eso es lo que se est\u00e1 haciendo porque la carrera del personal de administraci\u00f3n p\u00fablica lo garantiza\u00bb, sostuvo la funcionaria y dirigente del PLD.<\/p>\n<\/p>\n<p>Alejandrina Germ\u00e1n insisti\u00f3 en que el Ministerio de Educaci\u00f3n  y el gremio de maestros y maestras   necesitan sentarse en una mesa, vean todo el proceso,  lo respeten y este repercutir\u00e1 positivamente en un mejor talento humando en los puestos y por consiguiente lograr  el sistema educativo siga elevando cada vez m\u00e1s la calidad de la educaci\u00f3n.<\/p>\n<\/p>\n<p>\u00abEs un problema de ponerse de acuerdo en procedimiento, en estrategia, en garant\u00eda de los derechos laborales de los servidores p\u00fablicos y estoy seguro que el ministro lo est\u00e1 haciendo, el problema es sencillamente el dialogo y la transparencia y la comunicaci\u00f3n  permanente\u00bb, se\u00f1al\u00f3<\/p>\n<\/p>\n<p>En otro aspecto y sobre el posicionamiento sobre pr\u00e1ctica de  corrupci\u00f3n en el  pa\u00eds, comparando con los dem\u00e1s de la regi\u00f3n, dijo que es una percepci\u00f3n vendida por nosotros mismos que por supuesto repercute en lo que tiene que ver con la versi\u00f3n de los indicadores.<\/p>\n<\/p>\n<p>\u00abPorque estamos acostumbrados a que si hay un corrupto entre 100 nadie dice que es la minor\u00eda sino la mayor\u00eda y esa es la percepci\u00f3n que se va vendiendo\u00bb, coment\u00f3.<\/p>\n<\/p>\n<p>Sin descartar que haya corrupci\u00f3n en la administraci\u00f3n p\u00fablica, Germ\u00e1n cuestion\u00f3 la forma de denunciarla porque se reproduce una denuncia simple y esta conduce a  una imagen que no necesariamente se corresponde con la realidad.<\/p>\n<h6> 2018-02-22 12:52:29 <\/h6>\n<p><!--\n<link rel=\"stylesheet\" href=\"css\/bootstrap.min.css\">\n\n\n<ul class=\"pagination\">\n\t    \n\t\n\n<li >\n\t<a href='?page_no=6550'>Previous<\/a>\n\t<\/li>\n\n\n       \n    \n\n<li><a href='?page_no=1'>1<\/a><\/li>\n\n\n\n<li><a href='?page_no=2'>2<\/a><\/li>\n\n\n\n<li><a>...<\/a><\/li>\n\n\n\n<li><a href='?page_no=6549'>6549<\/a><\/li>\n\n\n\n<li><a href='?page_no=6550'>6550<\/a><\/li>\n\n\n\n<li class='active'><a>6551<\/a><\/li>\n\n\n\n<li><a href='?page_no=6552'>6552<\/a><\/li>\n\n\n\n<li><a href='?page_no=6553'>6553<\/a><\/li>\n\n\n\n<li><a>...<\/a><\/li>\n\n\n\n<li><a href='?page_no=36999'>36999<\/a><\/li>\n\n\n\n<li><a href='?page_no=37000'>37000<\/a><\/li>\n\n    \n\t\n\n<li >\n\t<a href='?page_no=6552'>Next<\/a>\n\t<\/li>\n\n\n    \n\n<li><a href='?page_no=37000'>Last &rsaquo;&rsaquo;<\/a><\/li>\n\n<\/ul>\n\n\n--><br \/>\n<\/body><\/p>\n","protected":false},"excerpt":{"rendered":"<p>SANTO DOMINGO, RD, 22 de febrero de 2018.- Para Alejandrina Germ\u00e1n, Ministra de Educaci\u00f3n Superior, Ciencias y Tecnolog\u00edas e integrante del Comit\u00e9 Pol\u00edtico del Partido de la Liberaci\u00f3n Dominicana la soluci\u00f3n al conflicto que afecta en los actuales momentos la educaci\u00f3n se resuelve sobre la base de una buena y constante comunicaci\u00f3n entre el principal [&hellip;]<\/p>\n","protected":false},"author":3,"featured_media":0,"comment_status":"open","ping_status":"open","sticky":false,"template":"","format":"standard","meta":{"footnotes":""},"categories":[22],"tags":[],"class_list":["post-171224","post","type-post","status-publish","format-standard","hentry","category-politica"],"_links":{"self":[{"href":"https:\/\/diariodominicano.com\/index.php?rest_route=\/wp\/v2\/posts\/171224","targetHints":{"allow":["GET"]}}],"collection":[{"href":"https:\/\/diariodominicano.com\/index.php?rest_route=\/wp\/v2\/posts"}],"about":[{"href":"https:\/\/diariodominicano.com\/index.php?rest_route=\/wp\/v2\/types\/post"}],"author":[{"embeddable":true,"href":"https:\/\/diariodominicano.com\/index.php?rest_route=\/wp\/v2\/users\/3"}],"replies":[{"embeddable":true,"href":"https:\/\/diariodominicano.com\/index.php?rest_route=%2Fwp%2Fv2%2Fcomments&post=171224"}],"version-history":[{"count":0,"href":"https:\/\/diariodominicano.com\/index.php?rest_route=\/wp\/v2\/posts\/171224\/revisions"}],"wp:attachment":[{"href":"https:\/\/diariodominicano.com\/index.php?rest_route=%2Fwp%2Fv2%2Fmedia&parent=171224"}],"wp:term":[{"taxonomy":"category","embeddable":true,"href":"https:\/\/diariodominicano.com\/index.php?rest_route=%2Fwp%2Fv2%2Fcategories&post=171224"},{"taxonomy":"post_tag","embeddable":true,"href":"https:\/\/diariodominicano.com\/index.php?rest_route=%2Fwp%2Fv2%2Ftags&post=171224"}],"curies":[{"name":"wp","href":"https:\/\/api.w.org\/{rel}","templated":true}]}}