{"id":171223,"date":"2018-02-22T23:16:02","date_gmt":"2018-02-22T23:16:02","guid":{"rendered":"http:\/\/diariodominicano.ddns.net\/?p=171223"},"modified":"2018-02-22T23:16:02","modified_gmt":"2018-02-22T23:16:02","slug":"lula-advierte-no-voy-a-bajar-la-cabeza","status":"publish","type":"post","link":"https:\/\/diariodominicano.com\/?p=171223","title":{"rendered":"Lula advierte: no voy a bajar la cabeza"},"content":{"rendered":"<p><body><\/p>\n<p><img decoding=\"async\" src=\"img3\/0-lulasi.jpg\" \/>  <\/p>\n<p><strong> Brasilia, 22 feb (PL) <\/strong>El ex presidente de Brasil Luiz In\u00e1cio Lula da Silva advirti\u00f3 hoy a sus hostigadores que no bajar\u00e1 la cabeza y, por el contrario, continuar\u00e1 defendiendo su leg\u00edtimo derecho a concurrir como candidato a las pr\u00f3ximas elecciones.<\/p>\n<\/p>\n<p>Levanten cuantas infamias quieran, cuenten las mentiras que deseen, pero para sacarme de la disputa electoral van a tener que violar la Constituci\u00f3n, subray\u00f3 el ex dignatario al clausurar el acto por el 38 aniversario de la fundaci\u00f3n del Partido de los Trabajadores (PT).<\/p>\n<\/p>\n<p>En un discurso en el cual ponder\u00f3 el significado del PT en la historia de Brasil, Lula acus\u00f3 a sectores de la Polic\u00eda Federal y del Ministerio P\u00fablico y al juez Sergio Moro de mentir para condenarlo en &#8216;un juzgamiento que es pol\u00edtico&#8217;, remarc\u00f3.<\/p>\n<\/p>\n<p>Yo no estoy por encima de la ley, pero s\u00ed de la mentira, afirm\u00f3 antes de comentar que hoy en Brasil hay solo una unanimidad y es que ni los partidos pol\u00edticos, ni los medios quieren que \u00e9l dispute la elecci\u00f3n, pues saben que de ser candidato sobrar\u00eda solo una plaza para el segundo turno, con perspectivas de ganar en el primero.<\/p>\n<\/p>\n<p>El l\u00edder hist\u00f3rico del PT aludi\u00f3 tambi\u00e9n al hecho que el presidente Michel Temer resolviera cambiar repentinamente una propuesta con el 80 por ciento de reprobaci\u00f3n, como la reforma del sistema jubilatorio, por otra con el 80 por ciento de aceptaci\u00f3n como colocar a las Fuerzas Armadas en las calles para controlar la violencia.<\/p>\n<\/p>\n<p>Se\u00f1al\u00f3 que esa es una maniobra electorera del actual inquilino del Palacio de Planalto y cit\u00f3 una frase -&#8216;hist\u00f3rica&#8217;, sostuvo- del precandidato presidencial Jair Bolsonaro, quien ayer advirti\u00f3 a Temer que ya \u00e9l &#8216;rob\u00f3 todo en este pa\u00eds, pero no me va a robar ni mi discurso, ni mis votos&#8217;.<\/p>\n<\/p>\n<p>Insisti\u00f3 en que si deciden cumplir la condena que le fue impuesta injustamente &#8216;podr\u00e1n prender apenas mi carne carcomida, pero no mis ideas, mis sue\u00f1os, ni la esperanza&#8217; de los millones de Lula existentes en Brasil, y reafirm\u00f3 que &#8216;no voy a huir, ni me voy a suicidar; voy a permanecer aqu\u00ed&#8217;.<\/p>\n<\/p>\n<p>Por su parte, la presidenta nacional del PT, Gleisi Hoffmann, manifest\u00f3 que el de esta noche en Sao Paulo era un acto de resistencia, de denuncia y de lucha, pero tambi\u00e9n de desagravio a Lula por la persecuci\u00f3n que viene sufriendo, la cual es tambi\u00e9n de hecho contra el pueblo trabajador.<\/p>\n<\/p>\n<p>Afirm\u00f3 que la candidatura de quien fuera el presidente m\u00e1s popular y mejor evaluado en la historia de Brasil no es solo de ese partido, sino de una parte importante de la poblaci\u00f3n brasile\u00f1a, que es en estos momentos reh\u00e9n de una clase pol\u00edtica dominante racista y homof\u00f3bica.<\/p>\n<\/p>\n<p>Previamente, el l\u00edder de la bancada petista en el Senado Federal, Lindbergh Farias, alert\u00f3 que el peor escenario para las fuerzas de izquierda ser\u00eda seguirle la corriente a la Red Globo y pensar que existe un plan B si Lula fuera preso.<\/p>\n<\/p>\n<p>&#8216;El plan B no existe, el que existe es el plan Lula&#8217;, enfatiz\u00f3 Farias antes de alertar que lo que buscan con esa campa\u00f1a es tener un PT con la cabeza baja y desanimado.<\/p>\n<\/p>\n<p>La batalla de este a\u00f1o (en las urnas) todav\u00eda est\u00e1 abierta, apreci\u00f3 el legislador antes de reiterar que una elecci\u00f3n sin Lula ser\u00eda solo un fraude, una farsa.<\/p>\n<\/p>\n<p>agp\/mpm<\/p>\n<p>Temas Relacionados:<\/p>\n<h6> 2018-02-22 23:16:02 <\/h6>\n<p><!--\n<link rel=\"stylesheet\" href=\"css\/bootstrap.min.css\">\n\n\n<ul class=\"pagination\">\n\t    \n\t\n\n<li >\n\t<a href='?page_no=6549'>Previous<\/a>\n\t<\/li>\n\n\n       \n    \n\n<li><a href='?page_no=1'>1<\/a><\/li>\n\n\n\n<li><a href='?page_no=2'>2<\/a><\/li>\n\n\n\n<li><a>...<\/a><\/li>\n\n\n\n<li><a href='?page_no=6548'>6548<\/a><\/li>\n\n\n\n<li><a href='?page_no=6549'>6549<\/a><\/li>\n\n\n\n<li class='active'><a>6550<\/a><\/li>\n\n\n\n<li><a href='?page_no=6551'>6551<\/a><\/li>\n\n\n\n<li><a href='?page_no=6552'>6552<\/a><\/li>\n\n\n\n<li><a>...<\/a><\/li>\n\n\n\n<li><a href='?page_no=36999'>36999<\/a><\/li>\n\n\n\n<li><a href='?page_no=37000'>37000<\/a><\/li>\n\n    \n\t\n\n<li >\n\t<a href='?page_no=6551'>Next<\/a>\n\t<\/li>\n\n\n    \n\n<li><a href='?page_no=37000'>Last &rsaquo;&rsaquo;<\/a><\/li>\n\n<\/ul>\n\n\n--><br \/>\n<\/body><\/p>\n","protected":false},"excerpt":{"rendered":"<p>Brasilia, 22 feb (PL) El ex presidente de Brasil Luiz In\u00e1cio Lula da Silva advirti\u00f3 hoy a sus hostigadores que no bajar\u00e1 la cabeza y, por el contrario, continuar\u00e1 defendiendo su leg\u00edtimo derecho a concurrir como candidato a las pr\u00f3ximas elecciones. Levanten cuantas infamias quieran, cuenten las mentiras que deseen, pero para sacarme de la [&hellip;]<\/p>\n","protected":false},"author":3,"featured_media":0,"comment_status":"open","ping_status":"open","sticky":false,"template":"","format":"standard","meta":{"footnotes":""},"categories":[22],"tags":[],"class_list":["post-171223","post","type-post","status-publish","format-standard","hentry","category-politica"],"_links":{"self":[{"href":"https:\/\/diariodominicano.com\/index.php?rest_route=\/wp\/v2\/posts\/171223","targetHints":{"allow":["GET"]}}],"collection":[{"href":"https:\/\/diariodominicano.com\/index.php?rest_route=\/wp\/v2\/posts"}],"about":[{"href":"https:\/\/diariodominicano.com\/index.php?rest_route=\/wp\/v2\/types\/post"}],"author":[{"embeddable":true,"href":"https:\/\/diariodominicano.com\/index.php?rest_route=\/wp\/v2\/users\/3"}],"replies":[{"embeddable":true,"href":"https:\/\/diariodominicano.com\/index.php?rest_route=%2Fwp%2Fv2%2Fcomments&post=171223"}],"version-history":[{"count":0,"href":"https:\/\/diariodominicano.com\/index.php?rest_route=\/wp\/v2\/posts\/171223\/revisions"}],"wp:attachment":[{"href":"https:\/\/diariodominicano.com\/index.php?rest_route=%2Fwp%2Fv2%2Fmedia&parent=171223"}],"wp:term":[{"taxonomy":"category","embeddable":true,"href":"https:\/\/diariodominicano.com\/index.php?rest_route=%2Fwp%2Fv2%2Fcategories&post=171223"},{"taxonomy":"post_tag","embeddable":true,"href":"https:\/\/diariodominicano.com\/index.php?rest_route=%2Fwp%2Fv2%2Ftags&post=171223"}],"curies":[{"name":"wp","href":"https:\/\/api.w.org\/{rel}","templated":true}]}}