{"id":171221,"date":"2018-02-23T09:57:38","date_gmt":"2018-02-23T09:57:38","guid":{"rendered":"http:\/\/diariodominicano.ddns.net\/?p=171221"},"modified":"2018-02-23T09:57:38","modified_gmt":"2018-02-23T09:57:38","slug":"leonel-fernandez-presenta-plan-de-desarrollo-rd2044-para-la-provincia-valverde","status":"publish","type":"post","link":"https:\/\/diariodominicano.com\/?p=171221","title":{"rendered":"Leonel Fern\u00e1ndez presenta plan de desarrollo \u00abRD2044\u00bb para la provincia Valverde"},"content":{"rendered":"<p><body><\/p>\n<p><img decoding=\"async\" src=\"img3\/LeonelMao23.jpeg\" \/>  <\/p>\n<p><span class=\"text1noticias\">Mao, Valverde, R. D., 23 de febrero, 2018.- El expresidente de la Rep\u00fablica, doctor Leonel Fern\u00e1ndez, present\u00f3 aqu\u00ed, ante cientos de personas, la parte del plan de desarrollo de infraestructuras \u00abRD2044\u00bb correspondiente a la provincia Valverde.<\/span><\/p>\n<\/p>\n<p><span class=\"text1noticias\">El acto se llev\u00f3 a cabo en el multiuso del Centro Regional del Noroeste de la Universidad Aut\u00f3noma de Santo Domingo (UASD), con sede en esta ciudad, y asistieron dirigentes pol\u00edticos, funcionarios del gobierno central y los cabildos, acad\u00e9micos, l\u00edderes religiosos, estudiantes, activistas culturales y dirigentes comunitarios de diferentes ramas.<\/span><\/p>\n<\/p>\n<p><span class=\"text1noticias\">\u00abLo que presentamos esta noche, no es m\u00e1s que una peque\u00f1a muestra de los m\u00e1s de mil 200 proyectos que se han dise\u00f1ado para el conjunto de las provincias y subregiones del pa\u00eds\u00bb, indic\u00f3 Fern\u00e1ndez, tras se\u00f1alar que el plan tiene la finalidad de que la Rep\u00fablica Dominicana pueda alcanzar el nivel de un pa\u00eds desarrollado.<\/span><\/p>\n<\/p>\n<p><span class=\"text1noticias\">El ex jefe de Estado detall\u00f3 que \u00abRD2044\u00bb est\u00e1 enmarcado en pol\u00edticas alineadas con la ley de Estrategia Nacional de Desarrollo (END) y con los Objetivos de Desarrollo Sostenible de las Naciones Unidas, y ha sido concebido para ejecutarse con el apoyo del sector privado.<\/span><\/p>\n<\/p>\n<p><span class=\"text1noticias\">De igual manera, Fern\u00e1ndez reconoci\u00f3 que el desarrollo integral del pa\u00eds requiere tomar en cuenta variables como la econ\u00f3mica, la social, cultural, ambiental, tecnol\u00f3gica, entre otras. RD 2044 es un plan de desarrollo de infraestructuras con una proyecci\u00f3n a 30 a\u00f1os en las 32 provincias del pa\u00eds de cara a la celebraci\u00f3n del Bicentenario de la Naci\u00f3n.<\/span><\/p>\n<\/p>\n<p><span class=\"text1noticias\">El proyecto \u00abRD2044\u00bb fue dise\u00f1ado a partir de consultas con las distintas comunidades que componen esta provincia y elaborado por un equipo de profesionales multidisciplinarios de la Fundaci\u00f3n Global Democracia y Desarrollo (Funglode), entidad de la que Fern\u00e1ndez es presidente. El plan, lanzado en febrero de 2016, ya ha sido presentado en Santo Domingo, Santiago de los Caballeros, Nueva York, Hig\u00fcey, Barahona y Puerto Plata.<\/span><\/p>\n<\/p>\n<p><span class=\"text1noticias\">La iniciativa incluye viviendas, obras de protecci\u00f3n social, represas, mercados, hospitales, redes viales, puentes, una arena deportiva, centros tecnol\u00f3gicos comunitarios, centros culturales, el museo del arroz, edificio de oficinas gubernamentales, un centro agropecuario de procesamiento industrial del banano, proyectos ecotur\u00edsticos y  un tren de pasajeros y de carga<\/span>.<\/p>\n<\/p>\n<p>Fuente: Annia Valdez<\/p>\n<p>Encargada de prensa del doctor Leonel Fern\u00e1ndez<\/p>\n<p>Fundaci\u00f3n Global Democracia y Desarrollo (FUNGLODE)<\/p>\n<h6> 2018-02-23 09:57:38 <\/h6>\n<p><!--\n<link rel=\"stylesheet\" href=\"css\/bootstrap.min.css\">\n\n\n<ul class=\"pagination\">\n\t    \n\t\n\n<li >\n\t<a href='?page_no=6548'>Previous<\/a>\n\t<\/li>\n\n\n       \n    \n\n<li><a href='?page_no=1'>1<\/a><\/li>\n\n\n\n<li><a href='?page_no=2'>2<\/a><\/li>\n\n\n\n<li><a>...<\/a><\/li>\n\n\n\n<li><a href='?page_no=6547'>6547<\/a><\/li>\n\n\n\n<li><a href='?page_no=6548'>6548<\/a><\/li>\n\n\n\n<li class='active'><a>6549<\/a><\/li>\n\n\n\n<li><a href='?page_no=6550'>6550<\/a><\/li>\n\n\n\n<li><a href='?page_no=6551'>6551<\/a><\/li>\n\n\n\n<li><a>...<\/a><\/li>\n\n\n\n<li><a href='?page_no=36999'>36999<\/a><\/li>\n\n\n\n<li><a href='?page_no=37000'>37000<\/a><\/li>\n\n    \n\t\n\n<li >\n\t<a href='?page_no=6550'>Next<\/a>\n\t<\/li>\n\n\n    \n\n<li><a href='?page_no=37000'>Last &rsaquo;&rsaquo;<\/a><\/li>\n\n<\/ul>\n\n\n--><br \/>\n<\/body><\/p>\n","protected":false},"excerpt":{"rendered":"<p>Mao, Valverde, R. D., 23 de febrero, 2018.- El expresidente de la Rep\u00fablica, doctor Leonel Fern\u00e1ndez, present\u00f3 aqu\u00ed, ante cientos de personas, la parte del plan de desarrollo de infraestructuras \u00abRD2044\u00bb correspondiente a la provincia Valverde. El acto se llev\u00f3 a cabo en el multiuso del Centro Regional del Noroeste de la Universidad Aut\u00f3noma de [&hellip;]<\/p>\n","protected":false},"author":3,"featured_media":0,"comment_status":"open","ping_status":"open","sticky":false,"template":"","format":"standard","meta":{"footnotes":""},"categories":[22],"tags":[],"class_list":["post-171221","post","type-post","status-publish","format-standard","hentry","category-politica"],"_links":{"self":[{"href":"https:\/\/diariodominicano.com\/index.php?rest_route=\/wp\/v2\/posts\/171221","targetHints":{"allow":["GET"]}}],"collection":[{"href":"https:\/\/diariodominicano.com\/index.php?rest_route=\/wp\/v2\/posts"}],"about":[{"href":"https:\/\/diariodominicano.com\/index.php?rest_route=\/wp\/v2\/types\/post"}],"author":[{"embeddable":true,"href":"https:\/\/diariodominicano.com\/index.php?rest_route=\/wp\/v2\/users\/3"}],"replies":[{"embeddable":true,"href":"https:\/\/diariodominicano.com\/index.php?rest_route=%2Fwp%2Fv2%2Fcomments&post=171221"}],"version-history":[{"count":0,"href":"https:\/\/diariodominicano.com\/index.php?rest_route=\/wp\/v2\/posts\/171221\/revisions"}],"wp:attachment":[{"href":"https:\/\/diariodominicano.com\/index.php?rest_route=%2Fwp%2Fv2%2Fmedia&parent=171221"}],"wp:term":[{"taxonomy":"category","embeddable":true,"href":"https:\/\/diariodominicano.com\/index.php?rest_route=%2Fwp%2Fv2%2Fcategories&post=171221"},{"taxonomy":"post_tag","embeddable":true,"href":"https:\/\/diariodominicano.com\/index.php?rest_route=%2Fwp%2Fv2%2Ftags&post=171221"}],"curies":[{"name":"wp","href":"https:\/\/api.w.org\/{rel}","templated":true}]}}