{"id":171218,"date":"2018-02-23T12:43:41","date_gmt":"2018-02-23T12:43:41","guid":{"rendered":"http:\/\/diariodominicano.ddns.net\/?p=171218"},"modified":"2018-02-23T12:43:41","modified_gmt":"2018-02-23T12:43:41","slug":"prm-inicia-capacitacion-a-personal-facilitador-de-la-convencion","status":"publish","type":"post","link":"https:\/\/diariodominicano.com\/?p=171218","title":{"rendered":"PRM inicia capacitaci\u00f3n a personal facilitador de la Convenci\u00f3n"},"content":{"rendered":"<p><body><\/p>\n<p><img decoding=\"async\" src=\"img3\/capaci1.jpg\" \/>  <\/p>\n<p>Santo Domingo, RD. La Comisi\u00f3n Nacional Organizadora de la Convenci\u00f3n interna (CNO),\u00bb Claudio Caama\u00f1o Grull\u00f3n\u00bb y la Secretar\u00eda Nacional de Educaci\u00f3n y Doctrina del Partido Revolucionario Moderno (PRM) dejaron iniciado programa de capaci\u00f3n al personal que dirigir\u00e1 el evento que elegir\u00e1 la nueva directiva de la organizaci\u00f3n.<\/p>\n<\/p>\n<p>Cientos de dirigentes enlaces de las Secretarias de Organizaci\u00f3n, Electoral y la propia de Educaci\u00f3n, as\u00ed como los delegados de los candidatos a la presidencia y Secretaria General recibieron las orientaciones y los instructivos de manos de la CNO, en sendos talleres impartidos el mi\u00e9rcoles y jueves en la Casa Nacional del PRM.<\/p>\n<\/p>\n<p>Los capacitados en esta primera fase, servir\u00e1n de facilitadores a los miembros de las comisiones locales y de los organismos provinciales, municipales, regionales y zonales del partido.<\/p>\n<\/p>\n<p>Seg\u00fan el doctor Jos\u00e9 Garc\u00eda Ram\u00edrez, vicepresidente de la CNO, la capacitaci\u00f3n de los miembros de las Comisiones Locales Organizadoras (CLOs)de los 158 municipios y 234 distritos municipales, se efectuar\u00e1 en cada municipio cabecera de las 31 provincias y el Distrito Nacional, los d\u00edas 23, 24 y 25 del presente mes.<\/p>\n<\/p>\n<p>Afirm\u00f3 que, a su vez, los miembros de las CLOs capacitados en la segunda fase, en estos municipios, son los encargados de adiestrar al personal de los centros de votaci\u00f3n, en talleres a celebrarse los d\u00edas 2, 3 y 4 de marzo.<\/p>\n<\/p>\n<p>Estas fases de capacitaci\u00f3n son supervisadas por miembros de la CNO y de la Secretar\u00eda Nacional de Educaci\u00f3n y Doctrina del PRM.<\/p>\n<\/p>\n<p>Los temas a impartir en cada taller son:  Base Legal, La Constituci\u00f3n, Designaci\u00f3n y Atribuciones de las CLOs, niveles de candidaturas, la regla de la proporcionalidad, explicaci\u00f3n de la boleta de votaci\u00f3n universal, procedimientos a posibles impugnaciones, entre otros.<\/p>\n<\/p>\n<p>Otros temas ser\u00e1n: Centro de votaciones, Composici\u00f3n de estos, Atribuciones de los funcionarios en los centros de votaciones, Centro de acopio, limitaciones, horario, inicio y requisitos para estar en los centros de votaciones, as\u00ed como escrutinio y emisi\u00f3n de los resultados.<\/p>\n<\/p>\n<p>La Convenci\u00f3n est\u00e1 montada en mas de un 95 por ciento.<\/p>\n<\/p>\n<p>Seg\u00fan Garc\u00eda Ram\u00edrez, la preparaci\u00f3n de la Convenci\u00f3n est\u00e1 pr\u00e1cticamente lista, ya que tienen terminado el Padr\u00f3n interno, todos los materiales est\u00e1n en poder de la Comisi\u00f3n, con Centenares personas empac\u00e1ndolos para su correspondiente distribuci\u00f3n a cada organismo partidario, en todo el pa\u00eds.<\/p>\n<\/p>\n<p>Dijo que las boletas A para la Presidencia y Vicepresidencia y, la B para los cargos de Secretar\u00eda y Subsecretar\u00edas nacionales, fueron impresas mas de un mill\u00f3n, las cuales est\u00e1n controladas por la propia CNO.<\/p>\n<\/p>\n<p>La Convenci\u00f3n del PRM se celebrar\u00e1, la primera fase, votaci\u00f3n universal, el pr\u00f3ximo 18 de marzo, para elegir la Presidencia y la Secretar\u00eda Nacional y, 21 vicepresidencias y 21 Subsecretar\u00edas Nacionales y locales<\/p>\n<\/p>\n<p>El pr\u00f3ximo 8 de abril, est\u00e1n pautadas las convenciones para completar los dirigentes de los organismos locales y y escoger los delegados nacionales.<\/p>\n<\/p>\n<p>El 22 de abril se efectuar\u00e1 la Convenci\u00f3n Nacional de Delegados que ratificar\u00e1 a quien hayan sido electos a los cargos nacionales y elegir\u00e1 los responsables de las Secretarias y Departamentos operativos Nacionales.<\/p>\n<\/p>\n<p>Andr\u00e9s Matos<\/p>\n<h6> 2018-02-23 12:43:41 <\/h6>\n<p><!--\n<link rel=\"stylesheet\" href=\"css\/bootstrap.min.css\">\n\n\n<ul class=\"pagination\">\n\t    \n\t\n\n<li >\n\t<a href='?page_no=6545'>Previous<\/a>\n\t<\/li>\n\n\n       \n    \n\n<li><a href='?page_no=1'>1<\/a><\/li>\n\n\n\n<li><a href='?page_no=2'>2<\/a><\/li>\n\n\n\n<li><a>...<\/a><\/li>\n\n\n\n<li><a href='?page_no=6544'>6544<\/a><\/li>\n\n\n\n<li><a href='?page_no=6545'>6545<\/a><\/li>\n\n\n\n<li class='active'><a>6546<\/a><\/li>\n\n\n\n<li><a href='?page_no=6547'>6547<\/a><\/li>\n\n\n\n<li><a href='?page_no=6548'>6548<\/a><\/li>\n\n\n\n<li><a>...<\/a><\/li>\n\n\n\n<li><a href='?page_no=36999'>36999<\/a><\/li>\n\n\n\n<li><a href='?page_no=37000'>37000<\/a><\/li>\n\n    \n\t\n\n<li >\n\t<a href='?page_no=6547'>Next<\/a>\n\t<\/li>\n\n\n    \n\n<li><a href='?page_no=37000'>Last &rsaquo;&rsaquo;<\/a><\/li>\n\n<\/ul>\n\n\n--><br \/>\n<\/body><\/p>\n","protected":false},"excerpt":{"rendered":"<p>Santo Domingo, RD. La Comisi\u00f3n Nacional Organizadora de la Convenci\u00f3n interna (CNO),\u00bb Claudio Caama\u00f1o Grull\u00f3n\u00bb y la Secretar\u00eda Nacional de Educaci\u00f3n y Doctrina del Partido Revolucionario Moderno (PRM) dejaron iniciado programa de capaci\u00f3n al personal que dirigir\u00e1 el evento que elegir\u00e1 la nueva directiva de la organizaci\u00f3n. Cientos de dirigentes enlaces de las Secretarias de [&hellip;]<\/p>\n","protected":false},"author":3,"featured_media":0,"comment_status":"open","ping_status":"open","sticky":false,"template":"","format":"standard","meta":{"footnotes":""},"categories":[22],"tags":[],"class_list":["post-171218","post","type-post","status-publish","format-standard","hentry","category-politica"],"_links":{"self":[{"href":"https:\/\/diariodominicano.com\/index.php?rest_route=\/wp\/v2\/posts\/171218","targetHints":{"allow":["GET"]}}],"collection":[{"href":"https:\/\/diariodominicano.com\/index.php?rest_route=\/wp\/v2\/posts"}],"about":[{"href":"https:\/\/diariodominicano.com\/index.php?rest_route=\/wp\/v2\/types\/post"}],"author":[{"embeddable":true,"href":"https:\/\/diariodominicano.com\/index.php?rest_route=\/wp\/v2\/users\/3"}],"replies":[{"embeddable":true,"href":"https:\/\/diariodominicano.com\/index.php?rest_route=%2Fwp%2Fv2%2Fcomments&post=171218"}],"version-history":[{"count":0,"href":"https:\/\/diariodominicano.com\/index.php?rest_route=\/wp\/v2\/posts\/171218\/revisions"}],"wp:attachment":[{"href":"https:\/\/diariodominicano.com\/index.php?rest_route=%2Fwp%2Fv2%2Fmedia&parent=171218"}],"wp:term":[{"taxonomy":"category","embeddable":true,"href":"https:\/\/diariodominicano.com\/index.php?rest_route=%2Fwp%2Fv2%2Fcategories&post=171218"},{"taxonomy":"post_tag","embeddable":true,"href":"https:\/\/diariodominicano.com\/index.php?rest_route=%2Fwp%2Fv2%2Ftags&post=171218"}],"curies":[{"name":"wp","href":"https:\/\/api.w.org\/{rel}","templated":true}]}}