{"id":171216,"date":"2018-02-23T13:04:08","date_gmt":"2018-02-23T13:04:08","guid":{"rendered":"http:\/\/diariodominicano.ddns.net\/?p=171216"},"modified":"2018-02-23T13:04:08","modified_gmt":"2018-02-23T13:04:08","slug":"secretario-asuntos-economicos-del-pld-considera-envidiable-crecimiento-economico-dominicano-en-el-2017","status":"publish","type":"post","link":"https:\/\/diariodominicano.com\/?p=171216","title":{"rendered":"Secretario Asuntos Econ\u00f3micos del PLD considera envidiable crecimiento econ\u00f3mico dominicano en el 2017"},"content":{"rendered":"<p><body><\/p>\n<p><img decoding=\"async\" src=\"img3\/pondera.jpg\" \/>  <\/p>\n<p>El titular de la Secretar\u00eda de Asuntos Econ\u00f3micos del Partido de la Liberaci\u00f3n Dominicana, Daniel Toribio, ponder\u00f3 el informe del Fondo Monetario Internacional (FMI) sobre la econom\u00eda dominicana en el que se destaca  el  buen desempe\u00f1o, as\u00ed como los resultados de la econom\u00eda dominicana en el 2017 presentados por el Banco Central de Rep\u00fablica Dominicana que se\u00f1ala un crecimiento de un 4.6 por ciento del Producto Interno Bruto (PIB).<\/p>\n<\/p>\n<p>Toribio en un escrito en Vanguardia del Pueblo  comenta que,  de acuerdo al informe del Banco Central la inflaci\u00f3n anual fue de un 4.2%, un poco por encima del centro de rango de meta; aunque la inflaci\u00f3n subyacente, que es m\u00e1s importante porque no est\u00e1 sujeta a variaciones coyunturales, fue de un 2.36%, y un indicador que normalmente no se destaca, pero que es uno de los m\u00e1s valorados por los analistas del mercado internacional, el saldo de cuenta corriente que fue de -0.2 el m\u00e1s bajo en m\u00e1s de una d\u00e9cada.<\/p>\n<\/p>\n<p>\u00abAlgunos economistas han reflejado su preocupaci\u00f3n por este crecimiento del PIB, por debajo del 5%, que es el potencial de la econom\u00eda dominicana, y muy por debajo del estimado para el 2017, llegando a decir que se iniciaba un proceso de ca\u00edda del PIB\u00bb, subray\u00f3 Toribio en su art\u00edculo titulado \u00abLa Econom\u00eda en el 2017 y el Informe del FMI\u00bb.<\/p>\n<\/p>\n<p>El secretario de Finanzas  signific\u00f3 que para Am\u00e9rica Latina y el Caribe, y para la mayor\u00eda de los pa\u00edses del mundo, un 4.6% de crecimiento es envidiable y que seg\u00fan la Comisi\u00f3n Econ\u00f3mica para Am\u00e9rica Latina (CEPAL), la regi\u00f3n, incluyendo el Caribe, creci\u00f3 en el 2017 en un 1.3%; es decir, nosotros crecimos 3.3 puntos porcentuales por encima del promedio y tuvimos un crecimiento mayor que 30 de los pa\u00edses de la regi\u00f3n.<\/p>\n<\/p>\n<p>Manifiesta que las estimaciones del FMI para este a\u00f1o son halag\u00fce\u00f1as 5.5%, y para los a\u00f1os por venir de un 5% que es el potencial de la econom\u00eda, explicando que existen grandes retos tales como  hacer una reforma integral que le ponga m\u00e1s m\u00fasculos y menos grasa al Estado dominicano, enfrentando una cultura clientelista enraizada en el escenario pol\u00edtico.<\/p>\n<\/p>\n<p>\u00abUna reforma impositiva que disminuya el gasto tributario que focalice los incentivos, lo que obliga a enfrentar la cultura de que todo el mundo quiere que no le quiten sus incentivos, o que no le cobren o fiscalicen los que deben pagar, y debemos incrementar el gasto social para mejora la calidad de vida de los m\u00e1s vulnerables. Todo esto va a requerir un compromiso multipartidario y multisectorial\u00bb, concluy\u00f3.<\/p>\n<h6> 2018-02-23 13:04:08 <\/h6>\n<p><!--\n<link rel=\"stylesheet\" href=\"css\/bootstrap.min.css\">\n\n\n<ul class=\"pagination\">\n\t    \n\t\n\n<li >\n\t<a href='?page_no=6543'>Previous<\/a>\n\t<\/li>\n\n\n       \n    \n\n<li><a href='?page_no=1'>1<\/a><\/li>\n\n\n\n<li><a href='?page_no=2'>2<\/a><\/li>\n\n\n\n<li><a>...<\/a><\/li>\n\n\n\n<li><a href='?page_no=6542'>6542<\/a><\/li>\n\n\n\n<li><a href='?page_no=6543'>6543<\/a><\/li>\n\n\n\n<li class='active'><a>6544<\/a><\/li>\n\n\n\n<li><a href='?page_no=6545'>6545<\/a><\/li>\n\n\n\n<li><a href='?page_no=6546'>6546<\/a><\/li>\n\n\n\n<li><a>...<\/a><\/li>\n\n\n\n<li><a href='?page_no=36999'>36999<\/a><\/li>\n\n\n\n<li><a href='?page_no=37000'>37000<\/a><\/li>\n\n    \n\t\n\n<li >\n\t<a href='?page_no=6545'>Next<\/a>\n\t<\/li>\n\n\n    \n\n<li><a href='?page_no=37000'>Last &rsaquo;&rsaquo;<\/a><\/li>\n\n<\/ul>\n\n\n--><br \/>\n<\/body><\/p>\n","protected":false},"excerpt":{"rendered":"<p>El titular de la Secretar\u00eda de Asuntos Econ\u00f3micos del Partido de la Liberaci\u00f3n Dominicana, Daniel Toribio, ponder\u00f3 el informe del Fondo Monetario Internacional (FMI) sobre la econom\u00eda dominicana en el que se destaca el buen desempe\u00f1o, as\u00ed como los resultados de la econom\u00eda dominicana en el 2017 presentados por el Banco Central de Rep\u00fablica Dominicana [&hellip;]<\/p>\n","protected":false},"author":3,"featured_media":0,"comment_status":"open","ping_status":"open","sticky":false,"template":"","format":"standard","meta":{"footnotes":""},"categories":[22],"tags":[],"class_list":["post-171216","post","type-post","status-publish","format-standard","hentry","category-politica"],"_links":{"self":[{"href":"https:\/\/diariodominicano.com\/index.php?rest_route=\/wp\/v2\/posts\/171216","targetHints":{"allow":["GET"]}}],"collection":[{"href":"https:\/\/diariodominicano.com\/index.php?rest_route=\/wp\/v2\/posts"}],"about":[{"href":"https:\/\/diariodominicano.com\/index.php?rest_route=\/wp\/v2\/types\/post"}],"author":[{"embeddable":true,"href":"https:\/\/diariodominicano.com\/index.php?rest_route=\/wp\/v2\/users\/3"}],"replies":[{"embeddable":true,"href":"https:\/\/diariodominicano.com\/index.php?rest_route=%2Fwp%2Fv2%2Fcomments&post=171216"}],"version-history":[{"count":0,"href":"https:\/\/diariodominicano.com\/index.php?rest_route=\/wp\/v2\/posts\/171216\/revisions"}],"wp:attachment":[{"href":"https:\/\/diariodominicano.com\/index.php?rest_route=%2Fwp%2Fv2%2Fmedia&parent=171216"}],"wp:term":[{"taxonomy":"category","embeddable":true,"href":"https:\/\/diariodominicano.com\/index.php?rest_route=%2Fwp%2Fv2%2Fcategories&post=171216"},{"taxonomy":"post_tag","embeddable":true,"href":"https:\/\/diariodominicano.com\/index.php?rest_route=%2Fwp%2Fv2%2Ftags&post=171216"}],"curies":[{"name":"wp","href":"https:\/\/api.w.org\/{rel}","templated":true}]}}