{"id":171214,"date":"2018-02-23T22:18:32","date_gmt":"2018-02-23T22:18:32","guid":{"rendered":"http:\/\/diariodominicano.ddns.net\/?p=171214"},"modified":"2018-02-23T22:18:32","modified_gmt":"2018-02-23T22:18:32","slug":"consejo-electoral-venezolano-descarta-adelantar-elecciones-legislativas-para-el-22-de-abril","status":"publish","type":"post","link":"https:\/\/diariodominicano.com\/?p=171214","title":{"rendered":"Consejo Electoral venezolano descarta adelantar elecciones legislativas para el 22 de abril"},"content":{"rendered":"<p><body><\/p>\n<p><img decoding=\"async\" src=\"img3\/136995174_15194388410841n.jpg\" \/>  <\/p>\n<p><strong>   CARACAS, 23 feb (Xinhua) &#8212;<\/strong> El Consejo Nacional Electoral (CNE) de Venezuela descart\u00f3 hoy viernes adelantar las elecciones de la Asamblea Nacional (AN, Congreso) para el 22 de abril, fecha en que se realizar\u00e1n los comicios presidenciales.<\/p>\n<\/p>\n<p>   Tras recibir la propuesta de la l\u00edder de la Asamblea Nacional Constituyente (ANC), Delcy Rodr\u00edguez, la presidenta del CNE, Tibisay Lucena, afirm\u00f3 que evaluar\u00e1n una fecha posterior para celebrar tambi\u00e9n los comicios legislativos regionales y los de los concejos municipales.<\/p>\n<\/p>\n<p>   \u00abNo estamos ahorita preparados para hacer conjunta una elecci\u00f3n presidencial con otras elecciones que son t\u00e9cnicamente mucho m\u00e1s complejas\u00bb, indic\u00f3 la m\u00e1xima autoridad electoral.<\/p>\n<\/p>\n<p>   Lucena agreg\u00f3 que \u00abs\u00ed vamos a evaluar la posibilidad de fechas posteriores con posibilidades t\u00e9cnicas\u00bb.<\/p>\n<\/p>\n<p>   Durante una rueda de prensa, explic\u00f3 que el cronograma aprobado de cara a las elecciones presidenciales \u00abest\u00e1 sumamente adelantado\u00bb, por lo cual el Consejo Electoral har\u00e1 la evaluaci\u00f3n sobre la fecha pertinente para los otros comicios.<\/p>\n<\/p>\n<p>   \u00abEl 22 de abril la elecci\u00f3n que est\u00e1 convocada es la elecci\u00f3n presidencial. El CNE est\u00e1 preparado y se est\u00e1 preparando para un cronograma sumamente adelantado (sobre las presidenciales)\u00bb, reiter\u00f3.<\/p>\n<\/p>\n<p>   Sobre dicho cronograma, Lucena se\u00f1al\u00f3 que \u00abel CNE est\u00e1 trabajando en todas sus actividades (respectivas), con todos los lapsos que nos permite la ley, de manera tal que podamos dar las garant\u00edas electorales\u00bb.<\/p>\n<\/p>\n<p>   La presidenta del CNE dijo que de cara a esas elecciones \u00abm\u00e1s del 90 por ciento de las organizaciones con fines pol\u00edticos legales en Venezuela ha presentado los autorizados para postularse\u00bb.<\/p>\n<\/p>\n<p>   Lucena respondi\u00f3 as\u00ed al planteamiento de la ANC, tras la propuesta del presidente venezolano, Nicol\u00e1s Maduro, de adelantar las elecciones legislativas regionales y municipales. Fin<\/p>\n<h6> 2018-02-23 22:18:32 <\/h6>\n<p><!--\n<link rel=\"stylesheet\" href=\"css\/bootstrap.min.css\">\n\n\n<ul class=\"pagination\">\n\t    \n\t\n\n<li >\n\t<a href='?page_no=6541'>Previous<\/a>\n\t<\/li>\n\n\n       \n    \n\n<li><a href='?page_no=1'>1<\/a><\/li>\n\n\n\n<li><a href='?page_no=2'>2<\/a><\/li>\n\n\n\n<li><a>...<\/a><\/li>\n\n\n\n<li><a href='?page_no=6540'>6540<\/a><\/li>\n\n\n\n<li><a href='?page_no=6541'>6541<\/a><\/li>\n\n\n\n<li class='active'><a>6542<\/a><\/li>\n\n\n\n<li><a href='?page_no=6543'>6543<\/a><\/li>\n\n\n\n<li><a href='?page_no=6544'>6544<\/a><\/li>\n\n\n\n<li><a>...<\/a><\/li>\n\n\n\n<li><a href='?page_no=36999'>36999<\/a><\/li>\n\n\n\n<li><a href='?page_no=37000'>37000<\/a><\/li>\n\n    \n\t\n\n<li >\n\t<a href='?page_no=6543'>Next<\/a>\n\t<\/li>\n\n\n    \n\n<li><a href='?page_no=37000'>Last &rsaquo;&rsaquo;<\/a><\/li>\n\n<\/ul>\n\n\n--><br \/>\n<\/body><\/p>\n","protected":false},"excerpt":{"rendered":"<p>CARACAS, 23 feb (Xinhua) &#8212; El Consejo Nacional Electoral (CNE) de Venezuela descart\u00f3 hoy viernes adelantar las elecciones de la Asamblea Nacional (AN, Congreso) para el 22 de abril, fecha en que se realizar\u00e1n los comicios presidenciales. Tras recibir la propuesta de la l\u00edder de la Asamblea Nacional Constituyente (ANC), Delcy Rodr\u00edguez, la presidenta del [&hellip;]<\/p>\n","protected":false},"author":3,"featured_media":0,"comment_status":"open","ping_status":"open","sticky":false,"template":"","format":"standard","meta":{"footnotes":""},"categories":[22],"tags":[],"class_list":["post-171214","post","type-post","status-publish","format-standard","hentry","category-politica"],"_links":{"self":[{"href":"https:\/\/diariodominicano.com\/index.php?rest_route=\/wp\/v2\/posts\/171214","targetHints":{"allow":["GET"]}}],"collection":[{"href":"https:\/\/diariodominicano.com\/index.php?rest_route=\/wp\/v2\/posts"}],"about":[{"href":"https:\/\/diariodominicano.com\/index.php?rest_route=\/wp\/v2\/types\/post"}],"author":[{"embeddable":true,"href":"https:\/\/diariodominicano.com\/index.php?rest_route=\/wp\/v2\/users\/3"}],"replies":[{"embeddable":true,"href":"https:\/\/diariodominicano.com\/index.php?rest_route=%2Fwp%2Fv2%2Fcomments&post=171214"}],"version-history":[{"count":0,"href":"https:\/\/diariodominicano.com\/index.php?rest_route=\/wp\/v2\/posts\/171214\/revisions"}],"wp:attachment":[{"href":"https:\/\/diariodominicano.com\/index.php?rest_route=%2Fwp%2Fv2%2Fmedia&parent=171214"}],"wp:term":[{"taxonomy":"category","embeddable":true,"href":"https:\/\/diariodominicano.com\/index.php?rest_route=%2Fwp%2Fv2%2Fcategories&post=171214"},{"taxonomy":"post_tag","embeddable":true,"href":"https:\/\/diariodominicano.com\/index.php?rest_route=%2Fwp%2Fv2%2Ftags&post=171214"}],"curies":[{"name":"wp","href":"https:\/\/api.w.org\/{rel}","templated":true}]}}