{"id":171210,"date":"2018-02-24T08:46:05","date_gmt":"2018-02-24T08:46:05","guid":{"rendered":"http:\/\/diariodominicano.ddns.net\/?p=171210"},"modified":"2018-02-24T08:46:05","modified_gmt":"2018-02-24T08:46:05","slug":"comite-central-del-pcch-celebrara-tercera-sesion-plenaria-del-26-al-28-de-febrero","status":"publish","type":"post","link":"https:\/\/diariodominicano.com\/?p=171210","title":{"rendered":"Comit\u00e9 Central del PCCh celebrar\u00e1 tercera sesi\u00f3n plenaria del 26 al 28 de febrero"},"content":{"rendered":"<p><body><\/p>\n<p><strong>BEIJING, 24 feb (Xinhua) <\/strong>&#8212; La tercera sesi\u00f3n plenaria del XIX Comit\u00e9 Central del Partido Comunista de China (PCCh) se celebrar\u00e1 del 26 al 28 de febrero en Beijing, seg\u00fan una decisi\u00f3n tomada hoy s\u00e1bado en una reuni\u00f3n del Bur\u00f3 Pol\u00edtico del Comit\u00e9 Central del PCCh.<\/p>\n<\/p>\n<p>Xi Jinping, secretario general del Comit\u00e9 Central del PCCh, presidi\u00f3 la reuni\u00f3n.<\/p>\n<\/p>\n<p>En el encuentro, el Bur\u00f3 Pol\u00edtico debati\u00f3 sobre la lista de candidatos propuestos para puestos de liderazgo del Estado, que se presentar\u00e1 a la primera sesi\u00f3n de la XIII Asamblea Popular Nacional (APN), y una propuesta de lista de candidatos para la direcci\u00f3n del Comit\u00e9 Nacional de la Conferencia Consultiva Pol\u00edtica del Pueblo Chino (CCPPCh), que se presentar\u00e1 a la primera sesi\u00f3n del XIII Comit\u00e9 Nacional de la CCPPCh, que se celebrar\u00e1 en marzo.<\/p>\n<\/p>\n<p>Habr\u00e1 m\u00e1s deliberaci\u00f3n sobre las listas en la tercera sesi\u00f3n plenaria del Comit\u00e9 Central del PCCh.<\/p>\n<\/p>\n<h6> 2018-02-24 08:46:05 <\/h6>\n<p><!--\n<link rel=\"stylesheet\" href=\"css\/bootstrap.min.css\">\n\n\n<ul class=\"pagination\">\n\t    \n\t\n\n<li >\n\t<a href='?page_no=6538'>Previous<\/a>\n\t<\/li>\n\n\n       \n    \n\n<li><a href='?page_no=1'>1<\/a><\/li>\n\n\n\n<li><a href='?page_no=2'>2<\/a><\/li>\n\n\n\n<li><a>...<\/a><\/li>\n\n\n\n<li><a href='?page_no=6537'>6537<\/a><\/li>\n\n\n\n<li><a href='?page_no=6538'>6538<\/a><\/li>\n\n\n\n<li class='active'><a>6539<\/a><\/li>\n\n\n\n<li><a href='?page_no=6540'>6540<\/a><\/li>\n\n\n\n<li><a href='?page_no=6541'>6541<\/a><\/li>\n\n\n\n<li><a>...<\/a><\/li>\n\n\n\n<li><a href='?page_no=36999'>36999<\/a><\/li>\n\n\n\n<li><a href='?page_no=37000'>37000<\/a><\/li>\n\n    \n\t\n\n<li >\n\t<a href='?page_no=6540'>Next<\/a>\n\t<\/li>\n\n\n    \n\n<li><a href='?page_no=37000'>Last &rsaquo;&rsaquo;<\/a><\/li>\n\n<\/ul>\n\n\n--><br \/>\n<\/body><\/p>\n","protected":false},"excerpt":{"rendered":"<p>BEIJING, 24 feb (Xinhua) &#8212; La tercera sesi\u00f3n plenaria del XIX Comit\u00e9 Central del Partido Comunista de China (PCCh) se celebrar\u00e1 del 26 al 28 de febrero en Beijing, seg\u00fan una decisi\u00f3n tomada hoy s\u00e1bado en una reuni\u00f3n del Bur\u00f3 Pol\u00edtico del Comit\u00e9 Central del PCCh. Xi Jinping, secretario general del Comit\u00e9 Central del PCCh, [&hellip;]<\/p>\n","protected":false},"author":3,"featured_media":0,"comment_status":"open","ping_status":"open","sticky":false,"template":"","format":"standard","meta":{"footnotes":""},"categories":[22],"tags":[],"class_list":["post-171210","post","type-post","status-publish","format-standard","hentry","category-politica"],"_links":{"self":[{"href":"https:\/\/diariodominicano.com\/index.php?rest_route=\/wp\/v2\/posts\/171210","targetHints":{"allow":["GET"]}}],"collection":[{"href":"https:\/\/diariodominicano.com\/index.php?rest_route=\/wp\/v2\/posts"}],"about":[{"href":"https:\/\/diariodominicano.com\/index.php?rest_route=\/wp\/v2\/types\/post"}],"author":[{"embeddable":true,"href":"https:\/\/diariodominicano.com\/index.php?rest_route=\/wp\/v2\/users\/3"}],"replies":[{"embeddable":true,"href":"https:\/\/diariodominicano.com\/index.php?rest_route=%2Fwp%2Fv2%2Fcomments&post=171210"}],"version-history":[{"count":0,"href":"https:\/\/diariodominicano.com\/index.php?rest_route=\/wp\/v2\/posts\/171210\/revisions"}],"wp:attachment":[{"href":"https:\/\/diariodominicano.com\/index.php?rest_route=%2Fwp%2Fv2%2Fmedia&parent=171210"}],"wp:term":[{"taxonomy":"category","embeddable":true,"href":"https:\/\/diariodominicano.com\/index.php?rest_route=%2Fwp%2Fv2%2Fcategories&post=171210"},{"taxonomy":"post_tag","embeddable":true,"href":"https:\/\/diariodominicano.com\/index.php?rest_route=%2Fwp%2Fv2%2Ftags&post=171210"}],"curies":[{"name":"wp","href":"https:\/\/api.w.org\/{rel}","templated":true}]}}