{"id":171209,"date":"2018-02-24T10:31:44","date_gmt":"2018-02-24T10:31:44","guid":{"rendered":"http:\/\/diariodominicano.ddns.net\/?p=171209"},"modified":"2018-02-24T10:31:44","modified_gmt":"2018-02-24T10:31:44","slug":"izquierda-espanola-pide-parar-retroceso-social-impuesto-por-rajoy","status":"publish","type":"post","link":"https:\/\/diariodominicano.com\/?p=171209","title":{"rendered":"Izquierda espa\u00f1ola pide parar retroceso social impuesto por Rajoy"},"content":{"rendered":"<p><body><\/p>\n<p><strong>Madrid, 24 feb (PL)<\/strong> El l\u00edder de Izquierda Unida (IU), Alberto Garz\u00f3n, llam\u00f3 hoy a los partidos y movimientos progresistas a dise\u00f1ar un nuevo proyecto de pa\u00eds para acabar con el retroceso social impuesto por el gobierno conservador de Mariano Rajoy.<\/p>\n<\/p>\n<p>Garz\u00f3n lanz\u00f3 este mensaje durante la presentaci\u00f3n en el distrito madrile\u00f1o de Vallecas de la campa\u00f1a Paremos a la derecha. Construyamos un nuevo pa\u00eds, concebida por IU para defender los derechos sociales y la democracia.<\/p>\n<\/p>\n<p>En concreto, el joven pol\u00edtico pidi\u00f3 articular un modelo de pa\u00eds para varias d\u00e9cadas que termine con el discurso de supuesta recuperaci\u00f3n econ\u00f3mica defendido por Rajoy y sus aliados liberales de Ciudadanos.<\/p>\n<\/p>\n<p>Lo que nos jugamos es la forma de acceder a los servicios fundamentales, como son la educaci\u00f3n, la sanidad o las prestaciones sociales, advirti\u00f3 el coordinador federal de IU en el acto celebrado este s\u00e1bado en Vallecas, barrio de tradici\u00f3n obrera y contestataria.<\/p>\n<\/p>\n<p>Denunci\u00f3 que la clase trabajadora de Espa\u00f1a vive en un estadio de precariedad permanente, con salarios de miseria, contratos temporales, empleo sin calidad.<\/p>\n<\/p>\n<p>Esta situaci\u00f3n, subray\u00f3, impide crear un proyecto m\u00ednimo de vida, formar una familia, adquirir una vivienda o irse de vacaciones.<\/p>\n<\/p>\n<p>Insisti\u00f3 en que la recuperaci\u00f3n econ\u00f3mica de la que habla el ejecutivo del derechista Partido Popular es una mentira que no conecta con la realidad de la mayor\u00eda de la sociedad de esta naci\u00f3n europea.<\/p>\n<\/p>\n<p>Nos dicen que ahorremos, pero su verdadero lema es s\u00e1lvese quien pueda y su pensamiento filos\u00f3fico es el de mu\u00e9rete lo antes posible y as\u00ed funcionar\u00e1 el sistema de pensiones.<\/p>\n<\/p>\n<p>A su juicio, todo ello, aunque pareciera disperso, obedece a un plan orquestado por la derecha, que busca imponer por la fuerza sus prop\u00f3sitos para muchos a\u00f1os.<\/p>\n<\/p>\n<p>Para Garz\u00f3n, la confluencia pol\u00edtica de la izquierda es el instrumento necesario para dar la batalla.<\/p>\n<\/p>\n<p>&#8216;Si no nos ponemos de acuerdo con el modelo de pa\u00eds, otros lo har\u00e1n por nosotros&#8217;, enfatiz\u00f3 el dirigente, para a\u00f1adir que &#8216;esta es la disputa: Si la izquierda no es capaz de hacerlo, lo har\u00e1 la derecha&#8217;.<\/p>\n<\/p>\n<p>pgh\/edu<\/p>\n<h6> 2018-02-24 10:31:44 <\/h6>\n<p><!--\n<link rel=\"stylesheet\" href=\"css\/bootstrap.min.css\">\n\n\n<ul class=\"pagination\">\n\t    \n\t\n\n<li >\n\t<a href='?page_no=6537'>Previous<\/a>\n\t<\/li>\n\n\n       \n    \n\n<li><a href='?page_no=1'>1<\/a><\/li>\n\n\n\n<li><a href='?page_no=2'>2<\/a><\/li>\n\n\n\n<li><a>...<\/a><\/li>\n\n\n\n<li><a href='?page_no=6536'>6536<\/a><\/li>\n\n\n\n<li><a href='?page_no=6537'>6537<\/a><\/li>\n\n\n\n<li class='active'><a>6538<\/a><\/li>\n\n\n\n<li><a href='?page_no=6539'>6539<\/a><\/li>\n\n\n\n<li><a href='?page_no=6540'>6540<\/a><\/li>\n\n\n\n<li><a>...<\/a><\/li>\n\n\n\n<li><a href='?page_no=36999'>36999<\/a><\/li>\n\n\n\n<li><a href='?page_no=37000'>37000<\/a><\/li>\n\n    \n\t\n\n<li >\n\t<a href='?page_no=6539'>Next<\/a>\n\t<\/li>\n\n\n    \n\n<li><a href='?page_no=37000'>Last &rsaquo;&rsaquo;<\/a><\/li>\n\n<\/ul>\n\n\n--><br \/>\n<\/body><\/p>\n","protected":false},"excerpt":{"rendered":"<p>Madrid, 24 feb (PL) El l\u00edder de Izquierda Unida (IU), Alberto Garz\u00f3n, llam\u00f3 hoy a los partidos y movimientos progresistas a dise\u00f1ar un nuevo proyecto de pa\u00eds para acabar con el retroceso social impuesto por el gobierno conservador de Mariano Rajoy. Garz\u00f3n lanz\u00f3 este mensaje durante la presentaci\u00f3n en el distrito madrile\u00f1o de Vallecas de [&hellip;]<\/p>\n","protected":false},"author":3,"featured_media":0,"comment_status":"open","ping_status":"open","sticky":false,"template":"","format":"standard","meta":{"footnotes":""},"categories":[22],"tags":[],"class_list":["post-171209","post","type-post","status-publish","format-standard","hentry","category-politica"],"_links":{"self":[{"href":"https:\/\/diariodominicano.com\/index.php?rest_route=\/wp\/v2\/posts\/171209","targetHints":{"allow":["GET"]}}],"collection":[{"href":"https:\/\/diariodominicano.com\/index.php?rest_route=\/wp\/v2\/posts"}],"about":[{"href":"https:\/\/diariodominicano.com\/index.php?rest_route=\/wp\/v2\/types\/post"}],"author":[{"embeddable":true,"href":"https:\/\/diariodominicano.com\/index.php?rest_route=\/wp\/v2\/users\/3"}],"replies":[{"embeddable":true,"href":"https:\/\/diariodominicano.com\/index.php?rest_route=%2Fwp%2Fv2%2Fcomments&post=171209"}],"version-history":[{"count":0,"href":"https:\/\/diariodominicano.com\/index.php?rest_route=\/wp\/v2\/posts\/171209\/revisions"}],"wp:attachment":[{"href":"https:\/\/diariodominicano.com\/index.php?rest_route=%2Fwp%2Fv2%2Fmedia&parent=171209"}],"wp:term":[{"taxonomy":"category","embeddable":true,"href":"https:\/\/diariodominicano.com\/index.php?rest_route=%2Fwp%2Fv2%2Fcategories&post=171209"},{"taxonomy":"post_tag","embeddable":true,"href":"https:\/\/diariodominicano.com\/index.php?rest_route=%2Fwp%2Fv2%2Ftags&post=171209"}],"curies":[{"name":"wp","href":"https:\/\/api.w.org\/{rel}","templated":true}]}}