{"id":171208,"date":"2018-02-24T11:51:17","date_gmt":"2018-02-24T11:51:17","guid":{"rendered":"http:\/\/diariodominicano.ddns.net\/?p=171208"},"modified":"2018-02-24T11:51:17","modified_gmt":"2018-02-24T11:51:17","slug":"alianza-pais-anuncia-planton-anticorrupcion-para-conmemorar-independencia","status":"publish","type":"post","link":"https:\/\/diariodominicano.com\/?p=171208","title":{"rendered":"Alianza Pa\u00eds anuncia plant\u00f3n anticorrupci\u00f3n para conmemorar independencia"},"content":{"rendered":"<p><body><\/p>\n<p><img decoding=\"async\" src=\"img3\/alia2.jpg\" \/>  <\/p>\n<p><strong>Por Freddy P. Galarza<\/strong> <\/p>\n<\/p>\n<p><strong>NEW YORK, 24 de febrero de 2018.- <\/strong>La seccional del Partido Alianza Pa\u00eds anunci\u00f3 la realizaci\u00f3n de un plant\u00f3n anticorrupci\u00f3n este 27 de Febrero, para conmemorar el 174 aniversario de la independencia dominicana .<\/p>\n<\/p>\n<p>Eddy Mart\u00ednez, coordinador de prensa y propaganda de la organizaci\u00f3n pol\u00edtica dijo que el acto p\u00fablico se efectuar\u00e1 en la interseci\u00f3n de la calle 181 y avenida San N\u00edcholas a partir de las 5: 30 PM, en el Alto Manhattan . <\/p>\n<\/p>\n<p>Sostuvo que con dicho evento tambi\u00e9n se demandar\u00e1 que el presidente Danilo Medina, y otros dirigentes pol\u00edticos que han regenteados el pa\u00eds en los \u00faltimos 18 a\u00f1os, sean incluidos e investigados en el expediente Odebrecht .<\/p>\n<\/p>\n<p>\u00abEstaremos denunciando los exagerados precios en los servicios consulares que brinda el gobierno de Medina, atrav\u00e9s de los consulados\u00bb, dijo .<\/p>\n<\/p>\n<p>Mart\u00ednez, puso como ejemplo que cuando un ciudadano va al consulado a sacar un pasaporte por p\u00e9rdida cobran 35 d\u00f3lares para entregarle una carta notariada para \u00e9ste ir al precinto policial a informal de la p\u00e9rdida de dicho documento, lo cual puede hacer el ciudadano sin mediaci\u00f3n consular alguna.<\/p>\n<\/p>\n<p>A\u00f1adi\u00f3 el dirigente de Apa\u00eds, que a esto se suma el cobro de 175, d\u00f3lares m\u00e1s para en ocho d\u00edas hacerle entrega del duplicado . <\/p>\n<\/p>\n<p>Manifest\u00f3 que la actividad como otras que se realizar\u00e1n se inscriben en la determinaci\u00f3n de ejercer una real oposici\u00f3n a un gobierno insensible frente al sufrimiento de la mayor\u00eda .<\/p>\n<\/p>\n<p>freddy.galarza@yahoo.com<\/p>\n<h6> 2018-02-24 11:51:17 <\/h6>\n<p><!--\n<link rel=\"stylesheet\" href=\"css\/bootstrap.min.css\">\n\n\n<ul class=\"pagination\">\n\t    \n\t\n\n<li >\n\t<a href='?page_no=6536'>Previous<\/a>\n\t<\/li>\n\n\n       \n    \n\n<li><a href='?page_no=1'>1<\/a><\/li>\n\n\n\n<li><a href='?page_no=2'>2<\/a><\/li>\n\n\n\n<li><a>...<\/a><\/li>\n\n\n\n<li><a href='?page_no=6535'>6535<\/a><\/li>\n\n\n\n<li><a href='?page_no=6536'>6536<\/a><\/li>\n\n\n\n<li class='active'><a>6537<\/a><\/li>\n\n\n\n<li><a href='?page_no=6538'>6538<\/a><\/li>\n\n\n\n<li><a href='?page_no=6539'>6539<\/a><\/li>\n\n\n\n<li><a>...<\/a><\/li>\n\n\n\n<li><a href='?page_no=36999'>36999<\/a><\/li>\n\n\n\n<li><a href='?page_no=37000'>37000<\/a><\/li>\n\n    \n\t\n\n<li >\n\t<a href='?page_no=6538'>Next<\/a>\n\t<\/li>\n\n\n    \n\n<li><a href='?page_no=37000'>Last &rsaquo;&rsaquo;<\/a><\/li>\n\n<\/ul>\n\n\n--><br \/>\n<\/body><\/p>\n","protected":false},"excerpt":{"rendered":"<p>Por Freddy P. Galarza NEW YORK, 24 de febrero de 2018.- La seccional del Partido Alianza Pa\u00eds anunci\u00f3 la realizaci\u00f3n de un plant\u00f3n anticorrupci\u00f3n este 27 de Febrero, para conmemorar el 174 aniversario de la independencia dominicana . Eddy Mart\u00ednez, coordinador de prensa y propaganda de la organizaci\u00f3n pol\u00edtica dijo que el acto p\u00fablico se [&hellip;]<\/p>\n","protected":false},"author":3,"featured_media":0,"comment_status":"open","ping_status":"open","sticky":false,"template":"","format":"standard","meta":{"footnotes":""},"categories":[22],"tags":[],"class_list":["post-171208","post","type-post","status-publish","format-standard","hentry","category-politica"],"_links":{"self":[{"href":"https:\/\/diariodominicano.com\/index.php?rest_route=\/wp\/v2\/posts\/171208","targetHints":{"allow":["GET"]}}],"collection":[{"href":"https:\/\/diariodominicano.com\/index.php?rest_route=\/wp\/v2\/posts"}],"about":[{"href":"https:\/\/diariodominicano.com\/index.php?rest_route=\/wp\/v2\/types\/post"}],"author":[{"embeddable":true,"href":"https:\/\/diariodominicano.com\/index.php?rest_route=\/wp\/v2\/users\/3"}],"replies":[{"embeddable":true,"href":"https:\/\/diariodominicano.com\/index.php?rest_route=%2Fwp%2Fv2%2Fcomments&post=171208"}],"version-history":[{"count":0,"href":"https:\/\/diariodominicano.com\/index.php?rest_route=\/wp\/v2\/posts\/171208\/revisions"}],"wp:attachment":[{"href":"https:\/\/diariodominicano.com\/index.php?rest_route=%2Fwp%2Fv2%2Fmedia&parent=171208"}],"wp:term":[{"taxonomy":"category","embeddable":true,"href":"https:\/\/diariodominicano.com\/index.php?rest_route=%2Fwp%2Fv2%2Fcategories&post=171208"},{"taxonomy":"post_tag","embeddable":true,"href":"https:\/\/diariodominicano.com\/index.php?rest_route=%2Fwp%2Fv2%2Ftags&post=171208"}],"curies":[{"name":"wp","href":"https:\/\/api.w.org\/{rel}","templated":true}]}}