{"id":171206,"date":"2018-02-24T13:38:27","date_gmt":"2018-02-24T13:38:27","guid":{"rendered":"http:\/\/diariodominicano.ddns.net\/?p=171206"},"modified":"2018-02-24T13:38:27","modified_gmt":"2018-02-24T13:38:27","slug":"eligio-jaquez-y-goris-moya-anuncian-apoyo-a-chu-vasquez","status":"publish","type":"post","link":"https:\/\/diariodominicano.com\/?p=171206","title":{"rendered":"Eligio J\u00e1quez y Goris Moya anuncian apoyo a Chu V\u00e1squez"},"content":{"rendered":"<p><body><\/p>\n<p><img decoding=\"async\" src=\"img3\/chu000.jpg\" \/><br \/><img decoding=\"async\" src=\"img3\/eligio000.jpg\" \/>  <\/p>\n<p><strong><span class=\"text1noticias\">SANTO DOMINGO, DN, RD, 24 de febrero de 2018.-<\/span><\/strong><span class=\"text1noticias\"> El diputado de la circunscripci\u00f3n n\u00famero 3 del Distrito Nacional del PRM Goris Moya y el vicepresidente nacional Eligio Jaquez, anunciaron su apoyo  a Jes\u00fas Chu V\u00e1squez para la secretaria general.<\/span><\/p>\n<\/p>\n<p><span class=\"text1noticias\">Durante un pleno de dirigentes realizado en el Club Honduras del Distrito Nacional los dos  dirigentes coincidieron en  que Chu V\u00e1squez constituye la mejor opci\u00f3n para continuar al frente de la secretaria general del Partido Revolucionario Moderno.<\/span><\/p>\n<\/p>\n<p><span class=\"text1noticias\">\u00abConozco a Chu desde hace varios a\u00f1os, estamos ante un gran dirigente, formado, luchador y solidario. Es de los fundadores de este partido y se merece continuar al frente de la Secretaria General para lograr la meta que tiene el PRM, que es alcanzar el poder en las elecciones del 2020\u00abafirm\u00f3 Eligio Jaquez.<\/span><\/p>\n<\/p>\n<p><span class=\"text1noticias\">Asegur\u00f2 que  el PRM constituye una fuerza pol\u00edtica real con opci\u00f3n de poder, por lo que debe dar pasos seguros a la hora de escoger sus nuevas autoridades.<\/span><\/p>\n<\/p>\n<p><strong><span class=\"text1noticias\">Chu V\u00e1squez<\/span><\/strong><\/p>\n<\/p>\n<p><span class=\"text1noticias\"> Jes\u00fas V\u00e1squez indic\u00f2 que cada d\u00eda son m\u00e1s los perremeistas que se suman al proyecto convencido de que esa organizaci\u00f3n pol\u00edtica no puede dar marcha atr\u00e1s al proceso de transformaci\u00f3n iniciado.<\/span><\/p>\n<\/p>\n<p><span class=\"text1noticias\">\u00abEste partido que se ha construido para realizar los cambios que necesita la sociedad dominicana, est\u00e1 cerca de ganar las elecciones del 2020, pero tambi\u00e9n puede estar lejos, por lo que se hace necesario continuar con este proceso de avance, pero en manos seguras\u00bb, agreg\u00f3 V\u00e1squez Mart\u00ednez.<\/span><\/p>\n<\/p>\n<p><span class=\"text1noticias\">Dijo que \u00abde trabajo internas colocan al PRM como partido por encima del PLD, lo que evidencia la fortaleza de esa organizaci\u00f3n pol\u00edtica\u00bb.<\/span><\/p>\n<p><span class=\"text1noticias\"> <\/span><\/p>\n<p><span class=\"text1noticias\">\u00abA la fecha hemos construido el partido posible, pero no tenemos todav\u00eda el partido que necesitamos para ganarle al PLD, se hace necesario continuar con este proceso que hemos iniciado. Este partido debe abocarse a dos grandes pasos definir su l\u00ednea program\u00e1tica y formar nuestros dirigentes para que puedan dar la batalla en las urnas, pelear cada voto en todos los escenarios en el 2020\u00bb, agreg\u00f3.<\/span><\/p>\n<\/p>\n<p><span class=\"text1noticias\">Al encuentro tambi\u00e9n asistieron el director ejecutivo de campa\u00f1a de la circunscripci\u00f3n numero 1  Rafael Rojas, los candidatos a subsecretario general Manuel Conde Oki, y Miguel Campos, as\u00ed como Danilo S\u00e1nchez, Presidente de la Zona H, y el regidor Radhames  Sierra, entre otros.<\/span><\/p>\n<\/p>\n<h6> 2018-02-24 13:38:27 <\/h6>\n<p><!--\n<link rel=\"stylesheet\" href=\"css\/bootstrap.min.css\">\n\n\n<ul class=\"pagination\">\n\t    \n\t\n\n<li >\n\t<a href='?page_no=6534'>Previous<\/a>\n\t<\/li>\n\n\n       \n    \n\n<li><a href='?page_no=1'>1<\/a><\/li>\n\n\n\n<li><a href='?page_no=2'>2<\/a><\/li>\n\n\n\n<li><a>...<\/a><\/li>\n\n\n\n<li><a href='?page_no=6533'>6533<\/a><\/li>\n\n\n\n<li><a href='?page_no=6534'>6534<\/a><\/li>\n\n\n\n<li class='active'><a>6535<\/a><\/li>\n\n\n\n<li><a href='?page_no=6536'>6536<\/a><\/li>\n\n\n\n<li><a href='?page_no=6537'>6537<\/a><\/li>\n\n\n\n<li><a>...<\/a><\/li>\n\n\n\n<li><a href='?page_no=36999'>36999<\/a><\/li>\n\n\n\n<li><a href='?page_no=37000'>37000<\/a><\/li>\n\n    \n\t\n\n<li >\n\t<a href='?page_no=6536'>Next<\/a>\n\t<\/li>\n\n\n    \n\n<li><a href='?page_no=37000'>Last &rsaquo;&rsaquo;<\/a><\/li>\n\n<\/ul>\n\n\n--><br \/>\n<\/body><\/p>\n","protected":false},"excerpt":{"rendered":"<p>SANTO DOMINGO, DN, RD, 24 de febrero de 2018.- El diputado de la circunscripci\u00f3n n\u00famero 3 del Distrito Nacional del PRM Goris Moya y el vicepresidente nacional Eligio Jaquez, anunciaron su apoyo a Jes\u00fas Chu V\u00e1squez para la secretaria general. Durante un pleno de dirigentes realizado en el Club Honduras del Distrito Nacional los dos [&hellip;]<\/p>\n","protected":false},"author":3,"featured_media":0,"comment_status":"open","ping_status":"open","sticky":false,"template":"","format":"standard","meta":{"footnotes":""},"categories":[22],"tags":[],"class_list":["post-171206","post","type-post","status-publish","format-standard","hentry","category-politica"],"_links":{"self":[{"href":"https:\/\/diariodominicano.com\/index.php?rest_route=\/wp\/v2\/posts\/171206","targetHints":{"allow":["GET"]}}],"collection":[{"href":"https:\/\/diariodominicano.com\/index.php?rest_route=\/wp\/v2\/posts"}],"about":[{"href":"https:\/\/diariodominicano.com\/index.php?rest_route=\/wp\/v2\/types\/post"}],"author":[{"embeddable":true,"href":"https:\/\/diariodominicano.com\/index.php?rest_route=\/wp\/v2\/users\/3"}],"replies":[{"embeddable":true,"href":"https:\/\/diariodominicano.com\/index.php?rest_route=%2Fwp%2Fv2%2Fcomments&post=171206"}],"version-history":[{"count":0,"href":"https:\/\/diariodominicano.com\/index.php?rest_route=\/wp\/v2\/posts\/171206\/revisions"}],"wp:attachment":[{"href":"https:\/\/diariodominicano.com\/index.php?rest_route=%2Fwp%2Fv2%2Fmedia&parent=171206"}],"wp:term":[{"taxonomy":"category","embeddable":true,"href":"https:\/\/diariodominicano.com\/index.php?rest_route=%2Fwp%2Fv2%2Fcategories&post=171206"},{"taxonomy":"post_tag","embeddable":true,"href":"https:\/\/diariodominicano.com\/index.php?rest_route=%2Fwp%2Fv2%2Ftags&post=171206"}],"curies":[{"name":"wp","href":"https:\/\/api.w.org\/{rel}","templated":true}]}}