{"id":171203,"date":"2018-02-25T19:47:02","date_gmt":"2018-02-25T19:47:02","guid":{"rendered":"http:\/\/diariodominicano.ddns.net\/?p=171203"},"modified":"2018-02-25T19:47:02","modified_gmt":"2018-02-25T19:47:02","slug":"faride-raful-apoya-a-jose-paliza-para-la-presidencia-del-prm","status":"publish","type":"post","link":"https:\/\/diariodominicano.com\/?p=171203","title":{"rendered":"Faride Raful apoya a Jos\u00e9 Paliza para la presidencia del PRM"},"content":{"rendered":"<p><body><\/p>\n<p><img decoding=\"async\" src=\"img3\/faride00.jpg\" \/>  <\/p>\n<p><strong><span class=\"text1noticias\">DISTRITO NACIONAL, 25 de febrero de 2018.-<\/span><\/strong><span class=\"text1noticias\">  En una actividad celebrada el viernes en la Circunscripci\u00f3n 1 del Distrito Nacional, la diputada Faride Raful anunci\u00f3 su apoyo al aspirante a la presidencia por el Partido Revolucionario Moderno (PRM), Jos\u00e9 Ignacio Paliza.<\/span><\/p>\n<\/p>\n<p><span class=\"text1noticias\">Raful destacada legisladora del pa\u00eds por el extraordinario trabajo que viene desempe\u00f1ando desde la C\u00e1mara de Diputados, expres\u00f3 su apoyo a Jos\u00e9 Ignacio Paliza, agradeci\u00f3 su presencia en la actividad y le adelant\u00f3 que van a trabajar juntos para construir un mejor partido.<\/span><\/p>\n<\/p>\n<p><span class=\"text1noticias\">Por su parte Paliza agradeci\u00f3 el apoyo brindado por toda la dirigencia perremeista de la Circunscripci\u00f3n 1, en espacial de la diputada Faride Raful, agreg\u00f3 que juntos impulsar\u00e1n un PRM de presente y futuro.<\/span><\/p>\n<\/p>\n<p><span class=\"text1noticias\">Adem\u00e1s la actividad cont\u00f3 con la presencia de Luis Abinader, Roberto Fulcar, Nelson Arroyo, Omar M\u00e9ndez, Rolfis Rojas, entre otros connotados dirigentes que junto a Jos\u00e9 Paliza vienen desarrollando una agenda de contactos por todo el pa\u00eds.<\/span><\/p>\n<\/p>\n<p><span class=\"text1noticias\">La Convenci\u00f3n que realizar\u00e1 el Partido Recolucionario Moderno (PRM), est\u00e1 pautada para el pr\u00f3ximo 18 de marzo, actividad que tendr\u00e1 a m\u00e1s de 40 mil aspirantes a diferentes posiciones en la estructura dirigencial de esa organizaci\u00f3n pol\u00edtica.<\/span><\/p>\n<\/p>\n<\/p>\n<h6> 2018-02-25 19:47:02 <\/h6>\n<p><!--\n<link rel=\"stylesheet\" href=\"css\/bootstrap.min.css\">\n\n\n<ul class=\"pagination\">\n\t    \n\t\n\n<li >\n\t<a href='?page_no=6531'>Previous<\/a>\n\t<\/li>\n\n\n       \n    \n\n<li><a href='?page_no=1'>1<\/a><\/li>\n\n\n\n<li><a href='?page_no=2'>2<\/a><\/li>\n\n\n\n<li><a>...<\/a><\/li>\n\n\n\n<li><a href='?page_no=6530'>6530<\/a><\/li>\n\n\n\n<li><a href='?page_no=6531'>6531<\/a><\/li>\n\n\n\n<li class='active'><a>6532<\/a><\/li>\n\n\n\n<li><a href='?page_no=6533'>6533<\/a><\/li>\n\n\n\n<li><a href='?page_no=6534'>6534<\/a><\/li>\n\n\n\n<li><a>...<\/a><\/li>\n\n\n\n<li><a href='?page_no=36999'>36999<\/a><\/li>\n\n\n\n<li><a href='?page_no=37000'>37000<\/a><\/li>\n\n    \n\t\n\n<li >\n\t<a href='?page_no=6533'>Next<\/a>\n\t<\/li>\n\n\n    \n\n<li><a href='?page_no=37000'>Last &rsaquo;&rsaquo;<\/a><\/li>\n\n<\/ul>\n\n\n--><br \/>\n<\/body><\/p>\n","protected":false},"excerpt":{"rendered":"<p>DISTRITO NACIONAL, 25 de febrero de 2018.- En una actividad celebrada el viernes en la Circunscripci\u00f3n 1 del Distrito Nacional, la diputada Faride Raful anunci\u00f3 su apoyo al aspirante a la presidencia por el Partido Revolucionario Moderno (PRM), Jos\u00e9 Ignacio Paliza. Raful destacada legisladora del pa\u00eds por el extraordinario trabajo que viene desempe\u00f1ando desde la [&hellip;]<\/p>\n","protected":false},"author":3,"featured_media":0,"comment_status":"open","ping_status":"open","sticky":false,"template":"","format":"standard","meta":{"footnotes":""},"categories":[22],"tags":[],"class_list":["post-171203","post","type-post","status-publish","format-standard","hentry","category-politica"],"_links":{"self":[{"href":"https:\/\/diariodominicano.com\/index.php?rest_route=\/wp\/v2\/posts\/171203","targetHints":{"allow":["GET"]}}],"collection":[{"href":"https:\/\/diariodominicano.com\/index.php?rest_route=\/wp\/v2\/posts"}],"about":[{"href":"https:\/\/diariodominicano.com\/index.php?rest_route=\/wp\/v2\/types\/post"}],"author":[{"embeddable":true,"href":"https:\/\/diariodominicano.com\/index.php?rest_route=\/wp\/v2\/users\/3"}],"replies":[{"embeddable":true,"href":"https:\/\/diariodominicano.com\/index.php?rest_route=%2Fwp%2Fv2%2Fcomments&post=171203"}],"version-history":[{"count":0,"href":"https:\/\/diariodominicano.com\/index.php?rest_route=\/wp\/v2\/posts\/171203\/revisions"}],"wp:attachment":[{"href":"https:\/\/diariodominicano.com\/index.php?rest_route=%2Fwp%2Fv2%2Fmedia&parent=171203"}],"wp:term":[{"taxonomy":"category","embeddable":true,"href":"https:\/\/diariodominicano.com\/index.php?rest_route=%2Fwp%2Fv2%2Fcategories&post=171203"},{"taxonomy":"post_tag","embeddable":true,"href":"https:\/\/diariodominicano.com\/index.php?rest_route=%2Fwp%2Fv2%2Ftags&post=171203"}],"curies":[{"name":"wp","href":"https:\/\/api.w.org\/{rel}","templated":true}]}}