{"id":171202,"date":"2018-02-25T20:55:30","date_gmt":"2018-02-25T20:55:30","guid":{"rendered":"http:\/\/diariodominicano.ddns.net\/?p=171202"},"modified":"2018-02-25T20:55:30","modified_gmt":"2018-02-25T20:55:30","slug":"florida-alianza-pais-hara-acto-por-el-dia-de-la-independencia","status":"publish","type":"post","link":"https:\/\/diariodominicano.com\/?p=171202","title":{"rendered":"Florida- Alianza Pa\u00eds har\u00e1 acto por el d\u00eda de la Independencia  &#13;"},"content":{"rendered":"<p><body><\/p>\n<p><img decoding=\"async\" src=\"img3\/DSCN1878.JPG\" \/>  <\/p>\n<p><strong>Por Freddy P. Galarza <\/strong><\/p>\n<\/p>\n<p><strong>Miami, Florida.-<\/strong> La seccional de Alianza Pa\u00eds depositar\u00e1 una ofrenda floral en el parque Juan Pablo Duarte, al conmemorarse el 27 de febrero, el 147 aniversario de la fundaci\u00f3n de la Rep\u00fablica Dominicana .<\/p>\n<\/p>\n<p>Roberto S\u00e1nchez, secretario general de la organizaci\u00f3n pol\u00edtica inform\u00f3 que el acto se llevar\u00e1 a cabo a partir de las 2: PM . Al mismo tiempo, sostuvo que los gobiernos del PLD, no tienen nada que ver con Duarte y los Trinitarios porque sus dirigentes han traicionados sus ideales .    <\/p>\n<\/p>\n<p>se\u00f1al\u00f3 que los morados han convertido el pa\u00eds en una guarida de corrupci\u00f3n e impunidad por lo que se hace necesario reflexionar en este 147 aniversario de \u00bb nuestra fundaci\u00f3n\u00bb en la necesidad de luchar por los ideales de los Trinitarios. <\/p>\n<\/p>\n<p>Dijo que los dominicanos residentes en ese estado deben celebrar y participar en las fiestas patria con un esp\u00edritu de reflexi\u00f3n sobre la actual realidad que vive la Rep\u00fablica Dominicana .<\/p>\n<\/p>\n<p>S\u00e1nchez, manifest\u00f3 sin embargo, que se hace muy dif\u00edcil para muchos dominicanos disfrutar de las fiestas patrias cuando se piensa en el alto nivel de deterioro a todo los niveles que vive el pa\u00eds .<\/p>\n<\/p>\n<p>\u00bb Al cumplirse 174 a\u00f1os de fundada nuestra rep\u00fablica por Duarte y los Trinitarios, adoleces de grandes males sociales y econ\u00f3micos, que de ninguna manera eran ni representan las aspiraciones por los que los trinitarios sacrificaron sus vidas\u00bb, sostuvo el dirigente de Alpa\u00eds .<\/p>\n<\/p>\n<p>Indic\u00f3 que Duarte y los Trinitarios, lucharon y sacrificaron sus vidas por una sociedad de oportunidades para todos los Dominicanos y especialmente para la juventud de nuestro pa\u00eds.<\/p>\n<\/p>\n<p>freddy.galarza@yahoo.com<\/p>\n<h6> 2018-02-25 20:55:30 <\/h6>\n<p><!--\n<link rel=\"stylesheet\" href=\"css\/bootstrap.min.css\">\n\n\n<ul class=\"pagination\">\n\t    \n\t\n\n<li >\n\t<a href='?page_no=6530'>Previous<\/a>\n\t<\/li>\n\n\n       \n    \n\n<li><a href='?page_no=1'>1<\/a><\/li>\n\n\n\n<li><a href='?page_no=2'>2<\/a><\/li>\n\n\n\n<li><a>...<\/a><\/li>\n\n\n\n<li><a href='?page_no=6529'>6529<\/a><\/li>\n\n\n\n<li><a href='?page_no=6530'>6530<\/a><\/li>\n\n\n\n<li class='active'><a>6531<\/a><\/li>\n\n\n\n<li><a href='?page_no=6532'>6532<\/a><\/li>\n\n\n\n<li><a href='?page_no=6533'>6533<\/a><\/li>\n\n\n\n<li><a>...<\/a><\/li>\n\n\n\n<li><a href='?page_no=36999'>36999<\/a><\/li>\n\n\n\n<li><a href='?page_no=37000'>37000<\/a><\/li>\n\n    \n\t\n\n<li >\n\t<a href='?page_no=6532'>Next<\/a>\n\t<\/li>\n\n\n    \n\n<li><a href='?page_no=37000'>Last &rsaquo;&rsaquo;<\/a><\/li>\n\n<\/ul>\n\n\n--><br \/>\n<\/body><\/p>\n","protected":false},"excerpt":{"rendered":"<p>Por Freddy P. Galarza Miami, Florida.- La seccional de Alianza Pa\u00eds depositar\u00e1 una ofrenda floral en el parque Juan Pablo Duarte, al conmemorarse el 27 de febrero, el 147 aniversario de la fundaci\u00f3n de la Rep\u00fablica Dominicana . Roberto S\u00e1nchez, secretario general de la organizaci\u00f3n pol\u00edtica inform\u00f3 que el acto se llevar\u00e1 a cabo a [&hellip;]<\/p>\n","protected":false},"author":3,"featured_media":0,"comment_status":"open","ping_status":"open","sticky":false,"template":"","format":"standard","meta":{"footnotes":""},"categories":[22],"tags":[],"class_list":["post-171202","post","type-post","status-publish","format-standard","hentry","category-politica"],"_links":{"self":[{"href":"https:\/\/diariodominicano.com\/index.php?rest_route=\/wp\/v2\/posts\/171202","targetHints":{"allow":["GET"]}}],"collection":[{"href":"https:\/\/diariodominicano.com\/index.php?rest_route=\/wp\/v2\/posts"}],"about":[{"href":"https:\/\/diariodominicano.com\/index.php?rest_route=\/wp\/v2\/types\/post"}],"author":[{"embeddable":true,"href":"https:\/\/diariodominicano.com\/index.php?rest_route=\/wp\/v2\/users\/3"}],"replies":[{"embeddable":true,"href":"https:\/\/diariodominicano.com\/index.php?rest_route=%2Fwp%2Fv2%2Fcomments&post=171202"}],"version-history":[{"count":0,"href":"https:\/\/diariodominicano.com\/index.php?rest_route=\/wp\/v2\/posts\/171202\/revisions"}],"wp:attachment":[{"href":"https:\/\/diariodominicano.com\/index.php?rest_route=%2Fwp%2Fv2%2Fmedia&parent=171202"}],"wp:term":[{"taxonomy":"category","embeddable":true,"href":"https:\/\/diariodominicano.com\/index.php?rest_route=%2Fwp%2Fv2%2Fcategories&post=171202"},{"taxonomy":"post_tag","embeddable":true,"href":"https:\/\/diariodominicano.com\/index.php?rest_route=%2Fwp%2Fv2%2Ftags&post=171202"}],"curies":[{"name":"wp","href":"https:\/\/api.w.org\/{rel}","templated":true}]}}