{"id":171199,"date":"2018-02-26T12:13:06","date_gmt":"2018-02-26T12:13:06","guid":{"rendered":"http:\/\/diariodominicano.ddns.net\/?p=171199"},"modified":"2018-02-26T12:13:06","modified_gmt":"2018-02-26T12:13:06","slug":"fjt-somete-amparo-preventivo-en-defensa-de-la-no-explotacion-minera-en-san-juan-de-la-maguana","status":"publish","type":"post","link":"https:\/\/diariodominicano.com\/?p=171199","title":{"rendered":"FJT somete amparo preventivo en defensa de la NO explotaci\u00f3n minera en San Juan de la Maguana"},"content":{"rendered":"<p><body><\/p>\n<p><img decoding=\"async\" src=\"img3\/ftj11.jpg\" \/>  <\/p>\n<p>Presentan en calidad de interventores forzosos a la empresa GOLDQUEST, Senador y Diputados de San Juan, Iglesia, la Unidad Coordinadora de Proyectos de Desarrollo Agroforestal de la Presidencia y el BID<\/p>\n<\/p>\n<p><strong>SANTO DOMINGO, DN, RD, 26 de febrero de 2018.- La<\/strong> Fundaci\u00f3n Justicia y Transparencia (FJT), someti\u00f3 hoy por ante el Tribunal Superior Administrativo (TSA), una acci\u00f3n de amparo preventivo en contra del Ministerio de Energ\u00eda y Mina, del Ministerio de Medio Ambiente y Recursos Naturales y de la Direcci\u00f3n General de Miner\u00eda, en defensa de la no explotaci\u00f3n del proyecto minero Romero y Romero Sur, en la Provincia San Juan de la Maguana, por violaci\u00f3n a la Constituci\u00f3n de la Rep\u00fablica y de un Precedente Vinculante del Tribunal Constitucional.<\/p>\n<\/p>\n<p>El presidente de Justicia y Transparencia, Trajano Potentini, aseguro que el Tribunal Constitucional dominicano ya ha dilucidado casos similares como lo fue Loma Miranda por decisi\u00f3n, asumida mediante la Sentencia No. TC\/0167\/13, la cual vincula a todos los poderes del Estado por efecto del art\u00edculo 184 de la constituciones consecuencia impide que cualquier funcionario o poder p\u00fablico alguno, autorice o diga que autoriza lo que el Tribunal Constitucional ha prohibido, con un car\u00e1cter extensivo a los desprop\u00f3sitos que hoy se est\u00e1n planteando en San Juan de la Maguana.<\/p>\n<\/p>\n<p>El amparo preventivo para la defensa de la no explotaci\u00f3n del proyecto minero Romero y Romero Sur, se sustenta entre otras consideraciones, en los aprestos, amenazas e inminencia de una posible autorizaci\u00f3n de las autoridades mineras y medioambientales, puesto de manifiesto en declaraciones del Ministro de Energ\u00eda y Minas Antonio Isa Conde y del incumbente de la Direcci\u00f3n General de Miner\u00eda.<\/p>\n<\/p>\n<p>El amparo depositado tiene adem\u00e1s su fundamento en la apariencia de buen Derecho, la grave alarma social y el verdadero peligro en la demora para solucionar este problema.<\/p>\n<\/p>\n<p>Asimismo, la entidad de sociedad civil anuncio que estar\u00eda presentando en calidad de interventores forzosos a la empresa GOLDQUEST DOMINICANA S.R.L., a la Unidad Coordinadora de Proyectos de Desarrollo Agroforestal de la Presidencia, al Banco Interamericano de Desarrollo (BID), al Senador de la Provincia de San Juan de la Maguana, F\u00e9lix Ram\u00f3n Bautista Rosario, a los Diputados por la Provincia de San Juan: David Herrera D\u00edaz, Henry Modesto Mer\u00e1n Gil, Luc\u00eda Medina S\u00e1nchez, Nidio Encarnaci\u00f3n Santiago y Roberto P\u00e9rez Lebr\u00f3n; y a la Di\u00f3cesis de la Iglesia Cat\u00f3lica, San Juan de la Maguana, Obispo Jos\u00e9 Dolores Grull\u00f3n Estrella. Toda vez que los mismos, por las trascendentes funciones que desempe\u00f1an y su participaci\u00f3n y posiciones en la eventual explotaci\u00f3n minera de que se trata tienen responsabilidades pol\u00edticas, sociales y econ\u00f3micas de inter\u00e9s para el proceso.<\/p>\n<\/p>\n<p>Asimismo el Gobierno Dominicano, a trav\u00e9s de la Unidad Coordinadora de Proyectos Agroforestales de la Presidencia, ha venido trabajando en coordinaci\u00f3n con el Banco Interamericano de Desarrollo para establecer siete proyectos exclusivamente en la regi\u00f3n Sur, por un monto ascendente a los casi cinco mil millones de pesos, con el objetivo de impactar y potencializar positivamente m\u00e1s de 150 r\u00edos y arroyos, mediante el desarrollo sostenible de las cuencas hidrogr\u00e1ficas del sur, el cual beneficiar\u00e1 m\u00e1s de siete mil productores y generar\u00e1 unos doce mil empleos directos y unos cuatro mil indirectos. Que, para los fines de lugar, ya han sido aprobados unos ochocientos mil d\u00f3lares.<\/p>\n<\/p>\n<p>Para Potentini resultar\u00eda contraproducente, el llevar a cabo el proyecto de explotaci\u00f3n minera, en raz\u00f3n de las cuantiosas inversiones, que precisamente buscan sostenibilidad medio ambiental para la regi\u00f3n Sur, sobre todo pretender poner en marcha todo un sistema de la industria infernal de la explotaci\u00f3n minera, depredando el ya resentido medioambiente de la zona, resultando en consecuencia una paradoja el poner en riesgo los esfuerzos del Gobierno y de Organismos Internacionales como el BID, con los proyectos agroforestales referidos.<\/p>\n<\/p>\n<p>Finalmente, la FJT recuerda que desde el Estado Dominicano se viene trabajando en diversos proyectos, los cuales buscan propiciar un respiro econ\u00f3mico a la regi\u00f3n Sur, con los aprestos y diligencias para el establecimiento y aprovechamiento de un turismo ecol\u00f3gico en la zona, lo que sin lugar a dudas se ver\u00edan sensible y gravemente afectados, por la eventual puesta en ejecuci\u00f3n de los proyectos de explotaci\u00f3n minera Romero y Romero Sur, en la Provincia San Juan.<\/p>\n<\/p>\n<p>El deposito del amparo se efectu\u00f3 por ante la secretaria del Tribunal Superior Administrativo, encabezado por los abogados y principales directivos de la fundaci\u00f3n, entre ellos Heriberto Rivas Rivas, Manuel Galv\u00e1n, Smerly Rodr\u00edguez y Grace Estela Potentini.<\/p>\n<h6> 2018-02-26 12:13:06 <\/h6>\n<p><!--\n<link rel=\"stylesheet\" href=\"css\/bootstrap.min.css\">\n\n\n<ul class=\"pagination\">\n\t    \n\t\n\n<li >\n\t<a href='?page_no=6528'>Previous<\/a>\n\t<\/li>\n\n\n       \n    \n\n<li><a href='?page_no=1'>1<\/a><\/li>\n\n\n\n<li><a href='?page_no=2'>2<\/a><\/li>\n\n\n\n<li><a>...<\/a><\/li>\n\n\n\n<li><a href='?page_no=6527'>6527<\/a><\/li>\n\n\n\n<li><a href='?page_no=6528'>6528<\/a><\/li>\n\n\n\n<li class='active'><a>6529<\/a><\/li>\n\n\n\n<li><a href='?page_no=6530'>6530<\/a><\/li>\n\n\n\n<li><a href='?page_no=6531'>6531<\/a><\/li>\n\n\n\n<li><a>...<\/a><\/li>\n\n\n\n<li><a href='?page_no=36999'>36999<\/a><\/li>\n\n\n\n<li><a href='?page_no=37000'>37000<\/a><\/li>\n\n    \n\t\n\n<li >\n\t<a href='?page_no=6530'>Next<\/a>\n\t<\/li>\n\n\n    \n\n<li><a href='?page_no=37000'>Last &rsaquo;&rsaquo;<\/a><\/li>\n\n<\/ul>\n\n\n--><br \/>\n<\/body><\/p>\n","protected":false},"excerpt":{"rendered":"<p>Presentan en calidad de interventores forzosos a la empresa GOLDQUEST, Senador y Diputados de San Juan, Iglesia, la Unidad Coordinadora de Proyectos de Desarrollo Agroforestal de la Presidencia y el BID SANTO DOMINGO, DN, RD, 26 de febrero de 2018.- La Fundaci\u00f3n Justicia y Transparencia (FJT), someti\u00f3 hoy por ante el Tribunal Superior Administrativo (TSA), [&hellip;]<\/p>\n","protected":false},"author":3,"featured_media":0,"comment_status":"open","ping_status":"open","sticky":false,"template":"","format":"standard","meta":{"footnotes":""},"categories":[22],"tags":[],"class_list":["post-171199","post","type-post","status-publish","format-standard","hentry","category-politica"],"_links":{"self":[{"href":"https:\/\/diariodominicano.com\/index.php?rest_route=\/wp\/v2\/posts\/171199","targetHints":{"allow":["GET"]}}],"collection":[{"href":"https:\/\/diariodominicano.com\/index.php?rest_route=\/wp\/v2\/posts"}],"about":[{"href":"https:\/\/diariodominicano.com\/index.php?rest_route=\/wp\/v2\/types\/post"}],"author":[{"embeddable":true,"href":"https:\/\/diariodominicano.com\/index.php?rest_route=\/wp\/v2\/users\/3"}],"replies":[{"embeddable":true,"href":"https:\/\/diariodominicano.com\/index.php?rest_route=%2Fwp%2Fv2%2Fcomments&post=171199"}],"version-history":[{"count":0,"href":"https:\/\/diariodominicano.com\/index.php?rest_route=\/wp\/v2\/posts\/171199\/revisions"}],"wp:attachment":[{"href":"https:\/\/diariodominicano.com\/index.php?rest_route=%2Fwp%2Fv2%2Fmedia&parent=171199"}],"wp:term":[{"taxonomy":"category","embeddable":true,"href":"https:\/\/diariodominicano.com\/index.php?rest_route=%2Fwp%2Fv2%2Fcategories&post=171199"},{"taxonomy":"post_tag","embeddable":true,"href":"https:\/\/diariodominicano.com\/index.php?rest_route=%2Fwp%2Fv2%2Ftags&post=171199"}],"curies":[{"name":"wp","href":"https:\/\/api.w.org\/{rel}","templated":true}]}}