{"id":171198,"date":"2018-02-26T12:21:22","date_gmt":"2018-02-26T12:21:22","guid":{"rendered":"http:\/\/diariodominicano.ddns.net\/?p=171198"},"modified":"2018-02-26T12:21:22","modified_gmt":"2018-02-26T12:21:22","slug":"prd-inicia-en-santiago-proceso-de-adecuacion-y-reorganizacion","status":"publish","type":"post","link":"https:\/\/diariodominicano.com\/?p=171198","title":{"rendered":"PRD inicia en Santiago proceso de adecuaci\u00f3n y reorganizaci\u00f3n"},"content":{"rendered":"<p><body><\/p>\n<p><img decoding=\"async\" src=\"img3\/prd11.jpg\" \/>  <\/p>\n<p>Tulio S\u00e1nchez<\/p>\n<\/p>\n<p>Con la finalidad de orientar y adecuar a la dirigencia local del  Partido Revolucionario  Dominicano (PRD), altos dirigentes nacionales del partido blanco realizaron recientemente un primer encuentro  en la ciudad de Santiago de Los Caballeros.<\/p>\n<\/p>\n<p>La informaci\u00f3n fue suministrada a este medio por Junior Santos, Presidente de la Comisi\u00f3n Nacional Conjunta del PRD, quien dijo que la iniciativa es el punto de inicio de otros encuentros similares en otras regiones del pa\u00eds, en los que se contactar\u00e1 a la dirigencia locales para estos fines.<\/p>\n<\/p>\n<p>Precis\u00f3 que el objetivo principal de este encuentro con los cuadros dirigentes del PRD en el municipio de Santiago es coadyuvar a planificar y desarrollar, en conjunto la adecuaci\u00f3n electoral y organizativa de la organizaci\u00f3n.<\/p>\n<\/p>\n<p>Santos sostuvo que se inicia un plan de capacitaci\u00f3n, programas permanentes relacionados con la adecuaci\u00f3n del PRD a los recintos electorales, \u00abnos preparamos sin prisa, pero sin pausa al relanzamiento pol\u00edtico organizativo de nuestro partido\u00bb, indicaron.<\/p>\n<\/p>\n<p>La actividad de los dirigentes municipales, provinciales, regionales, distritos municipales ofrece el inicio del asesoramiento en la elaboraci\u00f3n del cronograma organizativo electoral del PRD.<\/p>\n<\/p>\n<p>\u00abNuestro partido est\u00e1 concentrado en su reorganizaci\u00f3n, en su fortalecimiento, en su crecimiento\u00bb, refiri\u00f3 el presidente del Comit\u00e9 Municipal, Geovanny Tejada.<\/p>\n<\/p>\n<p>Se\u00f1al\u00f3  que para las elecciones del 2020 contar\u00e1n con un partido fuerte y preparado en cada recinto electoral \u00abpara asegurar que los perredeistas y la gente vaya a votar y a defender cada voto que favorezca a nuestros candidatos\u00bb.<\/p>\n<\/p>\n<p>Entre tanto que el Secretario de Organizaci\u00f3n del PRD, Fiquito V\u00e1zquez presidir\u00e1 la reuni\u00f3n de este domingo junto con el enlace nacional Juan Santiago, el presidente municipal y provincial, Geovanny Tejada y Nelson Cerda, conjuntamente con la direcci\u00f3n provincial y municipal, secretario general y secretarios de organizaci\u00f3n de cada municipios y distrito municipales de Santiago, tambi\u00e9n est\u00e1n invitados los presientes regionales, los frentes de masas, los regidores, los diputados y presidentes zonales.<\/p>\n<\/p>\n<p>La reuni\u00f3n se realiz\u00f3 en  la Asociaci\u00f3n de Choferes de la Ave. Padre Las Casas, Santiago y anunciaron otro pr\u00f3ximo encuentro para este domingo 25 de febrero a partir de las diez de la ma\u00f1ana en el mismo lugar.<\/p>\n<h6> 2018-02-26 12:21:22 <\/h6>\n<p><!--\n<link rel=\"stylesheet\" href=\"css\/bootstrap.min.css\">\n\n\n<ul class=\"pagination\">\n\t    \n\t\n\n<li >\n\t<a href='?page_no=6527'>Previous<\/a>\n\t<\/li>\n\n\n       \n    \n\n<li><a href='?page_no=1'>1<\/a><\/li>\n\n\n\n<li><a href='?page_no=2'>2<\/a><\/li>\n\n\n\n<li><a>...<\/a><\/li>\n\n\n\n<li><a href='?page_no=6526'>6526<\/a><\/li>\n\n\n\n<li><a href='?page_no=6527'>6527<\/a><\/li>\n\n\n\n<li class='active'><a>6528<\/a><\/li>\n\n\n\n<li><a href='?page_no=6529'>6529<\/a><\/li>\n\n\n\n<li><a href='?page_no=6530'>6530<\/a><\/li>\n\n\n\n<li><a>...<\/a><\/li>\n\n\n\n<li><a href='?page_no=36999'>36999<\/a><\/li>\n\n\n\n<li><a href='?page_no=37000'>37000<\/a><\/li>\n\n    \n\t\n\n<li >\n\t<a href='?page_no=6529'>Next<\/a>\n\t<\/li>\n\n\n    \n\n<li><a href='?page_no=37000'>Last &rsaquo;&rsaquo;<\/a><\/li>\n\n<\/ul>\n\n\n--><br \/>\n<\/body><\/p>\n","protected":false},"excerpt":{"rendered":"<p>Tulio S\u00e1nchez Con la finalidad de orientar y adecuar a la dirigencia local del Partido Revolucionario Dominicano (PRD), altos dirigentes nacionales del partido blanco realizaron recientemente un primer encuentro en la ciudad de Santiago de Los Caballeros. La informaci\u00f3n fue suministrada a este medio por Junior Santos, Presidente de la Comisi\u00f3n Nacional Conjunta del PRD, [&hellip;]<\/p>\n","protected":false},"author":3,"featured_media":0,"comment_status":"open","ping_status":"open","sticky":false,"template":"","format":"standard","meta":{"footnotes":""},"categories":[22],"tags":[],"class_list":["post-171198","post","type-post","status-publish","format-standard","hentry","category-politica"],"_links":{"self":[{"href":"https:\/\/diariodominicano.com\/index.php?rest_route=\/wp\/v2\/posts\/171198","targetHints":{"allow":["GET"]}}],"collection":[{"href":"https:\/\/diariodominicano.com\/index.php?rest_route=\/wp\/v2\/posts"}],"about":[{"href":"https:\/\/diariodominicano.com\/index.php?rest_route=\/wp\/v2\/types\/post"}],"author":[{"embeddable":true,"href":"https:\/\/diariodominicano.com\/index.php?rest_route=\/wp\/v2\/users\/3"}],"replies":[{"embeddable":true,"href":"https:\/\/diariodominicano.com\/index.php?rest_route=%2Fwp%2Fv2%2Fcomments&post=171198"}],"version-history":[{"count":0,"href":"https:\/\/diariodominicano.com\/index.php?rest_route=\/wp\/v2\/posts\/171198\/revisions"}],"wp:attachment":[{"href":"https:\/\/diariodominicano.com\/index.php?rest_route=%2Fwp%2Fv2%2Fmedia&parent=171198"}],"wp:term":[{"taxonomy":"category","embeddable":true,"href":"https:\/\/diariodominicano.com\/index.php?rest_route=%2Fwp%2Fv2%2Fcategories&post=171198"},{"taxonomy":"post_tag","embeddable":true,"href":"https:\/\/diariodominicano.com\/index.php?rest_route=%2Fwp%2Fv2%2Ftags&post=171198"}],"curies":[{"name":"wp","href":"https:\/\/api.w.org\/{rel}","templated":true}]}}